{"id":193443,"date":"2026-01-22T08:34:10","date_gmt":"2026-01-22T11:34:10","guid":{"rendered":"https:\/\/cdnoticias.com\/?p=193443"},"modified":"2026-01-22T11:14:39","modified_gmt":"2026-01-22T14:14:39","slug":"la-autopsia-confirmo-que-nadia-montanez-murio-por-un-paro-cardiaco-no-traumatico","status":"publish","type":"post","link":"https:\/\/cdnoticias.com\/index.php\/2026\/01\/22\/la-autopsia-confirmo-que-nadia-montanez-murio-por-un-paro-cardiaco-no-traumatico\/","title":{"rendered":"La autopsia confirm\u00f3 que Nadia Monta\u00f1ez muri\u00f3 por un paro card\u00edaco no traum\u00e1tico"},"content":{"rendered":"\n<p>El informe oficial de la Sub DDI Bol\u00edvar descart\u00f3 signos de violencia y dej\u00f3 el diagn\u00f3stico sujeto a pericias de laboratorio. Las muestras ser\u00e1n analizadas en sede pericial.<\/p>\n\n\n\n<hr class=\"wp-block-separator has-alpha-channel-opacity\"\/>\n\n\n\n<p>La Sub DDI Bol\u00edvar inform\u00f3 oficialmente los <strong>resultados de la autopsia practicada sobre el cuerpo de Nadia Elizabet Monta\u00f1ez, de 39 a\u00f1os, <\/strong>en la que se determin\u00f3 que la causa de muerte fue un <strong>paro card\u00edaco no traum\u00e1tico<\/strong>, diagn\u00f3stico establecido ad refer\u00e9ndum de los an\u00e1lisis de laboratorio.<\/p>\n\n\n\n<p><\/p>\n\n\n\n<p>El procedimiento se realiz\u00f3 en la Morgue del Hospital local, a partir de las 20 horas, y estuvo a cargo del Dr. Ezequiel Terrera, integrante del Cuerpo M\u00e9dico Policial. Seg\u00fan el parte de prensa, la intervenci\u00f3n incluy\u00f3 un examen f\u00edsico completo y estudios de imagen mediante tomograf\u00eda, <strong>sin que se detectaran indicios compatibles con una muerte violenta.<\/strong><\/p>\n\n\n\n<p><\/p>\n\n\n\n<p>El informe oficial ratific\u00f3 lo que hab\u00eda sido adelantado previamente por el medio <em><strong>La Ma\u00f1ana<\/strong><\/em>, en relaci\u00f3n con la<strong> inexistencia de signos de violencia en el cuerpo de la mujer. <\/strong>Asimismo, se indic\u00f3 que el estado del cuerpo era coincidente con el tiempo en que Monta\u00f1ez permaneci\u00f3 desaparecida.<\/p>\n\n\n\n<p><\/p>\n\n\n\n<p>Por directivas de la Fiscal\u00eda interviniente, una comisi\u00f3n policial trasladar\u00e1 este jueves las muestras obtenidas durante la autopsia a sede pericial, donde se realizar\u00e1n los <strong>estudios de laboratorio que permitir\u00e1n confirmar o eventualmente complementar el diagn\u00f3stico preliminar.<\/strong><\/p>\n\n\n\n<p><\/p>\n\n\n\n<p>Finalmente, desde la Sub DDI Bol\u00edvar se precis\u00f3 que los familiares de Nadia Monta\u00f1ez fueron informados previamente de los resultados en sede policial, en un encuentro encabezado por autoridades de esa dependencia y de la Estaci\u00f3n de Polic\u00eda de Seguridad Departamental Bol\u00edvar.<\/p>\n\n\n\n<p><\/p>\n\n\n\n<figure class=\"wp-block-embed is-type-wp-embed is-provider-central-de-noticias-olavarr-a wp-block-embed-central-de-noticias-olavarr-a\"><div class=\"wp-block-embed__wrapper\">\n<blockquote class=\"wp-embedded-content\" data-secret=\"cKEwodbwb9\"><a href=\"https:\/\/cdnoticias.com\/index.php\/2026\/01\/21\/bolivar-hallaron-sin-vida-a-nadia-montanez-a-la-vera-de-la-ruta-226\/\">Bol\u00edvar: Hallaron sin vida a Nadia Monta\u00f1ez a la vera de la Ruta 226<\/a><\/blockquote><iframe loading=\"lazy\" class=\"wp-embedded-content\" sandbox=\"allow-scripts\" security=\"restricted\" style=\"position: absolute; visibility: hidden;\" title=\"&#8220;Bol\u00edvar: Hallaron sin vida a Nadia Monta\u00f1ez a la vera de la Ruta 226&#8221; &#8212; Central de Noticias | Olavarr\u00eda\" src=\"https:\/\/cdnoticias.com\/index.php\/2026\/01\/21\/bolivar-hallaron-sin-vida-a-nadia-montanez-a-la-vera-de-la-ruta-226\/embed\/#?secret=uBbC203Sz0#?secret=cKEwodbwb9\" data-secret=\"cKEwodbwb9\" width=\"600\" height=\"338\" frameborder=\"0\" marginwidth=\"0\" marginheight=\"0\" scrolling=\"no\"><\/iframe>\n<\/div><\/figure>\n\n\n\n<p><\/p>\n\n\n\n<p><strong><em>Fuente: La Ma\u00f1ana de Bol\u00edvar.<\/em><\/strong><\/p>\n","protected":false},"excerpt":{"rendered":"<p>El informe oficial de la Sub DDI Bol\u00edvar descart\u00f3 signos de violencia y dej\u00f3 el diagn\u00f3stico sujeto a pericias de<\/p>\n","protected":false},"author":5,"featured_media":193444,"comment_status":"closed","ping_status":"closed","sticky":false,"template":"","format":"standard","meta":{"_jetpack_memberships_contains_paid_content":false,"footnotes":""},"categories":[14,1],"tags":[],"class_list":["post-193443","post","type-post","status-publish","format-standard","has-post-thumbnail","hentry","category-policiales","category-portada"],"jetpack_featured_media_url":"https:\/\/i0.wp.com\/cdnoticias.com\/wp-content\/uploads\/2026\/01\/nadia-montanez-hallazgo-bolivar.png?fit=800%2C445&ssl=1","jetpack_sharing_enabled":true,"_links":{"self":[{"href":"https:\/\/cdnoticias.com\/index.php\/wp-json\/wp\/v2\/posts\/193443","targetHints":{"allow":["GET"]}}],"collection":[{"href":"https:\/\/cdnoticias.com\/index.php\/wp-json\/wp\/v2\/posts"}],"about":[{"href":"https:\/\/cdnoticias.com\/index.php\/wp-json\/wp\/v2\/types\/post"}],"author":[{"embeddable":true,"href":"https:\/\/cdnoticias.com\/index.php\/wp-json\/wp\/v2\/users\/5"}],"replies":[{"embeddable":true,"href":"https:\/\/cdnoticias.com\/index.php\/wp-json\/wp\/v2\/comments?post=193443"}],"version-history":[{"count":0,"href":"https:\/\/cdnoticias.com\/index.php\/wp-json\/wp\/v2\/posts\/193443\/revisions"}],"wp:featuredmedia":[{"embeddable":true,"href":"https:\/\/cdnoticias.com\/index.php\/wp-json\/wp\/v2\/media\/193444"}],"wp:attachment":[{"href":"https:\/\/cdnoticias.com\/index.php\/wp-json\/wp\/v2\/media?parent=193443"}],"wp:term":[{"taxonomy":"category","embeddable":true,"href":"https:\/\/cdnoticias.com\/index.php\/wp-json\/wp\/v2\/categories?post=193443"},{"taxonomy":"post_tag","embeddable":true,"href":"https:\/\/cdnoticias.com\/index.php\/wp-json\/wp\/v2\/tags?post=193443"}],"curies":[{"name":"wp","href":"https:\/\/api.w.org\/{rel}","templated":true}]}}