{"id":193425,"date":"2026-01-21T20:05:34","date_gmt":"2026-01-21T23:05:34","guid":{"rendered":"https:\/\/cdnoticias.com\/?p=193425"},"modified":"2026-01-22T08:46:32","modified_gmt":"2026-01-22T11:46:32","slug":"cierre-de-empresas-la-provincia-de-buenos-aires-concentra-tres-de-cada-diez-bajas","status":"publish","type":"post","link":"https:\/\/cdnoticias.com\/index.php\/2026\/01\/21\/cierre-de-empresas-la-provincia-de-buenos-aires-concentra-tres-de-cada-diez-bajas\/","title":{"rendered":"Cierre de empresas: la provincia de Buenos Aires concentra tres de cada diez bajas"},"content":{"rendered":"\n<p>Desde la asunci\u00f3n de Javier Milei, el pa\u00eds acumula doce meses consecutivos de cierre neto de unidades productivas, con fuerte impacto en el territorio bonaerense.<\/p>\n\n\n\n<hr class=\"wp-block-separator aligncenter has-alpha-channel-opacity\"\/>\n\n\n\n<p>Desde diciembre de 2023, cuando Javier Milei asumi\u00f3 la presidencia, <strong>miles de empresas cerraron sus puertas en todo el pa\u00eds, con la consecuente p\u00e9rdida de puestos de trabajo. El proceso deriv\u00f3 en doce meses consecutivos de ca\u00edda neta de unidades productivas, y la provincia de Buenos Aires aparece como el distrito m\u00e1s afectado.<\/strong><\/p>\n\n\n\n<p><\/p>\n\n\n\n<p>Seg\u00fan detall\u00f3 el ministro de Econom\u00eda bonaerense, Pablo L\u00f3pez, <strong>tres de cada diez empresas que cerraron en la Argentina estaban radicadas en territorio provincial. <\/strong>La proporci\u00f3n refleja el peso de Buenos Aires en la estructura productiva nacional, pero tambi\u00e9n la magnitud del impacto local de la recesi\u00f3n.<\/p>\n\n\n\n<p><\/p>\n\n\n\n<blockquote class=\"wp-block-quote is-layout-flow wp-block-quote-is-layout-flow\">\n<p>\u201cEstamos frente a un modelo econ\u00f3mico que debilita la producci\u00f3n nacional y a los sectores que impulsan el mercado interno. El cierre de empresas y la destrucci\u00f3n persistente de empleo son una constante desde la asunci\u00f3n del Gobierno nacional\u201d, expres\u00f3 L\u00f3pez a trav\u00e9s de la red social X.<\/p>\n<\/blockquote>\n\n\n\n<p><\/p>\n\n\n\n<p>De acuerdo con cifras de la Superintendencia de Riesgos del Trabajo, citadas por la Agencia DIB, entre noviembre de 2023 \u2014\u00faltimo mes de la gesti\u00f3n de Alberto Fern\u00e1ndez\u2014 y octubre pasado <strong>se registr\u00f3 una ca\u00edda neta de 21.046 empleadores o \u201cunidades productivas\u201d que emplean a uno o m\u00e1s trabajadores. El promedio equivale a unas 915 empresas menos por mes, o cerca de 30 cierres diarios en todo el pa\u00eds.<\/strong><\/p>\n","protected":false},"excerpt":{"rendered":"<p>Desde la asunci\u00f3n de Javier Milei, el pa\u00eds acumula doce meses consecutivos de cierre neto de unidades productivas, con fuerte<\/p>\n","protected":false},"author":2,"featured_media":39434,"comment_status":"closed","ping_status":"closed","sticky":false,"template":"","format":"standard","meta":{"_jetpack_memberships_contains_paid_content":false,"footnotes":""},"categories":[6,1],"tags":[],"class_list":["post-193425","post","type-post","status-publish","format-standard","has-post-thumbnail","hentry","category-nacionales","category-portada"],"jetpack_featured_media_url":"https:\/\/i0.wp.com\/cdnoticias.com\/wp-content\/uploads\/2021\/11\/fabrica-de-muebles-madera.jpg?fit=945%2C630&ssl=1","jetpack_sharing_enabled":true,"_links":{"self":[{"href":"https:\/\/cdnoticias.com\/index.php\/wp-json\/wp\/v2\/posts\/193425","targetHints":{"allow":["GET"]}}],"collection":[{"href":"https:\/\/cdnoticias.com\/index.php\/wp-json\/wp\/v2\/posts"}],"about":[{"href":"https:\/\/cdnoticias.com\/index.php\/wp-json\/wp\/v2\/types\/post"}],"author":[{"embeddable":true,"href":"https:\/\/cdnoticias.com\/index.php\/wp-json\/wp\/v2\/users\/2"}],"replies":[{"embeddable":true,"href":"https:\/\/cdnoticias.com\/index.php\/wp-json\/wp\/v2\/comments?post=193425"}],"version-history":[{"count":0,"href":"https:\/\/cdnoticias.com\/index.php\/wp-json\/wp\/v2\/posts\/193425\/revisions"}],"wp:featuredmedia":[{"embeddable":true,"href":"https:\/\/cdnoticias.com\/index.php\/wp-json\/wp\/v2\/media\/39434"}],"wp:attachment":[{"href":"https:\/\/cdnoticias.com\/index.php\/wp-json\/wp\/v2\/media?parent=193425"}],"wp:term":[{"taxonomy":"category","embeddable":true,"href":"https:\/\/cdnoticias.com\/index.php\/wp-json\/wp\/v2\/categories?post=193425"},{"taxonomy":"post_tag","embeddable":true,"href":"https:\/\/cdnoticias.com\/index.php\/wp-json\/wp\/v2\/tags?post=193425"}],"curies":[{"name":"wp","href":"https:\/\/api.w.org\/{rel}","templated":true}]}}