{"id":19341,"date":"2021-04-20T09:07:07","date_gmt":"2021-04-20T12:07:07","guid":{"rendered":"http:\/\/www.centraldenoticias.com.ar\/?p=19341"},"modified":"2021-04-20T10:39:14","modified_gmt":"2021-04-20T13:39:14","slug":"galli-acuso-de-irresponsable-a-los-cuestionamientos-sobre-la-atencion-hospitalaria","status":"publish","type":"post","link":"https:\/\/cdnoticias.com\/index.php\/2021\/04\/20\/galli-acuso-de-irresponsable-a-los-cuestionamientos-sobre-la-atencion-hospitalaria\/","title":{"rendered":"Galli acus\u00f3 de \u201cirresponsable\u201d a los cuestionamientos sobre la atenci\u00f3n hospitalaria"},"content":{"rendered":"<p>Sostuvo que \u201cno es real\u201d que se seleccionen pacientes para dejar de atender. \u201cFue muy doloroso para todo el equipo de salud\u201d agreg\u00f3.<!--more--><\/p>\n<hr \/>\n<p><strong>En una entrevista radial, Ezequiel Galli sostuvo que \u201cno es real\u201d la definici\u00f3n que dio la m\u00e9dica Alejandra Capriata acerca de las deficiencias de atenci\u00f3n del Hospital Municipal para los pacientes Covid<\/strong>.<\/p>\n<p>&nbsp;<\/p>\n<p>\u201cMe parece de muy mal gusto y realmente estamos todos muy desconcertados. Porque es mencionar algo que todos queremos que no pase y <strong>estamos trabajando para que no suceda<\/strong>\u201d sostuvo el intendente en Radio La Red este martes.<\/p>\n<p>&nbsp;<\/p>\n<p><strong>\u201cFue muy doloroso para todo el equipo de salud\u201d<\/strong> agreg\u00f3 al tiempo que retom\u00f3 las expresiones de la <a href=\"https:\/\/cdnoticias.com\/index.php\/2021\/04\/19\/german-caputo-nunca-se-dejara-morir-a-nadie-sin-atencion-medica\/\" target=\"_blank\" rel=\"noopener\">conferencia realizada en la noche del lunes<\/a> con las autoridades sanitarias locales, sobre la que dijo \u201cla conferencia fue planteada por ellos porque quer\u00edan decir la verdad\u201d.<\/p>\n<p>&nbsp;<\/p>\n<p><img data-recalc-dims=\"1\" loading=\"lazy\" decoding=\"async\" class=\"aligncenter wp-image-19336\" src=\"https:\/\/i0.wp.com\/cdnoticias.com\/wp-content\/uploads\/2021\/04\/conferencia-caputo-800x445-A.jpg?resize=600%2C334&#038;ssl=1\" alt=\"\" width=\"600\" height=\"334\" srcset=\"https:\/\/i0.wp.com\/cdnoticias.com\/wp-content\/uploads\/2021\/04\/conferencia-caputo-800x445-A.jpg?resize=300%2C167&amp;ssl=1 300w, https:\/\/i0.wp.com\/cdnoticias.com\/wp-content\/uploads\/2021\/04\/conferencia-caputo-800x445-A.jpg?resize=768%2C427&amp;ssl=1 768w, https:\/\/i0.wp.com\/cdnoticias.com\/wp-content\/uploads\/2021\/04\/conferencia-caputo-800x445-A.jpg?w=800&amp;ssl=1 800w\" sizes=\"auto, (max-width: 600px) 100vw, 600px\" \/><\/p>\n<p>&nbsp;<\/p>\n<p>Galli se\u00f1al\u00f3 que \u201c<strong>en Olavarr\u00eda seguimos igual que la semana pasada<\/strong>, con un Hospital complejo y un 40% de positividad\u201d en referencia al panorama sanitario.<\/p>\n<p>&nbsp;<\/p>\n<p>Ante la consulta por las expresiones de la m\u00e9dica Capriata, quien habl\u00f3 en un medio local y en medios nacionales, respondi\u00f3 que<strong> \u201cno es real lo que dijo la doctora. No se est\u00e1 haciendo selecci\u00f3n de pacientes\u201d<\/strong>.<\/p>\n<p>&nbsp;<\/p>\n<blockquote><p>Tal como hab\u00eda dicho Caputo, a\u00f1adi\u00f3 \u201cel Hospital est\u00e1 saturado pero no colapsado. Se est\u00e1 trabajando para lograr que cada persona que ingresa tenga su cama. No se atendi\u00f3 nunca a un paciente en un pasillo, o elegir entre un paciente y otro\u201d.<\/p><\/blockquote>\n<p>&nbsp;<\/p>\n<p><strong>\u201cEs de una irresponsabilidad tremenda\u201d<\/strong> remat\u00f3 acerca de las expresiones que cuestionaron la atenci\u00f3n hospitalaria para considerar que \u201cgenera p\u00e1nico en la poblaci\u00f3n\u201d.<\/p>\n","protected":false},"excerpt":{"rendered":"<p>Sostuvo que \u201cno es real\u201d que se seleccionen pacientes para dejar de atender. \u201cFue muy doloroso para todo el equipo<\/p>\n","protected":false},"author":4,"featured_media":18198,"comment_status":"closed","ping_status":"closed","sticky":false,"template":"","format":"standard","meta":{"_jetpack_memberships_contains_paid_content":false,"footnotes":""},"categories":[4,1],"tags":[],"class_list":["post-19341","post","type-post","status-publish","format-standard","has-post-thumbnail","hentry","category-politica","category-portada"],"jetpack_featured_media_url":"https:\/\/i0.wp.com\/cdnoticias.com\/wp-content\/uploads\/2021\/04\/DIB-Ezequiel-Galli-628x420.jpg?fit=628%2C420&ssl=1","jetpack_sharing_enabled":true,"_links":{"self":[{"href":"https:\/\/cdnoticias.com\/index.php\/wp-json\/wp\/v2\/posts\/19341","targetHints":{"allow":["GET"]}}],"collection":[{"href":"https:\/\/cdnoticias.com\/index.php\/wp-json\/wp\/v2\/posts"}],"about":[{"href":"https:\/\/cdnoticias.com\/index.php\/wp-json\/wp\/v2\/types\/post"}],"author":[{"embeddable":true,"href":"https:\/\/cdnoticias.com\/index.php\/wp-json\/wp\/v2\/users\/4"}],"replies":[{"embeddable":true,"href":"https:\/\/cdnoticias.com\/index.php\/wp-json\/wp\/v2\/comments?post=19341"}],"version-history":[{"count":0,"href":"https:\/\/cdnoticias.com\/index.php\/wp-json\/wp\/v2\/posts\/19341\/revisions"}],"wp:featuredmedia":[{"embeddable":true,"href":"https:\/\/cdnoticias.com\/index.php\/wp-json\/wp\/v2\/media\/18198"}],"wp:attachment":[{"href":"https:\/\/cdnoticias.com\/index.php\/wp-json\/wp\/v2\/media?parent=19341"}],"wp:term":[{"taxonomy":"category","embeddable":true,"href":"https:\/\/cdnoticias.com\/index.php\/wp-json\/wp\/v2\/categories?post=19341"},{"taxonomy":"post_tag","embeddable":true,"href":"https:\/\/cdnoticias.com\/index.php\/wp-json\/wp\/v2\/tags?post=19341"}],"curies":[{"name":"wp","href":"https:\/\/api.w.org\/{rel}","templated":true}]}}