{"id":193192,"date":"2026-01-18T18:01:18","date_gmt":"2026-01-18T21:01:18","guid":{"rendered":"https:\/\/cdnoticias.com\/?p=193192"},"modified":"2026-01-18T20:08:53","modified_gmt":"2026-01-18T23:08:53","slug":"temporada-2026-el-turismo-nacional-con-decisiones-mas-meditadas-y-selectivas","status":"publish","type":"post","link":"https:\/\/cdnoticias.com\/index.php\/2026\/01\/18\/temporada-2026-el-turismo-nacional-con-decisiones-mas-meditadas-y-selectivas\/","title":{"rendered":"Temporada 2026: el turismo nacional con decisiones m\u00e1s meditadas y selectivas"},"content":{"rendered":"\n<p>El verano muestra picos de ocupaci\u00f3n impulsados por eventos y naturaleza, con turistas que definen tarde, estad\u00edas m\u00e1s cortas y un gasto prudente.<\/p>\n\n\n\n<hr class=\"wp-block-separator has-alpha-channel-opacity\"\/>\n\n\n\n<p>La temporada de verano 2026 presenta un<strong> arranque heterog\u00e9neo en el turismo nacional,<\/strong> con destinos que logran altos niveles de ocupaci\u00f3n cuando combinan naturaleza, eventos y agendas culturales, y otros que muestran comportamientos m\u00e1s moderados pero con se\u00f1ales de recuperaci\u00f3n.<\/p>\n\n\n\n<p><\/p>\n\n\n\n<p>Seg\u00fan un informe de CAME, el rasgo com\u00fan es <strong>un turista m\u00e1s prudente y selectivo, que decide viajar sobre la fecha, prioriza experiencias concretas y ajusta la duraci\u00f3n de su estad\u00eda.<\/strong><\/p>\n\n\n\n<p><\/p>\n\n\n\n<p>El fen\u00f3meno se observa en todo el pa\u00eds, con <strong>comportamientos diferenciados seg\u00fan el tipo de destino:<\/strong><\/p>\n\n\n\n<p><\/p>\n\n\n\n<p><strong>Altos niveles de ocupaci\u00f3n <\/strong>en plazas de naturaleza y eventos consolidados como <strong>Puerto Iguaz\u00fa, Ushuaia, Bariloche, Mendoza capital, C\u00f3rdoba (Carlos Paz y Calamuchita), Entre R\u00edos (Col\u00f3n y Gualeguaych\u00fa) y destinos de la Patagonia y el Litoral.<\/strong><\/p>\n\n\n\n<p><\/p>\n\n\n\n<p><strong>Niveles medios y sostenidos <\/strong>en destinos de <strong>escapadas regionales como Chascom\u00fas, Mar del Plata, distintos puntos de R\u00edo Negro, el Norte argentino y la Quebrada de Humahuaca.<\/strong><\/p>\n\n\n\n<p><\/p>\n\n\n\n<p><strong>Arranques m\u00e1s bajos pero con recuperaci\u00f3n<\/strong> en ciudades como<strong> Puerto Madryn, Posadas, Corrientes, Tucum\u00e1n, Santiago del Estero, Catamarca y La Plata, <\/strong>con mejoras asociadas a fines de semana y eventos puntuales.<\/p>\n\n\n\n<p><\/p>\n\n\n\n<p>La din\u00e1mica dominante es la de <strong>picos de ocupaci\u00f3n m\u00e1s que de estad\u00edas largas planificadas con anticipaci\u00f3n. <\/strong>La ocupaci\u00f3n se acelera cuando confluyen buen clima, eventos y propuestas claras. En este contexto, los destinos que comunican bien su oferta y ofrecen experiencias diferenciales logran superar los promedios generales.<\/p>\n\n\n\n<p><\/p>\n\n\n\n<p><strong>La estad\u00eda promedio se ubica entre 3 y 4 noches en destinos de vacaciones plenas, mientras que en ciudades de paso y escapadas cortas predominan pernoctes de una o dos noches.<\/strong> En contraste, destinos consolidados como Ushuaia, Puerto Iguaz\u00fa, Bariloche y Mar del Plata sostienen estad\u00edas m\u00e1s prolongadas.<\/p>\n\n\n\n<p><\/p>\n\n\n\n<p><strong>Gasto y estad\u00eda<\/strong><\/p>\n\n\n\n<p><\/p>\n\n\n\n<p>En gran parte del pa\u00eds <strong>el gasto diario promedio oscila entre los $70.000 y $100.000 por persona,<\/strong> con picos mucho m\u00e1s elevados en destinos de alta tracci\u00f3n como Puerto Iguaz\u00fa y Ushuaia. El patr\u00f3n general no es de menor gasto, sino de <strong>consumo m\u00e1s racional y concentrado en experiencias de valor.<\/strong><\/p>\n\n\n\n<p><\/p>\n\n\n\n<p>En la comparaci\u00f3n interanual <strong>aparecen alertas, especialmente en la provincia de Buenos Aires, donde se registr\u00f3 una ca\u00edda respecto a 2025, con mayor impacto en la Costa Atl\u00e1ntica.<\/strong><\/p>\n\n\n\n<p><\/p>\n\n\n\n<p><strong>Eventos, cultura y naturaleza<\/strong><\/p>\n\n\n\n<p><\/p>\n\n\n\n<p><strong>Los eventos se consolidan como el principal motor de la temporada:<\/strong> carnavales, festivales populares, ferias gastron\u00f3micas y competencias deportivas funcionan como disparadores de viajes y ordenadores del calendario tur\u00edstico. A esto se suma el producto naturaleza, que sigue siendo una experiencia que no se posterga, con parques nacionales, playas, termas y actividades al aire libre concentrando gran parte del movimiento.<\/p>\n\n\n\n<p><\/p>\n\n\n\n<p>Entre los principales desaf\u00edos aparecen la <strong>competencia de la oferta informal de alojamiento<\/strong>, la presi\u00f3n sobre la rentabilidad por costos elevados, la dependencia del clima y de la agenda de eventos, y la necesidad de una comunicaci\u00f3n m\u00e1s precisa ante contingencias ambientales para no desalentar viajes hacia destinos operativos.<\/p>\n","protected":false},"excerpt":{"rendered":"<p>El verano muestra picos de ocupaci\u00f3n impulsados por eventos y naturaleza, con turistas que definen tarde, estad\u00edas m\u00e1s cortas y<\/p>\n","protected":false},"author":5,"featured_media":81992,"comment_status":"closed","ping_status":"closed","sticky":false,"template":"","format":"standard","meta":{"_jetpack_memberships_contains_paid_content":false,"footnotes":""},"categories":[6,1],"tags":[],"class_list":["post-193192","post","type-post","status-publish","format-standard","has-post-thumbnail","hentry","category-nacionales","category-portada"],"jetpack_featured_media_url":"https:\/\/i0.wp.com\/cdnoticias.com\/wp-content\/uploads\/2023\/04\/turismo-semana-santa-696x522-1.jpg?fit=696%2C522&ssl=1","jetpack_sharing_enabled":true,"_links":{"self":[{"href":"https:\/\/cdnoticias.com\/index.php\/wp-json\/wp\/v2\/posts\/193192","targetHints":{"allow":["GET"]}}],"collection":[{"href":"https:\/\/cdnoticias.com\/index.php\/wp-json\/wp\/v2\/posts"}],"about":[{"href":"https:\/\/cdnoticias.com\/index.php\/wp-json\/wp\/v2\/types\/post"}],"author":[{"embeddable":true,"href":"https:\/\/cdnoticias.com\/index.php\/wp-json\/wp\/v2\/users\/5"}],"replies":[{"embeddable":true,"href":"https:\/\/cdnoticias.com\/index.php\/wp-json\/wp\/v2\/comments?post=193192"}],"version-history":[{"count":0,"href":"https:\/\/cdnoticias.com\/index.php\/wp-json\/wp\/v2\/posts\/193192\/revisions"}],"wp:featuredmedia":[{"embeddable":true,"href":"https:\/\/cdnoticias.com\/index.php\/wp-json\/wp\/v2\/media\/81992"}],"wp:attachment":[{"href":"https:\/\/cdnoticias.com\/index.php\/wp-json\/wp\/v2\/media?parent=193192"}],"wp:term":[{"taxonomy":"category","embeddable":true,"href":"https:\/\/cdnoticias.com\/index.php\/wp-json\/wp\/v2\/categories?post=193192"},{"taxonomy":"post_tag","embeddable":true,"href":"https:\/\/cdnoticias.com\/index.php\/wp-json\/wp\/v2\/tags?post=193192"}],"curies":[{"name":"wp","href":"https:\/\/api.w.org\/{rel}","templated":true}]}}