{"id":193184,"date":"2026-01-18T11:12:42","date_gmt":"2026-01-18T14:12:42","guid":{"rendered":"https:\/\/cdnoticias.com\/?p=193184"},"modified":"2026-01-18T11:12:45","modified_gmt":"2026-01-18T14:12:45","slug":"regional-amateur-racing-y-su-sueno-viajaron-para-enfrentar-a-atletico-villa-gesell","status":"publish","type":"post","link":"https:\/\/cdnoticias.com\/index.php\/2026\/01\/18\/regional-amateur-racing-y-su-sueno-viajaron-para-enfrentar-a-atletico-villa-gesell\/","title":{"rendered":"Regional Amateur: Racing y su sue\u00f1o viajaron para enfrentar a Atl\u00e9tico Villa Gesell"},"content":{"rendered":"\n<p>El partido ser\u00e1 desde las 17:00 horas. Una terna platense estar\u00e1 a cargo de la semifinal de ida.<\/p>\n\n\n\n<hr class=\"wp-block-separator aligncenter has-alpha-channel-opacity\"\/>\n\n\n\n<p><strong>Racing<\/strong> viaj\u00f3 este \u00faltimo s\u00e1bado hacia Villa Gesell para enfrentar, por la i<strong>da de las semifinales de la Regi\u00f3n Pampeana Sur del Torneo Regional Amateur, a Atl\u00e9tico de dicha ciudad bonaerense.<\/strong><\/p>\n\n\n\n<p>El encuentro ser\u00e1 este domingo desde las 17:00 horas y<strong> el Chaira abrir\u00e1 la serie como visitante buscando un buen resultado de cara a la vuelta que ser\u00e1, presumiblemente, en un colmado Buglione Martinese.<\/strong><\/p>\n\n\n\n<figure class=\"wp-block-image size-full\"><img data-recalc-dims=\"1\" loading=\"lazy\" decoding=\"async\" width=\"800\" height=\"445\" src=\"https:\/\/i0.wp.com\/cdnoticias.com\/wp-content\/uploads\/2026\/01\/racing-federal-amateur-20261.jpg?resize=800%2C445&#038;ssl=1\" alt=\"\" class=\"wp-image-193185\" srcset=\"https:\/\/i0.wp.com\/cdnoticias.com\/wp-content\/uploads\/2026\/01\/racing-federal-amateur-20261.jpg?w=800&amp;ssl=1 800w, https:\/\/i0.wp.com\/cdnoticias.com\/wp-content\/uploads\/2026\/01\/racing-federal-amateur-20261.jpg?resize=300%2C167&amp;ssl=1 300w, https:\/\/i0.wp.com\/cdnoticias.com\/wp-content\/uploads\/2026\/01\/racing-federal-amateur-20261.jpg?resize=768%2C427&amp;ssl=1 768w\" sizes=\"auto, (max-width: 800px) 100vw, 800px\" \/><\/figure>\n\n\n\n<p>El partido ser\u00e1 dirigido por Augusto Dom\u00ednguez, junto a Ignacio Zdonek, Mat\u00edas Bernasconi y Diego Gil, todos de La Plata.<\/p>\n\n\n\n<p>En la otra llave, Ferro y Atl\u00e9tico Ayacucho buscar\u00e1n un lugar en la final de este torneo organizado por el Consejo Federal que otorga un ascenso al Torneo Federal A.<\/p>\n\n\n\n<p><\/p>\n","protected":false},"excerpt":{"rendered":"<p>El partido ser\u00e1 desde las 17:00 horas. Una terna platense estar\u00e1 a cargo de la semifinal de ida. Racing viaj\u00f3<\/p>\n","protected":false},"author":2,"featured_media":193186,"comment_status":"closed","ping_status":"closed","sticky":false,"template":"","format":"standard","meta":{"_jetpack_memberships_contains_paid_content":false,"footnotes":""},"categories":[29,35,1],"tags":[],"class_list":["post-193184","post","type-post","status-publish","format-standard","has-post-thumbnail","hentry","category-deportes","category-futbol","category-portada"],"jetpack_featured_media_url":"https:\/\/i0.wp.com\/cdnoticias.com\/wp-content\/uploads\/2026\/01\/racing-federal-amateur-2026.jpg?fit=800%2C445&ssl=1","jetpack_sharing_enabled":true,"_links":{"self":[{"href":"https:\/\/cdnoticias.com\/index.php\/wp-json\/wp\/v2\/posts\/193184","targetHints":{"allow":["GET"]}}],"collection":[{"href":"https:\/\/cdnoticias.com\/index.php\/wp-json\/wp\/v2\/posts"}],"about":[{"href":"https:\/\/cdnoticias.com\/index.php\/wp-json\/wp\/v2\/types\/post"}],"author":[{"embeddable":true,"href":"https:\/\/cdnoticias.com\/index.php\/wp-json\/wp\/v2\/users\/2"}],"replies":[{"embeddable":true,"href":"https:\/\/cdnoticias.com\/index.php\/wp-json\/wp\/v2\/comments?post=193184"}],"version-history":[{"count":0,"href":"https:\/\/cdnoticias.com\/index.php\/wp-json\/wp\/v2\/posts\/193184\/revisions"}],"wp:featuredmedia":[{"embeddable":true,"href":"https:\/\/cdnoticias.com\/index.php\/wp-json\/wp\/v2\/media\/193186"}],"wp:attachment":[{"href":"https:\/\/cdnoticias.com\/index.php\/wp-json\/wp\/v2\/media?parent=193184"}],"wp:term":[{"taxonomy":"category","embeddable":true,"href":"https:\/\/cdnoticias.com\/index.php\/wp-json\/wp\/v2\/categories?post=193184"},{"taxonomy":"post_tag","embeddable":true,"href":"https:\/\/cdnoticias.com\/index.php\/wp-json\/wp\/v2\/tags?post=193184"}],"curies":[{"name":"wp","href":"https:\/\/api.w.org\/{rel}","templated":true}]}}