{"id":193032,"date":"2026-01-15T11:03:13","date_gmt":"2026-01-15T14:03:13","guid":{"rendered":"https:\/\/cdnoticias.com\/?p=193032"},"modified":"2026-01-15T16:18:58","modified_gmt":"2026-01-15T19:18:58","slug":"martin-barraza-es-finalista-del-pre-cosquin-2026-venimos-con-el-sueno-cumplido","status":"publish","type":"post","link":"https:\/\/cdnoticias.com\/index.php\/2026\/01\/15\/martin-barraza-es-finalista-del-pre-cosquin-2026-venimos-con-el-sueno-cumplido\/","title":{"rendered":"Mart\u00edn Barraza es finalista del Pre Cosqu\u00edn 2026: \u201cVenimos con el sue\u00f1o cumplido\u201d"},"content":{"rendered":"<p>El artista olavarriense actu\u00f3 esta madrugada en el escenario cordob\u00e9s y qued\u00f3 clasificado para la siguiente instancia que se har\u00e1 el fin de semana.<!--more--><\/p>\n<hr \/>\n\n\n<p>El <strong>m\u00fasico olavarriense Mart\u00edn Barraza <\/strong>actu\u00f3 en la <strong>madrugada de este jueves en el escenario de la ciudad cordobesa Cosqu\u00edn<\/strong>. Logr\u00f3 la <strong>clasificaci\u00f3n a la instancia final del certamen nacional Pre Cosqu\u00edn 2026 <\/strong>en la Plaza Pr\u00f3spero Molina.<\/p>\n\n\n\n<p><\/p>\n\n\n\n<p>Interpret\u00f3 <strong>dos temas, \u201cTu y la luna\u201d y \u201cCuando me abandone el alma\u201d<\/strong> hacia las 3 de la madrugada. El olavarriense estaba en el<strong> orden 50 <\/strong>de un total de 54 artistas que se presentaron en la competencia para llegar al principal festival del folklore argentino.<\/p>\n\n\n\n<p><\/p>\n\n\n\n<blockquote class=\"wp-block-quote is-layout-flow wp-block-quote-is-layout-flow\">\n<p>\u201cVenimos con el sue\u00f1o cumplido de haber ganado en Mar del Plata, pasar a la Pr\u00f3spero ya para nosotros era un mont\u00f3n. La gente nos ayud\u00f3 mucho para poder viajar\u201d dijo Barraza este jueves por la ma\u00f1ana en una entrevista con el programa Vamos con Vos que conduce Cristian Di Pino por Radio Sapiens (FM 102.7).<\/p>\n<\/blockquote>\n\n\n\n<p><\/p>\n\n\n\n<figure class=\"wp-block-image size-full\"><img data-recalc-dims=\"1\" loading=\"lazy\" decoding=\"async\" width=\"800\" height=\"445\" src=\"https:\/\/i0.wp.com\/cdnoticias.com\/wp-content\/uploads\/2026\/01\/martin-barraza-precosquin-2026-C.jpg?resize=800%2C445&#038;ssl=1\" alt=\"\" class=\"wp-image-193035\" srcset=\"https:\/\/i0.wp.com\/cdnoticias.com\/wp-content\/uploads\/2026\/01\/martin-barraza-precosquin-2026-C.jpg?w=1000&amp;ssl=1 1000w, https:\/\/i0.wp.com\/cdnoticias.com\/wp-content\/uploads\/2026\/01\/martin-barraza-precosquin-2026-C.jpg?resize=300%2C167&amp;ssl=1 300w, https:\/\/i0.wp.com\/cdnoticias.com\/wp-content\/uploads\/2026\/01\/martin-barraza-precosquin-2026-C.jpg?resize=768%2C427&amp;ssl=1 768w, https:\/\/i0.wp.com\/cdnoticias.com\/wp-content\/uploads\/2026\/01\/martin-barraza-precosquin-2026-C.jpg?resize=800%2C445&amp;ssl=1 800w\" sizes=\"auto, (max-width: 800px) 100vw, 800px\" \/><\/figure>\n\n\n\n<p><\/p>\n\n\n\n<p>Las definiciones del jurado se informaron tras la participaci\u00f3n en las rondas preliminares. <strong>Mart\u00edn volver\u00e1 a actuar durante el fin de semana<\/strong>: los ganadores actuar\u00e1n en el Festival Nacional de Folklore de Cosqu\u00edn. Adem\u00e1s, el lunes 19 de enero se llevar\u00e1 a cabo una noche de gala especial para la actuaci\u00f3n de los ganadores del Pre Cosqu\u00edn.<\/p>\n\n\n\n<p><\/p>\n\n\n\n<blockquote class=\"wp-block-quote is-layout-flow wp-block-quote-is-layout-flow\">\n<p>Barraza valor\u00f3 que \u201cse dio todo gracias al apoyo\u201d que recibi\u00f3 para llegar hasta esta instancia y adelant\u00f3 que durante este jueves ser\u00e1 informado sobre su pr\u00f3xima presentaci\u00f3n.<\/p>\n<\/blockquote>\n\n\n\n<p><\/p>\n\n\n\n<figure class=\"wp-block-image size-full\"><img data-recalc-dims=\"1\" loading=\"lazy\" decoding=\"async\" width=\"800\" height=\"450\" src=\"https:\/\/i0.wp.com\/cdnoticias.com\/wp-content\/uploads\/2026\/01\/martin-barraza-precosquin-2026-A.jpg?resize=800%2C450&#038;ssl=1\" alt=\"\" class=\"wp-image-193033\" srcset=\"https:\/\/i0.wp.com\/cdnoticias.com\/wp-content\/uploads\/2026\/01\/martin-barraza-precosquin-2026-A.jpg?w=1000&amp;ssl=1 1000w, https:\/\/i0.wp.com\/cdnoticias.com\/wp-content\/uploads\/2026\/01\/martin-barraza-precosquin-2026-A.jpg?resize=300%2C169&amp;ssl=1 300w, https:\/\/i0.wp.com\/cdnoticias.com\/wp-content\/uploads\/2026\/01\/martin-barraza-precosquin-2026-A.jpg?resize=768%2C432&amp;ssl=1 768w\" sizes=\"auto, (max-width: 800px) 100vw, 800px\" \/><\/figure>\n\n\n\n<p><\/p>\n\n\n\n<p><strong>\u201cVolvemos muy contentos\u201d<\/strong> destac\u00f3. Acerca de la experiencia cont\u00f3 que los dos temas musicales que present\u00f3 esta madrugada fueron elegidos uno por \u00e9l y otro por el jurado. Dado que estaba en el orden 50 de las actuaciones, hab\u00eda sido convocado a las 2 de la madrugada al escenario. Para lograr su mejor performance, coment\u00f3 que descans\u00f3 durante la calurosa jornada cordobesa y eligi\u00f3 salir poco de su alojamiento.<\/p>\n\n\n\n<p><\/p>\n\n\n\n<p>La competencia cuenta con<strong> unos 4.000 finalistas de todo el pa\u00eds<\/strong>. Se emite en vivo a trav\u00e9s del canal oficial de YouTube del festival y por Aqu\u00ed Cosqu\u00edn Radio.<\/p>\n\n\n\n<p><\/p>\n\n\n<p><iframe loading=\"lazy\" width=\"560\" height=\"315\" src=\"https:\/\/www.youtube.com\/embed\/1a6a1hFeChA?si=C7hiT9xNYUNjCBJS&amp;start=21807\" title=\"YouTube video player\" frameborder=\"0\" allow=\"accelerometer; autoplay; clipboard-write; encrypted-media; gyroscope; picture-in-picture; web-share\" referrerpolicy=\"strict-origin-when-cross-origin\" allowfullscreen><\/iframe><\/p>","protected":false},"excerpt":{"rendered":"<p>El artista olavarriense actu\u00f3 esta madrugada en el escenario cordob\u00e9s y qued\u00f3 clasificado para la siguiente instancia que se har\u00e1<\/p>\n","protected":false},"author":4,"featured_media":193034,"comment_status":"closed","ping_status":"closed","sticky":false,"template":"","format":"standard","meta":{"_jetpack_memberships_contains_paid_content":false,"footnotes":""},"categories":[9,1],"tags":[],"class_list":["post-193032","post","type-post","status-publish","format-standard","has-post-thumbnail","hentry","category-cultura","category-portada"],"jetpack_featured_media_url":"https:\/\/i0.wp.com\/cdnoticias.com\/wp-content\/uploads\/2026\/01\/martin-barraza-precosquin-2026-B.jpg?fit=1000%2C556&ssl=1","jetpack_sharing_enabled":true,"_links":{"self":[{"href":"https:\/\/cdnoticias.com\/index.php\/wp-json\/wp\/v2\/posts\/193032","targetHints":{"allow":["GET"]}}],"collection":[{"href":"https:\/\/cdnoticias.com\/index.php\/wp-json\/wp\/v2\/posts"}],"about":[{"href":"https:\/\/cdnoticias.com\/index.php\/wp-json\/wp\/v2\/types\/post"}],"author":[{"embeddable":true,"href":"https:\/\/cdnoticias.com\/index.php\/wp-json\/wp\/v2\/users\/4"}],"replies":[{"embeddable":true,"href":"https:\/\/cdnoticias.com\/index.php\/wp-json\/wp\/v2\/comments?post=193032"}],"version-history":[{"count":0,"href":"https:\/\/cdnoticias.com\/index.php\/wp-json\/wp\/v2\/posts\/193032\/revisions"}],"wp:featuredmedia":[{"embeddable":true,"href":"https:\/\/cdnoticias.com\/index.php\/wp-json\/wp\/v2\/media\/193034"}],"wp:attachment":[{"href":"https:\/\/cdnoticias.com\/index.php\/wp-json\/wp\/v2\/media?parent=193032"}],"wp:term":[{"taxonomy":"category","embeddable":true,"href":"https:\/\/cdnoticias.com\/index.php\/wp-json\/wp\/v2\/categories?post=193032"},{"taxonomy":"post_tag","embeddable":true,"href":"https:\/\/cdnoticias.com\/index.php\/wp-json\/wp\/v2\/tags?post=193032"}],"curies":[{"name":"wp","href":"https:\/\/api.w.org\/{rel}","templated":true}]}}