{"id":19292,"date":"2021-04-19T17:09:46","date_gmt":"2021-04-19T20:09:46","guid":{"rendered":"http:\/\/www.centraldenoticias.com.ar\/?p=19292"},"modified":"2021-04-19T17:57:39","modified_gmt":"2021-04-19T20:57:39","slug":"la-semana-comenzo-con-167-nuevos-casos-de-covid","status":"publish","type":"post","link":"https:\/\/cdnoticias.com\/index.php\/2021\/04\/19\/la-semana-comenzo-con-167-nuevos-casos-de-covid\/","title":{"rendered":"La semana comenz\u00f3 con 167 nuevos casos de COVID"},"content":{"rendered":"<p>Lo confirm\u00f3 el parte diario emitido por el municipio este lunes. Hay 979 personas contagiadas en Olavarr\u00eda y 76 personas internadas.<\/p>\n<p>&nbsp;<\/p>\n<hr \/>\n<p>&nbsp;<\/p>\n<p>Este lunes, la Secretar\u00eda de Salud del Municipio emiti\u00f3 el <strong>reporte epidemiol\u00f3gico con el detalle de la situaci\u00f3n sanitaria en el Partido de Olavarr\u00eda<\/strong>.<\/p>\n<p>&nbsp;<\/p>\n<p>En el mismo se inform\u00f3 que <strong>fallecieron seis pacientes con Covid19 de entre 76 y 84 a\u00f1os<\/strong>, que <a href=\"https:\/\/cdnoticias.com\/index.php\/2021\/04\/19\/fallecieron-seis-pacientes-que-tenian-covid-19\/\" target=\"_blank\" rel=\"noopener\">estaban internados<\/a> en el Hospital Municipal.<\/p>\n<p><img data-recalc-dims=\"1\" loading=\"lazy\" decoding=\"async\" class=\"alignnone wp-image-19299\" src=\"https:\/\/i0.wp.com\/cdnoticias.com\/wp-content\/uploads\/2021\/04\/WhatsApp-Image-2021-04-19-at-16.49.22-1.jpeg?resize=380%2C380&#038;ssl=1\" alt=\"\" width=\"380\" height=\"380\" srcset=\"https:\/\/i0.wp.com\/cdnoticias.com\/wp-content\/uploads\/2021\/04\/WhatsApp-Image-2021-04-19-at-16.49.22-1.jpeg?resize=300%2C300&amp;ssl=1 300w, https:\/\/i0.wp.com\/cdnoticias.com\/wp-content\/uploads\/2021\/04\/WhatsApp-Image-2021-04-19-at-16.49.22-1.jpeg?resize=150%2C150&amp;ssl=1 150w, https:\/\/i0.wp.com\/cdnoticias.com\/wp-content\/uploads\/2021\/04\/WhatsApp-Image-2021-04-19-at-16.49.22-1.jpeg?resize=768%2C768&amp;ssl=1 768w, https:\/\/i0.wp.com\/cdnoticias.com\/wp-content\/uploads\/2021\/04\/WhatsApp-Image-2021-04-19-at-16.49.22-1.jpeg?resize=1024%2C1024&amp;ssl=1 1024w, https:\/\/i0.wp.com\/cdnoticias.com\/wp-content\/uploads\/2021\/04\/WhatsApp-Image-2021-04-19-at-16.49.22-1.jpeg?w=1280&amp;ssl=1 1280w\" sizes=\"auto, (max-width: 380px) 100vw, 380px\" \/><img data-recalc-dims=\"1\" loading=\"lazy\" decoding=\"async\" class=\"alignnone wp-image-19300\" src=\"https:\/\/i0.wp.com\/cdnoticias.com\/wp-content\/uploads\/2021\/04\/WhatsApp-Image-2021-04-19-at-16.49.22.jpeg?resize=380%2C380&#038;ssl=1\" alt=\"\" width=\"380\" height=\"380\" srcset=\"https:\/\/i0.wp.com\/cdnoticias.com\/wp-content\/uploads\/2021\/04\/WhatsApp-Image-2021-04-19-at-16.49.22.jpeg?resize=300%2C300&amp;ssl=1 300w, https:\/\/i0.wp.com\/cdnoticias.com\/wp-content\/uploads\/2021\/04\/WhatsApp-Image-2021-04-19-at-16.49.22.jpeg?resize=150%2C150&amp;ssl=1 150w, https:\/\/i0.wp.com\/cdnoticias.com\/wp-content\/uploads\/2021\/04\/WhatsApp-Image-2021-04-19-at-16.49.22.jpeg?resize=768%2C767&amp;ssl=1 768w, https:\/\/i0.wp.com\/cdnoticias.com\/wp-content\/uploads\/2021\/04\/WhatsApp-Image-2021-04-19-at-16.49.22.jpeg?resize=1024%2C1024&amp;ssl=1 1024w, https:\/\/i0.wp.com\/cdnoticias.com\/wp-content\/uploads\/2021\/04\/WhatsApp-Image-2021-04-19-at-16.49.22.jpeg?w=1280&amp;ssl=1 1280w\" sizes=\"auto, (max-width: 380px) 100vw, 380px\" \/><\/p>\n<p>&nbsp;<\/p>\n<p>En lo que respecta a los testeos llevados a cabo en el d\u00eda de la fecha, <strong>el Municipio inform\u00f3 que fueron 421, de los cuales 167 fueron positivos y 254 negativos para Covid19<\/strong>.<\/p>\n<p>&nbsp;<\/p>\n<p>Este lunes se realiz\u00f3 una nueva jornada del Programa RTA en el Paseo de la Salud, <strong>lugar en el que se detectaron 36 casos positivos y se descartaron 72 muestras que resultaron negativas<\/strong>. En el RTA pedi\u00e1trico, 4 hisopados fueron positivos y 24 negativos para Covid19.<\/p>\n<p><img data-recalc-dims=\"1\" loading=\"lazy\" decoding=\"async\" class=\"alignnone wp-image-19301\" src=\"https:\/\/i0.wp.com\/cdnoticias.com\/wp-content\/uploads\/2021\/04\/WhatsApp-Image-2021-04-19-at-16.49.11.jpeg?resize=380%2C380&#038;ssl=1\" alt=\"\" width=\"380\" height=\"380\" srcset=\"https:\/\/i0.wp.com\/cdnoticias.com\/wp-content\/uploads\/2021\/04\/WhatsApp-Image-2021-04-19-at-16.49.11.jpeg?resize=300%2C300&amp;ssl=1 300w, https:\/\/i0.wp.com\/cdnoticias.com\/wp-content\/uploads\/2021\/04\/WhatsApp-Image-2021-04-19-at-16.49.11.jpeg?resize=150%2C150&amp;ssl=1 150w, https:\/\/i0.wp.com\/cdnoticias.com\/wp-content\/uploads\/2021\/04\/WhatsApp-Image-2021-04-19-at-16.49.11.jpeg?resize=768%2C768&amp;ssl=1 768w, https:\/\/i0.wp.com\/cdnoticias.com\/wp-content\/uploads\/2021\/04\/WhatsApp-Image-2021-04-19-at-16.49.11.jpeg?resize=1024%2C1024&amp;ssl=1 1024w, https:\/\/i0.wp.com\/cdnoticias.com\/wp-content\/uploads\/2021\/04\/WhatsApp-Image-2021-04-19-at-16.49.11.jpeg?w=1280&amp;ssl=1 1280w\" sizes=\"auto, (max-width: 380px) 100vw, 380px\" \/><img data-recalc-dims=\"1\" loading=\"lazy\" decoding=\"async\" class=\"alignnone wp-image-19298\" src=\"https:\/\/i0.wp.com\/cdnoticias.com\/wp-content\/uploads\/2021\/04\/WhatsApp-Image-2021-04-19-at-16.49.23.jpeg?resize=380%2C380&#038;ssl=1\" alt=\"\" width=\"380\" height=\"380\" srcset=\"https:\/\/i0.wp.com\/cdnoticias.com\/wp-content\/uploads\/2021\/04\/WhatsApp-Image-2021-04-19-at-16.49.23.jpeg?resize=300%2C300&amp;ssl=1 300w, https:\/\/i0.wp.com\/cdnoticias.com\/wp-content\/uploads\/2021\/04\/WhatsApp-Image-2021-04-19-at-16.49.23.jpeg?resize=150%2C150&amp;ssl=1 150w, https:\/\/i0.wp.com\/cdnoticias.com\/wp-content\/uploads\/2021\/04\/WhatsApp-Image-2021-04-19-at-16.49.23.jpeg?resize=768%2C768&amp;ssl=1 768w, https:\/\/i0.wp.com\/cdnoticias.com\/wp-content\/uploads\/2021\/04\/WhatsApp-Image-2021-04-19-at-16.49.23.jpeg?resize=1024%2C1024&amp;ssl=1 1024w, https:\/\/i0.wp.com\/cdnoticias.com\/wp-content\/uploads\/2021\/04\/WhatsApp-Image-2021-04-19-at-16.49.23.jpeg?w=1280&amp;ssl=1 1280w\" sizes=\"auto, (max-width: 380px) 100vw, 380px\" \/><\/p>\n<p>&nbsp;<\/p>\n<p>En el total de casos positivos activos,<strong> son 979 pacientes quienes poseen la enfermedad en Olavarr\u00eda, debido a que este lunes 213 personas recibieron el alta m\u00e9dica<\/strong>.<\/p>\n<p>&nbsp;<\/p>\n<p>Por otra parte, <strong>76 personas est\u00e1n internadas en el Hospital Municipal \u201cDr. H\u00e9ctor M. Cura\u201d<\/strong>: 17 en la unidad de terapia intensiva (un 85% de ocupaci\u00f3n) y 59 en cl\u00ednica Covid (48 en cuidados generales y 11 en maternidad).<\/p>\n","protected":false},"excerpt":{"rendered":"<p>Lo confirm\u00f3 el parte diario emitido por el municipio este lunes. Hay 979 personas contagiadas en Olavarr\u00eda y 76 personas<\/p>\n","protected":false},"author":2,"featured_media":1549,"comment_status":"closed","ping_status":"closed","sticky":false,"template":"","format":"standard","meta":{"_jetpack_memberships_contains_paid_content":false,"footnotes":""},"categories":[5,1],"tags":[],"class_list":["post-19292","post","type-post","status-publish","format-standard","has-post-thumbnail","hentry","category-informacion-general","category-portada"],"jetpack_featured_media_url":"https:\/\/i0.wp.com\/cdnoticias.com\/wp-content\/uploads\/2020\/09\/HospitalMunicipal04.jpg?fit=4608%2C3072&ssl=1","jetpack_sharing_enabled":true,"_links":{"self":[{"href":"https:\/\/cdnoticias.com\/index.php\/wp-json\/wp\/v2\/posts\/19292","targetHints":{"allow":["GET"]}}],"collection":[{"href":"https:\/\/cdnoticias.com\/index.php\/wp-json\/wp\/v2\/posts"}],"about":[{"href":"https:\/\/cdnoticias.com\/index.php\/wp-json\/wp\/v2\/types\/post"}],"author":[{"embeddable":true,"href":"https:\/\/cdnoticias.com\/index.php\/wp-json\/wp\/v2\/users\/2"}],"replies":[{"embeddable":true,"href":"https:\/\/cdnoticias.com\/index.php\/wp-json\/wp\/v2\/comments?post=19292"}],"version-history":[{"count":0,"href":"https:\/\/cdnoticias.com\/index.php\/wp-json\/wp\/v2\/posts\/19292\/revisions"}],"wp:featuredmedia":[{"embeddable":true,"href":"https:\/\/cdnoticias.com\/index.php\/wp-json\/wp\/v2\/media\/1549"}],"wp:attachment":[{"href":"https:\/\/cdnoticias.com\/index.php\/wp-json\/wp\/v2\/media?parent=19292"}],"wp:term":[{"taxonomy":"category","embeddable":true,"href":"https:\/\/cdnoticias.com\/index.php\/wp-json\/wp\/v2\/categories?post=19292"},{"taxonomy":"post_tag","embeddable":true,"href":"https:\/\/cdnoticias.com\/index.php\/wp-json\/wp\/v2\/tags?post=19292"}],"curies":[{"name":"wp","href":"https:\/\/api.w.org\/{rel}","templated":true}]}}