{"id":19289,"date":"2021-04-19T17:04:50","date_gmt":"2021-04-19T20:04:50","guid":{"rendered":"http:\/\/www.centraldenoticias.com.ar\/?p=19289"},"modified":"2021-04-19T17:04:50","modified_gmt":"2021-04-19T20:04:50","slug":"juan-carlos-lopez-lebrero-carlitos-q-e-p-d","status":"publish","type":"post","link":"https:\/\/cdnoticias.com\/index.php\/2021\/04\/19\/juan-carlos-lopez-lebrero-carlitos-q-e-p-d\/","title":{"rendered":"Juan Carlos L\u00f3pez Lebrero\u00a0 \u201cCarlitos\u201d\u00a0 (Q.E.P.D.)"},"content":{"rendered":"<p>Falleci\u00f3 en Olavarr\u00eda el d\u00eda 19 de abril de 2021 a los 79 a\u00f1os de edad. Sus hijos: Yesica, Maby, Juan y Emmanuel. Sus hijos pol\u00edticos: Germ\u00e1n, Rom\u00e1n, Luc\u00eda y Micaela. Sus nietos y dem\u00e1s deudos participan su fallecimiento.<\/p>\n<p>&nbsp;<\/p>\n<p>Velatorio: Sala de Espa\u00f1a 2942, Departamento &#8221;D&#8221; el martes a partir de 7:30 a 9:30 hs. Responso: Capilla Ardiente. Inhumaci\u00f3n: Cementerio Loma de Paz, martes 20 a las 9:30 hs. Servicio adherido a Coopelectric.<\/p>\n<p>&nbsp;<\/p>\n<p>Barrio en el que viv\u00eda: Villa Floresta<\/p>\n<p>&nbsp;<\/p>\n<p>Lugar de nacimiento: Espigas<\/p>\n<p>&nbsp;<\/p>\n<p>Actividad que desarrollaba: Jubilado<\/p>\n","protected":false},"excerpt":{"rendered":"<p>Falleci\u00f3 en Olavarr\u00eda el d\u00eda 19 de abril de 2021 a los 79 a\u00f1os de edad. Sus hijos: Yesica, Maby,<\/p>\n","protected":false},"author":4,"featured_media":0,"comment_status":"closed","ping_status":"closed","sticky":false,"template":"","format":"standard","meta":{"_jetpack_memberships_contains_paid_content":false,"footnotes":""},"categories":[10],"tags":[],"class_list":["post-19289","post","type-post","status-publish","format-standard","hentry","category-necrologicas"],"jetpack_featured_media_url":"","jetpack_sharing_enabled":true,"_links":{"self":[{"href":"https:\/\/cdnoticias.com\/index.php\/wp-json\/wp\/v2\/posts\/19289","targetHints":{"allow":["GET"]}}],"collection":[{"href":"https:\/\/cdnoticias.com\/index.php\/wp-json\/wp\/v2\/posts"}],"about":[{"href":"https:\/\/cdnoticias.com\/index.php\/wp-json\/wp\/v2\/types\/post"}],"author":[{"embeddable":true,"href":"https:\/\/cdnoticias.com\/index.php\/wp-json\/wp\/v2\/users\/4"}],"replies":[{"embeddable":true,"href":"https:\/\/cdnoticias.com\/index.php\/wp-json\/wp\/v2\/comments?post=19289"}],"version-history":[{"count":0,"href":"https:\/\/cdnoticias.com\/index.php\/wp-json\/wp\/v2\/posts\/19289\/revisions"}],"wp:attachment":[{"href":"https:\/\/cdnoticias.com\/index.php\/wp-json\/wp\/v2\/media?parent=19289"}],"wp:term":[{"taxonomy":"category","embeddable":true,"href":"https:\/\/cdnoticias.com\/index.php\/wp-json\/wp\/v2\/categories?post=19289"},{"taxonomy":"post_tag","embeddable":true,"href":"https:\/\/cdnoticias.com\/index.php\/wp-json\/wp\/v2\/tags?post=19289"}],"curies":[{"name":"wp","href":"https:\/\/api.w.org\/{rel}","templated":true}]}}