{"id":19285,"date":"2021-04-19T17:05:47","date_gmt":"2021-04-19T20:05:47","guid":{"rendered":"http:\/\/www.centraldenoticias.com.ar\/?p=19285"},"modified":"2021-04-19T20:29:39","modified_gmt":"2021-04-19T23:29:39","slug":"fallecieron-seis-pacientes-que-tenian-covid-19","status":"publish","type":"post","link":"https:\/\/cdnoticias.com\/index.php\/2021\/04\/19\/fallecieron-seis-pacientes-que-tenian-covid-19\/","title":{"rendered":"Fallecieron seis pacientes que ten\u00edan COVID-19"},"content":{"rendered":"<p>As\u00ed lo confirm\u00f3 este lunes el parte emitido por la Municipalidad de Olavarr\u00eda. Seg\u00fan informaron, los decesos ocurrieron en las \u00faltimas 72 horas.<\/p>\n<p><!--more--><\/p>\n<hr \/>\n<p>&nbsp;<\/p>\n<p>Este lunes, la Municipalidad de Olavarr\u00eda dio a conocer un <strong>nuevo parte de la situaci\u00f3n sanitaria de la ciudad<\/strong>.<\/p>\n<p>&nbsp;<\/p>\n<p>Seg\u00fan confirmaron, en las \u00faltimas 72 horas se registraron <strong>seis nuevas muertes de pacientes que ten\u00edan coronavirus<\/strong>.<\/p>\n<p>&nbsp;<\/p>\n<p>En primer lugar, el s\u00e1bado falleci\u00f3 un paciente de <strong>sexo masculino de 76 a\u00f1os de edad<\/strong>, mientras que el domingo <strong>fueron dos mujeres las pacientes que murieron<\/strong>. Ambas ten\u00edan 84 a\u00f1os de edad.<\/p>\n<p>&nbsp;<\/p>\n<p>Por su parte, este lunes se registraron tres nuevas muertes. <strong>Se trata de una mujer de 84 a\u00f1os y dos hombres de 79 a\u00f1os de edad<\/strong>.<\/p>\n<p>&nbsp;<\/p>\n<p>Cabe recordar que el informe re\u00fane <strong>los casos y fallecimientos desde el s\u00e1bado por la tarde-noche y el d\u00eda domingo<\/strong>, ya que el laboratorio del hospital no trabaja ese d\u00eda.<\/p>\n<p>&nbsp;<\/p>\n<p>De esta manera son <strong>185 las personas fallecidas<\/strong> desde el incio de la pandemia en Olavarr\u00eda. En tanto, actualmente <a href=\"https:\/\/cdnoticias.com\/index.php\/2021\/04\/19\/la-semana-comenzo-con-167-nuevos-casos-de-covid\/\" target=\"_blank\" rel=\"noopener\">se cuentan 76 personas internadas<\/a>.<\/p>\n","protected":false},"excerpt":{"rendered":"<p>As\u00ed lo confirm\u00f3 este lunes el parte emitido por la Municipalidad de Olavarr\u00eda. Seg\u00fan informaron, los decesos ocurrieron en las<\/p>\n","protected":false},"author":2,"featured_media":13342,"comment_status":"closed","ping_status":"closed","sticky":false,"template":"","format":"standard","meta":{"_jetpack_memberships_contains_paid_content":false,"footnotes":""},"categories":[5,1],"tags":[],"class_list":["post-19285","post","type-post","status-publish","format-standard","has-post-thumbnail","hentry","category-informacion-general","category-portada"],"jetpack_featured_media_url":"https:\/\/i0.wp.com\/cdnoticias.com\/wp-content\/uploads\/2021\/02\/hospital-de-noche7.jpg?fit=4608%2C3072&ssl=1","jetpack_sharing_enabled":true,"_links":{"self":[{"href":"https:\/\/cdnoticias.com\/index.php\/wp-json\/wp\/v2\/posts\/19285","targetHints":{"allow":["GET"]}}],"collection":[{"href":"https:\/\/cdnoticias.com\/index.php\/wp-json\/wp\/v2\/posts"}],"about":[{"href":"https:\/\/cdnoticias.com\/index.php\/wp-json\/wp\/v2\/types\/post"}],"author":[{"embeddable":true,"href":"https:\/\/cdnoticias.com\/index.php\/wp-json\/wp\/v2\/users\/2"}],"replies":[{"embeddable":true,"href":"https:\/\/cdnoticias.com\/index.php\/wp-json\/wp\/v2\/comments?post=19285"}],"version-history":[{"count":0,"href":"https:\/\/cdnoticias.com\/index.php\/wp-json\/wp\/v2\/posts\/19285\/revisions"}],"wp:featuredmedia":[{"embeddable":true,"href":"https:\/\/cdnoticias.com\/index.php\/wp-json\/wp\/v2\/media\/13342"}],"wp:attachment":[{"href":"https:\/\/cdnoticias.com\/index.php\/wp-json\/wp\/v2\/media?parent=19285"}],"wp:term":[{"taxonomy":"category","embeddable":true,"href":"https:\/\/cdnoticias.com\/index.php\/wp-json\/wp\/v2\/categories?post=19285"},{"taxonomy":"post_tag","embeddable":true,"href":"https:\/\/cdnoticias.com\/index.php\/wp-json\/wp\/v2\/tags?post=19285"}],"curies":[{"name":"wp","href":"https:\/\/api.w.org\/{rel}","templated":true}]}}