{"id":19281,"date":"2021-04-19T15:36:11","date_gmt":"2021-04-19T18:36:11","guid":{"rendered":"http:\/\/www.centraldenoticias.com.ar\/?p=19281"},"modified":"2021-04-19T15:36:11","modified_gmt":"2021-04-19T18:36:11","slug":"unidad-popular-olavarria-pidio-la-suspension-de-clases-presenciales","status":"publish","type":"post","link":"https:\/\/cdnoticias.com\/index.php\/2021\/04\/19\/unidad-popular-olavarria-pidio-la-suspension-de-clases-presenciales\/","title":{"rendered":"Unidad Popular Olavarr\u00eda pidi\u00f3 la suspensi\u00f3n de clases presenciales"},"content":{"rendered":"<p>\u201cPreocupados por la salud de todos los olavarrienses\u201d se defini\u00f3 la agrupaci\u00f3n pol\u00edtica. Hizo presentaciones en el Concejo Deliberante y en el Ejecutivo municipal.<!--more--><\/p>\n<hr \/>\n<p><strong>La agrupaci\u00f3n Unidad Popular Olavarr\u00eda realiz\u00f3 este lunes una presentaci\u00f3n en el Concejo Deliberante donde pidi\u00f3 suspender las clases presenciales<\/strong>.<\/p>\n<p>&nbsp;<\/p>\n<p>Asimismo, y tras hacer \u00e9nfasis en la complicada situaci\u00f3n sanitaria local, se agreg\u00f3 que tambi\u00e9n <strong>hubo una presentaci\u00f3n en el mismo sentido al Ejecutivo municipal<\/strong>.<\/p>\n<p>&nbsp;<\/p>\n<p>Seg\u00fan dio a conocer el espacio partidario, la presentaci\u00f3n estuvo a cargo de Guillermo P\u00e9rez. Llev\u00f3 al Deliberativo \u201cun pedido y un proyecto de comunicaci\u00f3n pidi\u00e9ndole a los concejales \u00a0que le soliciten al Departamento Ejecutivo <strong>suspender, en forma inmediata, las clases presenciales por el lapso de 15 d\u00edas<\/strong>\u201d.<\/p>\n<p>&nbsp;<\/p>\n<p><img data-recalc-dims=\"1\" loading=\"lazy\" decoding=\"async\" class=\"aligncenter wp-image-19283 size-full\" src=\"https:\/\/i0.wp.com\/cdnoticias.com\/wp-content\/uploads\/2021\/04\/unidadpopular01.jpg?resize=800%2C445&#038;ssl=1\" alt=\"\" width=\"800\" height=\"445\" srcset=\"https:\/\/i0.wp.com\/cdnoticias.com\/wp-content\/uploads\/2021\/04\/unidadpopular01.jpg?w=800&amp;ssl=1 800w, https:\/\/i0.wp.com\/cdnoticias.com\/wp-content\/uploads\/2021\/04\/unidadpopular01.jpg?resize=300%2C167&amp;ssl=1 300w, https:\/\/i0.wp.com\/cdnoticias.com\/wp-content\/uploads\/2021\/04\/unidadpopular01.jpg?resize=768%2C427&amp;ssl=1 768w\" sizes=\"auto, (max-width: 800px) 100vw, 800px\" \/><\/p>\n<p>&nbsp;<\/p>\n<p>Tambi\u00e9n se plante\u00f3 que \u201canalicen una <strong>inspecci\u00f3n y control constante en la limpieza, desinfecci\u00f3n y sanitizaci\u00f3n de las unidades utilizadas en el transporte p\u00fablico<\/strong>\u201d.<\/p>\n<p>&nbsp;<\/p>\n<blockquote><p>Unidad Popular busc\u00f3 con ello transmitir \u201clas inquietudes y las preocupaciones por la situaci\u00f3n sanitaria y epidemiol\u00f3gica alarmante que atraviesa la ciudad debido al avance de la segunda ola de contagios del virus Covid-19\u201d.<\/p><\/blockquote>\n<p>&nbsp;<\/p>\n<p>Por tal motivo, Unidad Popular le solicit\u00f3 a los concejales <strong>tratar de manera \u201curgente\u201d el proyecto de comunicaci\u00f3n<\/strong> presentado. All\u00ed pidieron \u201cque analice la situaci\u00f3n epidemiol\u00f3gica y la presencialidad en las aulas en el contexto epidemiol\u00f3gico que atraviesa la ciudad de Olavarr\u00eda, donde el n\u00famero de casos muestran un crecimiento exponencial con alta velocidad, sabiendo que es imposible separar el riesgo individual del riesgo colectivo\u201d.<\/p>\n<p>&nbsp;<\/p>\n<p>\u201cEsta petici\u00f3n, se lleva adelante <strong>preocupados por la salud de todos los olavarrienses y en virtud y en pos del esfuerzo constante que hacen los profesionales de la salud<\/strong> d\u00eda a d\u00eda poni\u00e9ndole el cuerpo y el profesionalismo para paliar la situaci\u00f3n, muchas veces poniendo es riego su propia vida. Hacerlo, constituye m\u00e1s que un compromiso, una necesidad humana por preservar la vida de todos\u201d defini\u00f3 la agrupaci\u00f3n.<\/p>\n","protected":false},"excerpt":{"rendered":"<p>\u201cPreocupados por la salud de todos los olavarrienses\u201d se defini\u00f3 la agrupaci\u00f3n pol\u00edtica. Hizo presentaciones en el Concejo Deliberante y<\/p>\n","protected":false},"author":4,"featured_media":19282,"comment_status":"closed","ping_status":"closed","sticky":false,"template":"","format":"standard","meta":{"_jetpack_memberships_contains_paid_content":false,"footnotes":""},"categories":[4,1],"tags":[],"class_list":["post-19281","post","type-post","status-publish","format-standard","has-post-thumbnail","hentry","category-politica","category-portada"],"jetpack_featured_media_url":"https:\/\/i0.wp.com\/cdnoticias.com\/wp-content\/uploads\/2021\/04\/unidadpopular00.jpg?fit=800%2C445&ssl=1","jetpack_sharing_enabled":true,"_links":{"self":[{"href":"https:\/\/cdnoticias.com\/index.php\/wp-json\/wp\/v2\/posts\/19281","targetHints":{"allow":["GET"]}}],"collection":[{"href":"https:\/\/cdnoticias.com\/index.php\/wp-json\/wp\/v2\/posts"}],"about":[{"href":"https:\/\/cdnoticias.com\/index.php\/wp-json\/wp\/v2\/types\/post"}],"author":[{"embeddable":true,"href":"https:\/\/cdnoticias.com\/index.php\/wp-json\/wp\/v2\/users\/4"}],"replies":[{"embeddable":true,"href":"https:\/\/cdnoticias.com\/index.php\/wp-json\/wp\/v2\/comments?post=19281"}],"version-history":[{"count":0,"href":"https:\/\/cdnoticias.com\/index.php\/wp-json\/wp\/v2\/posts\/19281\/revisions"}],"wp:featuredmedia":[{"embeddable":true,"href":"https:\/\/cdnoticias.com\/index.php\/wp-json\/wp\/v2\/media\/19282"}],"wp:attachment":[{"href":"https:\/\/cdnoticias.com\/index.php\/wp-json\/wp\/v2\/media?parent=19281"}],"wp:term":[{"taxonomy":"category","embeddable":true,"href":"https:\/\/cdnoticias.com\/index.php\/wp-json\/wp\/v2\/categories?post=19281"},{"taxonomy":"post_tag","embeddable":true,"href":"https:\/\/cdnoticias.com\/index.php\/wp-json\/wp\/v2\/tags?post=19281"}],"curies":[{"name":"wp","href":"https:\/\/api.w.org\/{rel}","templated":true}]}}