{"id":192683,"date":"2026-01-17T17:29:58","date_gmt":"2026-01-17T20:29:58","guid":{"rendered":"https:\/\/cdnoticias.com\/?p=192683"},"modified":"2026-01-17T17:30:00","modified_gmt":"2026-01-17T20:30:00","slug":"los-charros-cerraran-la-fiesta-por-el-139-aniversario-de-hinojo","status":"publish","type":"post","link":"https:\/\/cdnoticias.com\/index.php\/2026\/01\/17\/los-charros-cerraran-la-fiesta-por-el-139-aniversario-de-hinojo\/","title":{"rendered":"\u201cLos Charros\u201d cerrar\u00e1n la fiesta por el 139\u00b0 aniversario de Hinojo"},"content":{"rendered":"\n<p>La fiesta ser\u00e1 el pr\u00f3ximo domingo 18 de enero. Habr\u00e1 paseo de artesanos, emprendedores y patio gastron\u00f3mico.<\/p>\n\n\n\n<hr class=\"wp-block-separator aligncenter has-alpha-channel-opacity\"\/>\n\n\n\n<p>El pr\u00f3ximo <strong>domingo 18 de enero <\/strong>se realizar\u00e1 la <strong>fiesta por el 139\u00b0 aniversario de Hinojo.<\/strong> El evento, que es organizado desde la Subsecretar\u00eda de Cultura y la Delegaci\u00f3n Municipal, <strong>tendr\u00e1 como cierre la presentaci\u00f3n de la reconocida banda de cumbia \u201cLos Charros\u201d.\u00a0<\/strong><\/p>\n\n\n\n<p><\/p>\n\n\n\n<blockquote class=\"wp-block-quote is-layout-flow wp-block-quote-is-layout-flow\">\n<p>Adem\u00e1s, contar\u00e1 con la presentaci\u00f3n en vivo de artistas locales, feria de artesanos, emprendedores y propuestas gastron\u00f3micas.<\/p>\n<\/blockquote>\n\n\n\n<p><\/p>\n\n\n\n<p>La fiesta se desarrollar\u00e1 en el <strong>Parque Mitre de la localidad, desde las 19 horas.<\/strong> Se iniciar\u00e1 con el acto protocolar, que contar\u00e1 con la <strong>presencia de funcionarios municipales y referentes institucionales.<\/strong><\/p>\n\n\n\n<p><\/p>\n\n\n\n<p>Desde las<strong> 19:20 comenzar\u00e1n las propuestas art\u00edsticas y culturales, <\/strong>a la par de la <strong>habilitaci\u00f3n del paseo de artesanos, emprendedores y patio gastron\u00f3mico.<\/strong><\/p>\n\n\n\n<p><\/p>\n\n\n\n<blockquote class=\"wp-block-quote is-layout-flow wp-block-quote-is-layout-flow\">\n<p>Asimismo, se contar\u00e1 con las presentaciones en vivo del Taller Municipal de Folklore a cargo de Ana Paladini, Los de ahora, V\u00e9rtigo, Alta Gamma y el cierre ser\u00e1 a cargo de Los Charros.<\/p>\n<\/blockquote>\n\n\n\n<p><\/p>\n\n\n\n<p>A la par, se convoca a participar a instituciones, artesanos y emprendedores de la localidad. Personas y entidades de diversa \u00edndole que quieran ser parte de la celebraci\u00f3n podr\u00e1n inscribirse en la sede de la Delegaci\u00f3n Municipal de Hinojo, ubicada sobre Basterrica 1769, o al tel\u00e9fono (02284) 491023, en el horario de 7 a 13 horas. Cupos limitados.<\/p>\n\n\n\n<p><\/p>\n","protected":false},"excerpt":{"rendered":"<p>La fiesta ser\u00e1 el pr\u00f3ximo domingo 18 de enero. Habr\u00e1 paseo de artesanos, emprendedores y patio gastron\u00f3mico. El pr\u00f3ximo domingo<\/p>\n","protected":false},"author":6,"featured_media":134981,"comment_status":"closed","ping_status":"closed","sticky":false,"template":"","format":"standard","meta":{"_jetpack_memberships_contains_paid_content":false,"footnotes":""},"categories":[9,1],"tags":[],"class_list":["post-192683","post","type-post","status-publish","format-standard","has-post-thumbnail","hentry","category-cultura","category-portada"],"jetpack_featured_media_url":"https:\/\/i0.wp.com\/cdnoticias.com\/wp-content\/uploads\/2025\/01\/aniversario-hinojo-138-f.jpg?fit=1000%2C556&ssl=1","jetpack_sharing_enabled":true,"_links":{"self":[{"href":"https:\/\/cdnoticias.com\/index.php\/wp-json\/wp\/v2\/posts\/192683","targetHints":{"allow":["GET"]}}],"collection":[{"href":"https:\/\/cdnoticias.com\/index.php\/wp-json\/wp\/v2\/posts"}],"about":[{"href":"https:\/\/cdnoticias.com\/index.php\/wp-json\/wp\/v2\/types\/post"}],"author":[{"embeddable":true,"href":"https:\/\/cdnoticias.com\/index.php\/wp-json\/wp\/v2\/users\/6"}],"replies":[{"embeddable":true,"href":"https:\/\/cdnoticias.com\/index.php\/wp-json\/wp\/v2\/comments?post=192683"}],"version-history":[{"count":0,"href":"https:\/\/cdnoticias.com\/index.php\/wp-json\/wp\/v2\/posts\/192683\/revisions"}],"wp:featuredmedia":[{"embeddable":true,"href":"https:\/\/cdnoticias.com\/index.php\/wp-json\/wp\/v2\/media\/134981"}],"wp:attachment":[{"href":"https:\/\/cdnoticias.com\/index.php\/wp-json\/wp\/v2\/media?parent=192683"}],"wp:term":[{"taxonomy":"category","embeddable":true,"href":"https:\/\/cdnoticias.com\/index.php\/wp-json\/wp\/v2\/categories?post=192683"},{"taxonomy":"post_tag","embeddable":true,"href":"https:\/\/cdnoticias.com\/index.php\/wp-json\/wp\/v2\/tags?post=192683"}],"curies":[{"name":"wp","href":"https:\/\/api.w.org\/{rel}","templated":true}]}}