{"id":19260,"date":"2021-04-19T13:33:17","date_gmt":"2021-04-19T16:33:17","guid":{"rendered":"http:\/\/www.centraldenoticias.com.ar\/?p=19260"},"modified":"2021-04-19T13:33:17","modified_gmt":"2021-04-19T16:33:17","slug":"comienza-la-segunda-etapa-de-giro-en-olavarria","status":"publish","type":"post","link":"https:\/\/cdnoticias.com\/index.php\/2021\/04\/19\/comienza-la-segunda-etapa-de-giro-en-olavarria\/","title":{"rendered":"Comienza la segunda etapa de GIRO en Olavarr\u00eda"},"content":{"rendered":"<p>La segunda etapa de la prueba piloto comenzar\u00e1 este lunes y se extender\u00e1 al resto de los hogares de Los Robles y al barrio Municipales.<\/p>\n<p><!--more--><\/p>\n<hr \/>\n<p>La <strong>segunda etapa de la prueba piloto del programa Giro comenzar\u00e1 este lunes<\/strong> y se extender\u00e1 al resto de los hogares de <strong>Los Robles<\/strong> y al barrio <strong>Municipales<\/strong>.<\/p>\n<p>&nbsp;<\/p>\n<p>La zona que se incorpora a la prueba piloto es la comprendida entre las calles Rossi, Av. Avellaneda, Lavalle y Aramburu. De esta forma, son <strong>120 hogares que se suman a los 160 que ya participaban<\/strong> de la prueba piloto desde marzo para totalizar 280 viviendas en las que funciona la prueba piloto.<\/p>\n<p>&nbsp;<\/p>\n<p>&nbsp;<\/p>\n<p><img data-recalc-dims=\"1\" loading=\"lazy\" decoding=\"async\" class=\"aligncenter wp-image-18801 size-large\" src=\"https:\/\/i0.wp.com\/cdnoticias.com\/wp-content\/uploads\/2021\/04\/DE-GIRO-piloto-1024x683-1024x683.jpg?resize=800%2C534&#038;ssl=1\" alt=\"\" width=\"800\" height=\"534\" srcset=\"https:\/\/i0.wp.com\/cdnoticias.com\/wp-content\/uploads\/2021\/04\/DE-GIRO-piloto-1024x683.jpg?resize=1024%2C683&amp;ssl=1 1024w, https:\/\/i0.wp.com\/cdnoticias.com\/wp-content\/uploads\/2021\/04\/DE-GIRO-piloto-1024x683.jpg?resize=300%2C200&amp;ssl=1 300w, https:\/\/i0.wp.com\/cdnoticias.com\/wp-content\/uploads\/2021\/04\/DE-GIRO-piloto-1024x683.jpg?resize=768%2C512&amp;ssl=1 768w, https:\/\/i0.wp.com\/cdnoticias.com\/wp-content\/uploads\/2021\/04\/DE-GIRO-piloto-1024x683.jpg?resize=272%2C182&amp;ssl=1 272w\" sizes=\"auto, (max-width: 800px) 100vw, 800px\" \/><\/p>\n<p>&nbsp;<\/p>\n<blockquote><p>Desde GIRO se solicitar\u00e1 a los vecinos que separen sus residuos en tres corrientes diferentes: reciclables, compostables y basura. Se implementar\u00e1, a la vez, un sistema de recolecci\u00f3n diferenciada en el que se recolectar\u00e1 cada corriente en d\u00edas espec\u00edficos. Los d\u00edas martes y s\u00e1bados se recolectar\u00e1 la basura, mientras que los jueves se recolectar\u00e1n los compostables y los viernes los reciclables.<\/p><\/blockquote>\n<p>&nbsp;<\/p>\n<p>Adem\u00e1s se realizar\u00e1 una <strong>campa\u00f1a de comunicaci\u00f3n y concientizaci\u00f3n<\/strong> para que todos los hogares cuenten con la informaci\u00f3n necesaria, los vecinos recibir\u00e1n una carta informativa, se repartir\u00e1n folletos explicativos e imanes. A su vez, se lanzar\u00e1 un <strong>video educativo<\/strong> a trav\u00e9s de los canales oficiales de GIRO.<\/p>\n<p>&nbsp;<\/p>\n<p>Para la incorporaci\u00f3n de esta<a href=\"https:\/\/cdnoticias.com\/index.php\/2021\/04\/14\/nueva-etapa-de-giro-se-amplia-la-zona-de-separacion-de-residuos\/\"><strong> segunda zona piloto<\/strong><\/a> se continu\u00f3 el trabajo en conjunto tanto con la empresa de recolecci\u00f3n Transportes Malvinas SRL y con la Junta Vecinal de Los Robles, como con distintos actores sociales de la comunidad.<\/p>\n<p>&nbsp;<\/p>\n<p>Los <strong>objetivos de GIRO<\/strong> son:<\/p>\n<p>&nbsp;<\/p>\n<ul>\n<li><strong>Reducir la cantidad de residuos<\/strong> que terminan en el relleno sanitario e incorporarlos nuevamente al ciclo productivo.<\/li>\n<\/ul>\n<p>&nbsp;<\/p>\n<ul>\n<li><strong>Construir campa\u00f1as de concientizaci\u00f3n para la comunidad<\/strong> que ayuden a aumentar la cantidad de separaci\u00f3n tanto de los materiales reciclables como de los residuos compostables.<\/li>\n<\/ul>\n<p>&nbsp;<\/p>\n<ul>\n<li>Promover procesos de <strong>inclusi\u00f3n social<\/strong> a partir del trabajo con las personas y sus organizaciones; mejorar las &#8211; condiciones de trabajo y realizar un seguimiento integral de los actores m\u00e1s vulnerables del ecosistema.<\/li>\n<\/ul>\n<p>&nbsp;<\/p>\n<ul>\n<li><strong>Incrementar la recuperaci\u00f3n de materiales reciclables<\/strong> para crear nuevas fuentes de ingresos, as\u00ed como identificar nuevos mercados y emprendimientos para los materiales dif\u00edciles de reciclar.<\/li>\n<\/ul>\n<p>&nbsp;<\/p>\n<p>Para m\u00e1s informaci\u00f3n pueden consultar: en su <strong>pagina web<\/strong>\u00a0giro.olavarria.gov.ar y en <strong>sus redes sociales Facebook<\/strong> giro.olavarria e <strong>Instagram<\/strong> giro.olavarria<\/p>\n<p>&nbsp;<\/p>\n","protected":false},"excerpt":{"rendered":"<p>La segunda etapa de la prueba piloto comenzar\u00e1 este lunes y se extender\u00e1 al resto de los hogares de Los<\/p>\n","protected":false},"author":6,"featured_media":15228,"comment_status":"closed","ping_status":"closed","sticky":false,"template":"","format":"standard","meta":{"_jetpack_memberships_contains_paid_content":false,"footnotes":""},"categories":[5,1],"tags":[],"class_list":["post-19260","post","type-post","status-publish","format-standard","has-post-thumbnail","hentry","category-informacion-general","category-portada"],"jetpack_featured_media_url":"https:\/\/i0.wp.com\/cdnoticias.com\/wp-content\/uploads\/2021\/03\/giro00.jpg?fit=800%2C445&ssl=1","jetpack_sharing_enabled":true,"_links":{"self":[{"href":"https:\/\/cdnoticias.com\/index.php\/wp-json\/wp\/v2\/posts\/19260","targetHints":{"allow":["GET"]}}],"collection":[{"href":"https:\/\/cdnoticias.com\/index.php\/wp-json\/wp\/v2\/posts"}],"about":[{"href":"https:\/\/cdnoticias.com\/index.php\/wp-json\/wp\/v2\/types\/post"}],"author":[{"embeddable":true,"href":"https:\/\/cdnoticias.com\/index.php\/wp-json\/wp\/v2\/users\/6"}],"replies":[{"embeddable":true,"href":"https:\/\/cdnoticias.com\/index.php\/wp-json\/wp\/v2\/comments?post=19260"}],"version-history":[{"count":0,"href":"https:\/\/cdnoticias.com\/index.php\/wp-json\/wp\/v2\/posts\/19260\/revisions"}],"wp:featuredmedia":[{"embeddable":true,"href":"https:\/\/cdnoticias.com\/index.php\/wp-json\/wp\/v2\/media\/15228"}],"wp:attachment":[{"href":"https:\/\/cdnoticias.com\/index.php\/wp-json\/wp\/v2\/media?parent=19260"}],"wp:term":[{"taxonomy":"category","embeddable":true,"href":"https:\/\/cdnoticias.com\/index.php\/wp-json\/wp\/v2\/categories?post=19260"},{"taxonomy":"post_tag","embeddable":true,"href":"https:\/\/cdnoticias.com\/index.php\/wp-json\/wp\/v2\/tags?post=19260"}],"curies":[{"name":"wp","href":"https:\/\/api.w.org\/{rel}","templated":true}]}}