{"id":19255,"date":"2021-04-19T11:05:20","date_gmt":"2021-04-19T14:05:20","guid":{"rendered":"http:\/\/www.centraldenoticias.com.ar\/?p=19255"},"modified":"2021-04-19T11:05:20","modified_gmt":"2021-04-19T14:05:20","slug":"volvera-a-reunirse-la-comision-que-analiza-el-transporte-interurbano","status":"publish","type":"post","link":"https:\/\/cdnoticias.com\/index.php\/2021\/04\/19\/volvera-a-reunirse-la-comision-que-analiza-el-transporte-interurbano\/","title":{"rendered":"Volver\u00e1 a reunirse la comisi\u00f3n que analiza el transporte interurbano"},"content":{"rendered":"<p>El encuentro tendr\u00e1 lugar el martes en el Municipio. Ser\u00e1 la segunda reuni\u00f3n para avanzar en el estudio de la futura licitaci\u00f3n.<!--more--><\/p>\n<hr \/>\n<p><strong>La comisi\u00f3n de transporte interurbano de pasajeros que trabajar\u00e1 sobre la nueva concesi\u00f3n del servicio volver\u00e1 a reunirse este martes.<\/strong><\/p>\n<p>&nbsp;<\/p>\n<p>El encuentro <strong>se har\u00e1 durante la ma\u00f1ana en la sede del Palacio San Mart\u00edn<\/strong> donde se encontrar\u00e1n los integrantes: representantes del Ejecutivo y del Concejo Deliberante.<\/p>\n<p>&nbsp;<\/p>\n<p>Se cuidar\u00e1 especialmente la cantidad de asistentes a fin de cumplir con los protocolos de prevenci\u00f3n sanitaria por la pandemia.<\/p>\n<p>&nbsp;<\/p>\n<p>Ser\u00e1 la <a href=\"https:\/\/cdnoticias.com\/index.php\/2021\/03\/30\/se-presento-la-comision-de-transporte-interurbano\/\" target=\"_blank\" rel=\"noopener\">segunda reuni\u00f3n de la comisi\u00f3n<\/a> y, <strong>si bien estaba prevista para hacerse la semana pasada, debido a la agenda legislativa se posterg\u00f3 para este martes<\/strong>.<\/p>\n<p>&nbsp;<\/p>\n<p>A su vez, cabe recordar que en paralelo,<a href=\"https:\/\/cdnoticias.com\/index.php\/2021\/04\/09\/licitacion-de-transporte-interurbano-el-municipio-se-reunio-con-la-uta\/\" target=\"_blank\" rel=\"noopener\"> el secretario de Gobierno, Hilario Galli, mantuvo un encuentro<\/a> con el <strong>delegado del sindicato UTA en la actual concesionaria, Jorge Pad\u00edn<\/strong>, para invitarlo a trabajar tambi\u00e9n en el pliego licitatorio.<\/p>\n","protected":false},"excerpt":{"rendered":"<p>El encuentro tendr\u00e1 lugar el martes en el Municipio. Ser\u00e1 la segunda reuni\u00f3n para avanzar en el estudio de la<\/p>\n","protected":false},"author":4,"featured_media":17524,"comment_status":"closed","ping_status":"closed","sticky":false,"template":"","format":"standard","meta":{"_jetpack_memberships_contains_paid_content":false,"footnotes":""},"categories":[5,1],"tags":[],"class_list":["post-19255","post","type-post","status-publish","format-standard","has-post-thumbnail","hentry","category-informacion-general","category-portada"],"jetpack_featured_media_url":"https:\/\/i0.wp.com\/cdnoticias.com\/wp-content\/uploads\/2021\/03\/comisiontransporte03.jpg?fit=800%2C445&ssl=1","jetpack_sharing_enabled":true,"_links":{"self":[{"href":"https:\/\/cdnoticias.com\/index.php\/wp-json\/wp\/v2\/posts\/19255","targetHints":{"allow":["GET"]}}],"collection":[{"href":"https:\/\/cdnoticias.com\/index.php\/wp-json\/wp\/v2\/posts"}],"about":[{"href":"https:\/\/cdnoticias.com\/index.php\/wp-json\/wp\/v2\/types\/post"}],"author":[{"embeddable":true,"href":"https:\/\/cdnoticias.com\/index.php\/wp-json\/wp\/v2\/users\/4"}],"replies":[{"embeddable":true,"href":"https:\/\/cdnoticias.com\/index.php\/wp-json\/wp\/v2\/comments?post=19255"}],"version-history":[{"count":0,"href":"https:\/\/cdnoticias.com\/index.php\/wp-json\/wp\/v2\/posts\/19255\/revisions"}],"wp:featuredmedia":[{"embeddable":true,"href":"https:\/\/cdnoticias.com\/index.php\/wp-json\/wp\/v2\/media\/17524"}],"wp:attachment":[{"href":"https:\/\/cdnoticias.com\/index.php\/wp-json\/wp\/v2\/media?parent=19255"}],"wp:term":[{"taxonomy":"category","embeddable":true,"href":"https:\/\/cdnoticias.com\/index.php\/wp-json\/wp\/v2\/categories?post=19255"},{"taxonomy":"post_tag","embeddable":true,"href":"https:\/\/cdnoticias.com\/index.php\/wp-json\/wp\/v2\/tags?post=19255"}],"curies":[{"name":"wp","href":"https:\/\/api.w.org\/{rel}","templated":true}]}}