{"id":19247,"date":"2021-04-19T09:06:46","date_gmt":"2021-04-19T12:06:46","guid":{"rendered":"http:\/\/www.centraldenoticias.com.ar\/?p=19247"},"modified":"2021-04-19T09:51:26","modified_gmt":"2021-04-19T12:51:26","slug":"abandonaron-la-moto-y-un-carro-con-alambrado-perimetral","status":"publish","type":"post","link":"https:\/\/cdnoticias.com\/index.php\/2021\/04\/19\/abandonaron-la-moto-y-un-carro-con-alambrado-perimetral\/","title":{"rendered":"Abandonaron la moto y un carro con alambrado perimetral"},"content":{"rendered":"<p>Fue en Las Rosas al 2500. Dos hombres los llevaban y se fugaron al advertir que llegaba un m\u00f3vil policial.<!--more--><\/p>\n<hr \/>\n<p><strong>En una recorrida de personal policial por barrio Villa Aurora dieron con una moto y un carro que fueron abandonados.<\/strong><\/p>\n<p>&nbsp;<\/p>\n<p>Seg\u00fan se detall\u00f3, tras un llamado al 911 efectivos del Comando de Patrullas Olavarr\u00eda con colaboraci\u00f3n de Comisar\u00eda Segunda llegaron a calle <strong>Las Rosas al 2500<\/strong>.<\/p>\n<p>&nbsp;<\/p>\n<p><img data-recalc-dims=\"1\" loading=\"lazy\" decoding=\"async\" class=\"wp-image-19249 size-full aligncenter\" src=\"https:\/\/i0.wp.com\/cdnoticias.com\/wp-content\/uploads\/2021\/04\/policia-hallazgo00.jpg?resize=720%2C790&#038;ssl=1\" alt=\"\" width=\"720\" height=\"790\" srcset=\"https:\/\/i0.wp.com\/cdnoticias.com\/wp-content\/uploads\/2021\/04\/policia-hallazgo00.jpg?w=720&amp;ssl=1 720w, https:\/\/i0.wp.com\/cdnoticias.com\/wp-content\/uploads\/2021\/04\/policia-hallazgo00.jpg?resize=273%2C300&amp;ssl=1 273w\" sizes=\"auto, (max-width: 720px) 100vw, 720px\" \/><\/p>\n<p>&nbsp;<\/p>\n<blockquote><p>All\u00ed observaron una motocicleta marca Keller modelo 110 cc con dos hombres quienes, al notar la presencia policial, dejaron el rodado y un carro que llevaron para darse inmediatamente a la fuga.<\/p><\/blockquote>\n<p>&nbsp;<\/p>\n<p>Los art\u00edculos fueron secuestrados, junto con <strong>4 rollos de tejido perimetral<\/strong> que eran transportados en el carro.<\/p>\n<p>&nbsp;<\/p>\n<p>Se iniciaron actuaciones caratuladas \u201challazgo\u201d a cargo de la UFI N\u00b0 4 que encabeza la fiscal Paula Serrano.<\/p>\n","protected":false},"excerpt":{"rendered":"<p>Fue en Las Rosas al 2500. Dos hombres los llevaban y se fugaron al advertir que llegaba un m\u00f3vil policial.<\/p>\n","protected":false},"author":4,"featured_media":19248,"comment_status":"closed","ping_status":"closed","sticky":false,"template":"","format":"standard","meta":{"_jetpack_memberships_contains_paid_content":false,"footnotes":""},"categories":[14,1],"tags":[],"class_list":["post-19247","post","type-post","status-publish","format-standard","has-post-thumbnail","hentry","category-policiales","category-portada"],"jetpack_featured_media_url":"https:\/\/i0.wp.com\/cdnoticias.com\/wp-content\/uploads\/2021\/04\/policia-hallazgo01.jpg?fit=800%2C445&ssl=1","jetpack_sharing_enabled":true,"_links":{"self":[{"href":"https:\/\/cdnoticias.com\/index.php\/wp-json\/wp\/v2\/posts\/19247","targetHints":{"allow":["GET"]}}],"collection":[{"href":"https:\/\/cdnoticias.com\/index.php\/wp-json\/wp\/v2\/posts"}],"about":[{"href":"https:\/\/cdnoticias.com\/index.php\/wp-json\/wp\/v2\/types\/post"}],"author":[{"embeddable":true,"href":"https:\/\/cdnoticias.com\/index.php\/wp-json\/wp\/v2\/users\/4"}],"replies":[{"embeddable":true,"href":"https:\/\/cdnoticias.com\/index.php\/wp-json\/wp\/v2\/comments?post=19247"}],"version-history":[{"count":0,"href":"https:\/\/cdnoticias.com\/index.php\/wp-json\/wp\/v2\/posts\/19247\/revisions"}],"wp:featuredmedia":[{"embeddable":true,"href":"https:\/\/cdnoticias.com\/index.php\/wp-json\/wp\/v2\/media\/19248"}],"wp:attachment":[{"href":"https:\/\/cdnoticias.com\/index.php\/wp-json\/wp\/v2\/media?parent=19247"}],"wp:term":[{"taxonomy":"category","embeddable":true,"href":"https:\/\/cdnoticias.com\/index.php\/wp-json\/wp\/v2\/categories?post=19247"},{"taxonomy":"post_tag","embeddable":true,"href":"https:\/\/cdnoticias.com\/index.php\/wp-json\/wp\/v2\/tags?post=19247"}],"curies":[{"name":"wp","href":"https:\/\/api.w.org\/{rel}","templated":true}]}}