{"id":19245,"date":"2021-04-19T08:26:51","date_gmt":"2021-04-19T11:26:51","guid":{"rendered":"http:\/\/www.centraldenoticias.com.ar\/?p=19245"},"modified":"2021-04-19T08:26:51","modified_gmt":"2021-04-19T11:26:51","slug":"maria-del-carmen-gonzalez-mary-q-e-p-d","status":"publish","type":"post","link":"https:\/\/cdnoticias.com\/index.php\/2021\/04\/19\/maria-del-carmen-gonzalez-mary-q-e-p-d\/","title":{"rendered":"Mar\u00eda Del Carmen Gonz\u00e1lez &#8220;Mary&#8221; (Q.E.P.D.)"},"content":{"rendered":"<p>Falleci\u00f3 en Olavarr\u00eda el d\u00eda 19 de abril de 2021 a los 84 a\u00f1os de edad.<\/p>\n<p>Su hija: Silvia Liliana Ortiz. Su hijo pol\u00edtico: Adolfo Enrique Teijeiro. Sus nietos: Elvis, Demis y Alexa Garc\u00eda Ortiz. Sus nietos pol\u00edticos: Guadalupe Hern\u00e1ndez, Patricia L\u00f3pez y Lucas Goutier. Sus bisnietos: Tiago, Benjam\u00edn, Aixa, Sim\u00f3n y Nayla y dem\u00e1s deudos participan su fallecimiento.<\/p>\n<p>Sin velatorio. Responso: Crematorio Pinos de Paz. Cremaci\u00f3n: Crematorio Pinos de Paz, en d\u00eda a confirmar. Servicio adherido a Coopelectric.<\/p>\n<p>Barrio en el que viv\u00eda: La M\u00e1xima.<\/p>\n<p>Lugar de nacimiento: Bol\u00edvar.<\/p>\n<p>Actividad que desarrollaba: Jubilada.<\/p>\n","protected":false},"excerpt":{"rendered":"<p>Falleci\u00f3 en Olavarr\u00eda el d\u00eda 19 de abril de 2021 a los 84 a\u00f1os de edad. Su hija: Silvia Liliana<\/p>\n","protected":false},"author":4,"featured_media":0,"comment_status":"closed","ping_status":"closed","sticky":false,"template":"","format":"standard","meta":{"_jetpack_memberships_contains_paid_content":false,"footnotes":""},"categories":[10],"tags":[],"class_list":["post-19245","post","type-post","status-publish","format-standard","hentry","category-necrologicas"],"jetpack_featured_media_url":"","jetpack_sharing_enabled":true,"_links":{"self":[{"href":"https:\/\/cdnoticias.com\/index.php\/wp-json\/wp\/v2\/posts\/19245","targetHints":{"allow":["GET"]}}],"collection":[{"href":"https:\/\/cdnoticias.com\/index.php\/wp-json\/wp\/v2\/posts"}],"about":[{"href":"https:\/\/cdnoticias.com\/index.php\/wp-json\/wp\/v2\/types\/post"}],"author":[{"embeddable":true,"href":"https:\/\/cdnoticias.com\/index.php\/wp-json\/wp\/v2\/users\/4"}],"replies":[{"embeddable":true,"href":"https:\/\/cdnoticias.com\/index.php\/wp-json\/wp\/v2\/comments?post=19245"}],"version-history":[{"count":0,"href":"https:\/\/cdnoticias.com\/index.php\/wp-json\/wp\/v2\/posts\/19245\/revisions"}],"wp:attachment":[{"href":"https:\/\/cdnoticias.com\/index.php\/wp-json\/wp\/v2\/media?parent=19245"}],"wp:term":[{"taxonomy":"category","embeddable":true,"href":"https:\/\/cdnoticias.com\/index.php\/wp-json\/wp\/v2\/categories?post=19245"},{"taxonomy":"post_tag","embeddable":true,"href":"https:\/\/cdnoticias.com\/index.php\/wp-json\/wp\/v2\/tags?post=19245"}],"curies":[{"name":"wp","href":"https:\/\/api.w.org\/{rel}","templated":true}]}}