{"id":19240,"date":"2021-04-18T21:28:22","date_gmt":"2021-04-19T00:28:22","guid":{"rendered":"http:\/\/www.centraldenoticias.com.ar\/?p=19240"},"modified":"2021-04-19T18:42:04","modified_gmt":"2021-04-19T21:42:04","slug":"covid-otra-semana-con-cronograma-intensificado-de-testeos","status":"publish","type":"post","link":"https:\/\/cdnoticias.com\/index.php\/2021\/04\/18\/covid-otra-semana-con-cronograma-intensificado-de-testeos\/","title":{"rendered":"Covid: otra semana con cronograma intensificado de testeos"},"content":{"rendered":"<p class=\"western\">RTA estar\u00e1 este lunes en el Paseo de la Salud desde las 11. El martes, se suma la Regi\u00f3n Sanitaria IX en el club El Provincial.<!--more--><\/p>\n<hr \/>\n<p class=\"western\"><strong>Continuar\u00e1 el programa RTA de testeos del Municipio desde este lunes<\/strong> y se sumar\u00e1, como la semana anterior, <strong>la Regi\u00f3n Sanitaria IX que el martes desplegar\u00e1 su equipo en otro sector de Olavarr\u00eda<\/strong>.<\/p>\n<p>&nbsp;<\/p>\n<p class=\"western\">Con el <a href=\"https:\/\/cdnoticias.com\/index.php\/2021\/04\/10\/anunciaron-la-puesta-en-marcha-de-una-nueva-edicion-del-programa-testeo-intensivo\/\" target=\"_blank\" rel=\"noopener\">programa Rastrear, Testear y Aislar<\/a> la Secretar\u00eda de Salud municipal busca<strong> \u201cbajar la positividad\u201d y avanzar en la detecci\u00f3n de los contagios<\/strong> a fin de detener el avance de la enfermedad<\/p>\n<p>&nbsp;<\/p>\n<blockquote><p>Este lunes desde las 11 horas el personal organizado por la Municipalidad se ubicar\u00e1 en el Paseo de la Salud, en Belgrano y Brown.<\/p><\/blockquote>\n<p>&nbsp;<\/p>\n<p class=\"western\">En tanto, el martes lo har\u00e1 en el Servicio Territorial N\u00b0 6 (Balcarce y Mendoza); el mi\u00e9rcoles volver\u00e1 al Paseo de la Salud; el jueves se trasladar\u00e1 hasta Hinojo y cerrar\u00e1 la semana el viernes nuevamente en el Paseo de la Salud. Todos los d\u00edas comienza a las 11.<\/p>\n<p>&nbsp;<\/p>\n<p class=\"western\"><img data-recalc-dims=\"1\" loading=\"lazy\" decoding=\"async\" class=\"aligncenter wp-image-17990 size-large\" src=\"https:\/\/i0.wp.com\/cdnoticias.com\/wp-content\/uploads\/2021\/04\/rta-testeos-lunes-cdn1.jpg?resize=800%2C600&#038;ssl=1\" alt=\"\" width=\"800\" height=\"600\" srcset=\"https:\/\/i0.wp.com\/cdnoticias.com\/wp-content\/uploads\/2021\/04\/rta-testeos-lunes-cdn1.jpg?resize=1024%2C768&amp;ssl=1 1024w, https:\/\/i0.wp.com\/cdnoticias.com\/wp-content\/uploads\/2021\/04\/rta-testeos-lunes-cdn1.jpg?resize=300%2C225&amp;ssl=1 300w, https:\/\/i0.wp.com\/cdnoticias.com\/wp-content\/uploads\/2021\/04\/rta-testeos-lunes-cdn1.jpg?resize=768%2C576&amp;ssl=1 768w, https:\/\/i0.wp.com\/cdnoticias.com\/wp-content\/uploads\/2021\/04\/rta-testeos-lunes-cdn1.jpg?w=1152&amp;ssl=1 1152w\" sizes=\"auto, (max-width: 800px) 100vw, 800px\" \/><\/p>\n<p class=\"western\">Paralelamente, contin\u00faa el <strong>Programa RTA pedi\u00e1trico<\/strong> en el SUM de Pediatr\u00eda todos los d\u00edas desde las 9.30 horas y los <strong>PCR<\/strong> desde las 7 horas en el Hospital Municipal \u201cDr. H\u00e9ctor Cura\u201d.<\/p>\n<p>&nbsp;<\/p>\n<p class=\"western\">En todos los casos, se testea a <strong>personas con s\u00edntomas compatibles con la enfermedad<\/strong>.<\/p>\n<p>&nbsp;<\/p>\n<p class=\"western\"><strong>El martes, m\u00e1s testeos<\/strong><\/p>\n<p>&nbsp;<\/p>\n<p class=\"western\">Desde el Ministerio de Salud provincial, a trav\u00e9s de la <strong>Regi\u00f3n Sanitaria IX el martes se realizar\u00e1 otra jornada de testeo r\u00e1pido de Covid en el Club El Provincial de Belgrano y Tacuar\u00ed<\/strong>.<\/p>\n<p>&nbsp;<\/p>\n<p><img data-recalc-dims=\"1\" loading=\"lazy\" decoding=\"async\" class=\"alignnone wp-image-18709 size-large\" src=\"https:\/\/i0.wp.com\/cdnoticias.com\/wp-content\/uploads\/2021\/04\/testeo-rapido-villa-floresta-2.jpg?resize=800%2C600&#038;ssl=1\" alt=\"\" width=\"800\" height=\"600\" srcset=\"https:\/\/i0.wp.com\/cdnoticias.com\/wp-content\/uploads\/2021\/04\/testeo-rapido-villa-floresta-2.jpg?resize=1024%2C768&amp;ssl=1 1024w, https:\/\/i0.wp.com\/cdnoticias.com\/wp-content\/uploads\/2021\/04\/testeo-rapido-villa-floresta-2.jpg?resize=300%2C225&amp;ssl=1 300w, https:\/\/i0.wp.com\/cdnoticias.com\/wp-content\/uploads\/2021\/04\/testeo-rapido-villa-floresta-2.jpg?resize=768%2C576&amp;ssl=1 768w, https:\/\/i0.wp.com\/cdnoticias.com\/wp-content\/uploads\/2021\/04\/testeo-rapido-villa-floresta-2.jpg?w=1040&amp;ssl=1 1040w\" sizes=\"auto, (max-width: 800px) 100vw, 800px\" \/><\/p>\n<p>&nbsp;<\/p>\n<p class=\"western\">Se trata de una propuesta articulada con la Secretar\u00eda de Salud P\u00fablica del Municipio.<\/p>\n<blockquote><p>A partir de las 10 horas comenzar\u00e1n los testeos: todas las personas que tengan sintomatolog\u00eda compatible con Covid podr\u00e1n acercarse de forma espont\u00e1nea y ser\u00e1n hisopados.<\/p><\/blockquote>\n<p>Adem\u00e1s, al igual que <a href=\"https:\/\/cdnoticias.com\/index.php\/2021\/04\/13\/unos-100-testeos-se-realizaron-en-el-club-villa-floresta\/\" target=\"_blank\" rel=\"noopener\">en la jornada anterior cuando se llev\u00f3 adelante en el club Villa Floresta<\/a>, se desplegar\u00e1 un <strong>abordaje territorial puerta a puerta<\/strong> para detectar casos sospechosos, promover pautas de prevenci\u00f3n e inscribir al plan provincial de vacunaci\u00f3n contra el coronavirus, que es p\u00fablico, gratuito y optativo.<\/p>\n","protected":false},"excerpt":{"rendered":"<p>RTA estar\u00e1 este lunes en el Paseo de la Salud desde las 11. El martes, se suma la Regi\u00f3n Sanitaria<\/p>\n","protected":false},"author":4,"featured_media":17769,"comment_status":"closed","ping_status":"closed","sticky":false,"template":"","format":"standard","meta":{"_jetpack_memberships_contains_paid_content":false,"footnotes":""},"categories":[5,1],"tags":[],"class_list":["post-19240","post","type-post","status-publish","format-standard","has-post-thumbnail","hentry","category-informacion-general","category-portada"],"jetpack_featured_media_url":"https:\/\/i0.wp.com\/cdnoticias.com\/wp-content\/uploads\/2021\/04\/RTAPaseodelaSalud000.jpg?fit=1040%2C578&ssl=1","jetpack_sharing_enabled":true,"_links":{"self":[{"href":"https:\/\/cdnoticias.com\/index.php\/wp-json\/wp\/v2\/posts\/19240","targetHints":{"allow":["GET"]}}],"collection":[{"href":"https:\/\/cdnoticias.com\/index.php\/wp-json\/wp\/v2\/posts"}],"about":[{"href":"https:\/\/cdnoticias.com\/index.php\/wp-json\/wp\/v2\/types\/post"}],"author":[{"embeddable":true,"href":"https:\/\/cdnoticias.com\/index.php\/wp-json\/wp\/v2\/users\/4"}],"replies":[{"embeddable":true,"href":"https:\/\/cdnoticias.com\/index.php\/wp-json\/wp\/v2\/comments?post=19240"}],"version-history":[{"count":0,"href":"https:\/\/cdnoticias.com\/index.php\/wp-json\/wp\/v2\/posts\/19240\/revisions"}],"wp:featuredmedia":[{"embeddable":true,"href":"https:\/\/cdnoticias.com\/index.php\/wp-json\/wp\/v2\/media\/17769"}],"wp:attachment":[{"href":"https:\/\/cdnoticias.com\/index.php\/wp-json\/wp\/v2\/media?parent=19240"}],"wp:term":[{"taxonomy":"category","embeddable":true,"href":"https:\/\/cdnoticias.com\/index.php\/wp-json\/wp\/v2\/categories?post=19240"},{"taxonomy":"post_tag","embeddable":true,"href":"https:\/\/cdnoticias.com\/index.php\/wp-json\/wp\/v2\/tags?post=19240"}],"curies":[{"name":"wp","href":"https:\/\/api.w.org\/{rel}","templated":true}]}}