{"id":19225,"date":"2021-04-18T19:59:32","date_gmt":"2021-04-18T22:59:32","guid":{"rendered":"http:\/\/www.centraldenoticias.com.ar\/?p=19225"},"modified":"2021-04-18T19:59:32","modified_gmt":"2021-04-18T22:59:32","slug":"simposio-internacional-de-escultores","status":"publish","type":"post","link":"https:\/\/cdnoticias.com\/index.php\/2021\/04\/18\/simposio-internacional-de-escultores\/","title":{"rendered":"Simposio Internacional de Escultores"},"content":{"rendered":"<p>Organizado por el taller de Picapedreros y Escultores de Olavarr\u00eda se realizar\u00e1 del 21 al 30 de abril. Charlas virtuales de una decena de artistas de distintos pa\u00edses.<!--more--><\/p>\n<hr \/>\n<p>El <strong>Taller de Picapedreros y Escultores de Olavarr\u00eda<\/strong> presentar\u00e1 charlas abiertas en un <strong>\u201cSimposio Internacional de Escultores\u201d<\/strong>.<\/p>\n<p>&nbsp;<\/p>\n<p>Se trata de una <strong>\u201cexperiencia virtual\u201d<\/strong> a desarrollarse <strong>del 21 al 30 de abril<\/strong>.<\/p>\n<p>&nbsp;<\/p>\n<blockquote><p>\u201cCompartiremos la experiencia de 10 escultores internacionales, y nos contar\u00e1n de d\u00f3nde son, c\u00f3mo y con qu\u00e9 materiales\/herramientas intervienen en el arte escult\u00f3rico\u201d, tal como difundi\u00f3 el artista Nacho Cardiello.<\/p><\/blockquote>\n<p>&nbsp;<\/p>\n<p><img data-recalc-dims=\"1\" loading=\"lazy\" decoding=\"async\" class=\"aligncenter wp-image-19226\" src=\"https:\/\/i0.wp.com\/cdnoticias.com\/wp-content\/uploads\/2021\/04\/taller-de-escultores-300x300.jpg?resize=450%2C450&#038;ssl=1\" alt=\"\" width=\"450\" height=\"450\" srcset=\"https:\/\/i0.wp.com\/cdnoticias.com\/wp-content\/uploads\/2021\/04\/taller-de-escultores.jpg?resize=300%2C300&amp;ssl=1 300w, https:\/\/i0.wp.com\/cdnoticias.com\/wp-content\/uploads\/2021\/04\/taller-de-escultores.jpg?resize=150%2C150&amp;ssl=1 150w, https:\/\/i0.wp.com\/cdnoticias.com\/wp-content\/uploads\/2021\/04\/taller-de-escultores.jpg?resize=768%2C768&amp;ssl=1 768w, https:\/\/i0.wp.com\/cdnoticias.com\/wp-content\/uploads\/2021\/04\/taller-de-escultores.jpg?resize=1024%2C1024&amp;ssl=1 1024w, https:\/\/i0.wp.com\/cdnoticias.com\/wp-content\/uploads\/2021\/04\/taller-de-escultores.jpg?w=1800&amp;ssl=1 1800w, https:\/\/i0.wp.com\/cdnoticias.com\/wp-content\/uploads\/2021\/04\/taller-de-escultores.jpg?w=1600&amp;ssl=1 1600w\" sizes=\"auto, (max-width: 450px) 100vw, 450px\" \/><\/p>\n<p>&nbsp;<\/p>\n<p>\u00c9l mismo ser\u00e1 uno de los expositores adem\u00e1s de Ingrid Mart\u00ednez de M\u00e9xico, Tamila Mamatova de Kyrgyzstan, Milton Estrella Gavidia de Ecuador, Paul Grecca de Peru, Giovanni Cubilo-Solano de Costa Rica, Camilo G\u00f3mez de Colombia, Nico Fari\u00f1a de Uruguay, Elizabeth Navarrete Rossel de Venezuela y Diego de la Toore Laguna de Espa\u00f1a.<\/p>\n<p>&nbsp;<\/p>\n<p>Por m\u00e1s informaci\u00f3n pueden contactarse por <em>Facebook e Instagram como \u201cTaller de Picapedreros\u201d y \u201cSimposio de Escultores\u201d<\/em>.<\/p>\n","protected":false},"excerpt":{"rendered":"<p>Organizado por el taller de Picapedreros y Escultores de Olavarr\u00eda se realizar\u00e1 del 21 al 30 de abril. Charlas virtuales<\/p>\n","protected":false},"author":4,"featured_media":19227,"comment_status":"closed","ping_status":"closed","sticky":false,"template":"","format":"standard","meta":{"_jetpack_memberships_contains_paid_content":false,"footnotes":""},"categories":[9,1],"tags":[],"class_list":["post-19225","post","type-post","status-publish","format-standard","has-post-thumbnail","hentry","category-cultura","category-portada"],"jetpack_featured_media_url":"https:\/\/i0.wp.com\/cdnoticias.com\/wp-content\/uploads\/2021\/04\/taller-de-escultores-1.jpg?fit=756%2C420&ssl=1","jetpack_sharing_enabled":true,"_links":{"self":[{"href":"https:\/\/cdnoticias.com\/index.php\/wp-json\/wp\/v2\/posts\/19225","targetHints":{"allow":["GET"]}}],"collection":[{"href":"https:\/\/cdnoticias.com\/index.php\/wp-json\/wp\/v2\/posts"}],"about":[{"href":"https:\/\/cdnoticias.com\/index.php\/wp-json\/wp\/v2\/types\/post"}],"author":[{"embeddable":true,"href":"https:\/\/cdnoticias.com\/index.php\/wp-json\/wp\/v2\/users\/4"}],"replies":[{"embeddable":true,"href":"https:\/\/cdnoticias.com\/index.php\/wp-json\/wp\/v2\/comments?post=19225"}],"version-history":[{"count":0,"href":"https:\/\/cdnoticias.com\/index.php\/wp-json\/wp\/v2\/posts\/19225\/revisions"}],"wp:featuredmedia":[{"embeddable":true,"href":"https:\/\/cdnoticias.com\/index.php\/wp-json\/wp\/v2\/media\/19227"}],"wp:attachment":[{"href":"https:\/\/cdnoticias.com\/index.php\/wp-json\/wp\/v2\/media?parent=19225"}],"wp:term":[{"taxonomy":"category","embeddable":true,"href":"https:\/\/cdnoticias.com\/index.php\/wp-json\/wp\/v2\/categories?post=19225"},{"taxonomy":"post_tag","embeddable":true,"href":"https:\/\/cdnoticias.com\/index.php\/wp-json\/wp\/v2\/tags?post=19225"}],"curies":[{"name":"wp","href":"https:\/\/api.w.org\/{rel}","templated":true}]}}