{"id":19198,"date":"2021-04-18T14:33:17","date_gmt":"2021-04-18T17:33:17","guid":{"rendered":"http:\/\/www.centraldenoticias.com.ar\/?p=19198"},"modified":"2021-04-18T14:33:17","modified_gmt":"2021-04-18T17:33:17","slug":"susana-raquel-alsina-viuda-de-manfrini-q-e-p-d","status":"publish","type":"post","link":"https:\/\/cdnoticias.com\/index.php\/2021\/04\/18\/susana-raquel-alsina-viuda-de-manfrini-q-e-p-d\/","title":{"rendered":"Susana Raquel Alsina viuda de Manfrini (Q.E.P.D.)"},"content":{"rendered":"<p>Falleci\u00f3 en Olavarr\u00eda el d\u00eda 18 de abril de 2021 a los 81 a\u00f1os de edad.<\/p>\n<p>Su hermano Carlos Alberto Alsina. Sus hermanas pol\u00edtica Liliana Esther Llorente, Norma y Leticia Manfrini. Sus sobrinos Mat\u00edas, Estefan\u00eda, Ezequiel, Am\u00edlcar y Maria de los \u00c1ngeles Alsina. Sus sobrinos pol\u00edticos Cecilia Stabile, Candela Ben\u00edtez y Cristian Bali\u00f1o y dem\u00e1s deudos participan su fallecimiento.<\/p>\n<p>Sin velatorio. Responso: Cementerio Loma de Paz. Inhumaci\u00f3n: Cementerio Loma de Paz, lunes 19 de abril a las 10:30 horas. Servicio adherido a Coopelectric.<\/p>\n<p>Vecina de Microcentro.<\/p>\n<p>Nacida en Olavarr\u00eda.<\/p>\n<p>Docente jubilada.<\/p>\n","protected":false},"excerpt":{"rendered":"<p>Falleci\u00f3 en Olavarr\u00eda el d\u00eda 18 de abril de 2021 a los 81 a\u00f1os de edad. Su hermano Carlos Alberto<\/p>\n","protected":false},"author":4,"featured_media":0,"comment_status":"closed","ping_status":"closed","sticky":false,"template":"","format":"standard","meta":{"_jetpack_memberships_contains_paid_content":false,"footnotes":""},"categories":[10],"tags":[],"class_list":["post-19198","post","type-post","status-publish","format-standard","hentry","category-necrologicas"],"jetpack_featured_media_url":"","jetpack_sharing_enabled":true,"_links":{"self":[{"href":"https:\/\/cdnoticias.com\/index.php\/wp-json\/wp\/v2\/posts\/19198","targetHints":{"allow":["GET"]}}],"collection":[{"href":"https:\/\/cdnoticias.com\/index.php\/wp-json\/wp\/v2\/posts"}],"about":[{"href":"https:\/\/cdnoticias.com\/index.php\/wp-json\/wp\/v2\/types\/post"}],"author":[{"embeddable":true,"href":"https:\/\/cdnoticias.com\/index.php\/wp-json\/wp\/v2\/users\/4"}],"replies":[{"embeddable":true,"href":"https:\/\/cdnoticias.com\/index.php\/wp-json\/wp\/v2\/comments?post=19198"}],"version-history":[{"count":0,"href":"https:\/\/cdnoticias.com\/index.php\/wp-json\/wp\/v2\/posts\/19198\/revisions"}],"wp:attachment":[{"href":"https:\/\/cdnoticias.com\/index.php\/wp-json\/wp\/v2\/media?parent=19198"}],"wp:term":[{"taxonomy":"category","embeddable":true,"href":"https:\/\/cdnoticias.com\/index.php\/wp-json\/wp\/v2\/categories?post=19198"},{"taxonomy":"post_tag","embeddable":true,"href":"https:\/\/cdnoticias.com\/index.php\/wp-json\/wp\/v2\/tags?post=19198"}],"curies":[{"name":"wp","href":"https:\/\/api.w.org\/{rel}","templated":true}]}}