{"id":1917,"date":"2020-09-19T19:23:34","date_gmt":"2020-09-19T22:23:34","guid":{"rendered":"http:\/\/www.centraldenoticias.com.ar\/?p=1917"},"modified":"2020-09-20T09:46:24","modified_gmt":"2020-09-20T12:46:24","slug":"covid-19-33-nuevos-casos-y-continuidad-de-la-fase-4","status":"publish","type":"post","link":"https:\/\/cdnoticias.com\/index.php\/2020\/09\/19\/covid-19-33-nuevos-casos-y-continuidad-de-la-fase-4\/","title":{"rendered":"Covid-19: 33 nuevos casos y continuidad de la Fase 4"},"content":{"rendered":"<p>&nbsp;<\/p>\n<p>Este s\u00e1bado se registraron 33 nuevos casos de coronavirus en Olavarr\u00eda. As\u00ed fue informado a trav\u00e9s del parte diario emitido por la Municipalidad. Adem\u00e1s, se comunic\u00f3 que <strong>nuestra ciudad continuar\u00e1 en la Fase 4 durante la pr\u00f3xima semana.<\/strong><!--more--><\/p>\n<hr \/>\n<p>En la jornada de este s\u00e1bado <strong>se registraron 33 nuevos casos de Covid-19<\/strong> en el Partido de Olavarr\u00eda. Por otra parte, hubo <strong>18 pacientes que recibieron el alta m\u00e9dica<\/strong> y se descartaron 13. El total de pacientes activos es de 195. En el d\u00eda de la fecha se realizaron 46 testeos y m\u00e1s de tres mil ochocientos desde el comienzo de la pandemia.<\/p>\n<p>&nbsp;<\/p>\n<p>La Secretar\u00eda de Salud del Gobierno Municipal inform\u00f3 que <strong>los casos corresponden a personal de Seguridad, del Servicio Penitenciario y contactos con positivos anteriores.<\/strong><\/p>\n<p>&nbsp;<\/p>\n<p>Asimismo, se comunic\u00f3 el <a href=\"https:\/\/cdnoticias.com\/index.php\/2020\/09\/19\/una-mujer-de-85-anos-murio-por-coronavirus-en-olavarria\/\" target=\"_blank\" rel=\"noopener\">fallecimiento de una mujer de 85 a\u00f1os por coronavirus.<\/a> El lamentable deceso se conoci\u00f3 en el mediod\u00eda de este s\u00e1bado por autoridades municipales. De esta forma son 22 las v\u00edctimas fatales por el virus en nuestra ciudad.<\/p>\n<p>&nbsp;<\/p>\n<p>Sobre el estado actual del Hospital, se indic\u00f3 que <strong>hay tres pacientes en Unidad de Terapia Intensiva (uno de ellos es de la ciudad de Laprida) y diez en Cuidados Generales (dos de ellos son residentes del Hogar de Adultos Mayores).<\/strong><\/p>\n<p>&nbsp;<\/p>\n<p><img data-recalc-dims=\"1\" loading=\"lazy\" decoding=\"async\" class=\"alignnone size-large wp-image-1918\" src=\"https:\/\/i0.wp.com\/cdnoticias.com\/wp-content\/uploads\/2020\/09\/WhatsApp-Image-2020-09-19-at-19.14.39.jpeg?resize=800%2C800&#038;ssl=1\" alt=\"\" width=\"800\" height=\"800\" srcset=\"https:\/\/i0.wp.com\/cdnoticias.com\/wp-content\/uploads\/2020\/09\/WhatsApp-Image-2020-09-19-at-19.14.39.jpeg?resize=1024%2C1024&amp;ssl=1 1024w, https:\/\/i0.wp.com\/cdnoticias.com\/wp-content\/uploads\/2020\/09\/WhatsApp-Image-2020-09-19-at-19.14.39.jpeg?resize=150%2C150&amp;ssl=1 150w, https:\/\/i0.wp.com\/cdnoticias.com\/wp-content\/uploads\/2020\/09\/WhatsApp-Image-2020-09-19-at-19.14.39.jpeg?resize=300%2C300&amp;ssl=1 300w, https:\/\/i0.wp.com\/cdnoticias.com\/wp-content\/uploads\/2020\/09\/WhatsApp-Image-2020-09-19-at-19.14.39.jpeg?resize=768%2C767&amp;ssl=1 768w, https:\/\/i0.wp.com\/cdnoticias.com\/wp-content\/uploads\/2020\/09\/WhatsApp-Image-2020-09-19-at-19.14.39.jpeg?w=1280&amp;ssl=1 1280w\" sizes=\"auto, (max-width: 800px) 100vw, 800px\" \/><\/p>\n<p>&nbsp;<\/p>\n<p>En este sentido, desde la Secretar\u00eda de Salud Municipal aseguraron que<strong> el 71% de los casos positivos corresponden a personas con menos de 60 a\u00f1os y el 29% a mayores de 60 a\u00f1os.<\/strong><\/p>\n<p>&nbsp;<\/p>\n<p>En el mismo parte diario, se comunic\u00f3 que <strong>el intendente municipal Ezequiel Galli confirm\u00f3 que el Partido de Olavarr\u00eda continuar\u00e1 en Fase 4 la pr\u00f3xima semana.<\/strong><\/p>\n","protected":false},"excerpt":{"rendered":"<p>&nbsp; Este s\u00e1bado se registraron 33 nuevos casos de coronavirus en Olavarr\u00eda. As\u00ed fue informado a trav\u00e9s del parte diario<\/p>\n","protected":false},"author":2,"featured_media":811,"comment_status":"closed","ping_status":"closed","sticky":false,"template":"","format":"standard","meta":{"_jetpack_memberships_contains_paid_content":false,"footnotes":""},"categories":[5,1],"tags":[],"class_list":["post-1917","post","type-post","status-publish","format-standard","has-post-thumbnail","hentry","category-informacion-general","category-portada"],"jetpack_featured_media_url":"https:\/\/i0.wp.com\/cdnoticias.com\/wp-content\/uploads\/2020\/09\/DSC_8414.jpg?fit=4608%2C3072&ssl=1","jetpack_sharing_enabled":true,"_links":{"self":[{"href":"https:\/\/cdnoticias.com\/index.php\/wp-json\/wp\/v2\/posts\/1917","targetHints":{"allow":["GET"]}}],"collection":[{"href":"https:\/\/cdnoticias.com\/index.php\/wp-json\/wp\/v2\/posts"}],"about":[{"href":"https:\/\/cdnoticias.com\/index.php\/wp-json\/wp\/v2\/types\/post"}],"author":[{"embeddable":true,"href":"https:\/\/cdnoticias.com\/index.php\/wp-json\/wp\/v2\/users\/2"}],"replies":[{"embeddable":true,"href":"https:\/\/cdnoticias.com\/index.php\/wp-json\/wp\/v2\/comments?post=1917"}],"version-history":[{"count":0,"href":"https:\/\/cdnoticias.com\/index.php\/wp-json\/wp\/v2\/posts\/1917\/revisions"}],"wp:featuredmedia":[{"embeddable":true,"href":"https:\/\/cdnoticias.com\/index.php\/wp-json\/wp\/v2\/media\/811"}],"wp:attachment":[{"href":"https:\/\/cdnoticias.com\/index.php\/wp-json\/wp\/v2\/media?parent=1917"}],"wp:term":[{"taxonomy":"category","embeddable":true,"href":"https:\/\/cdnoticias.com\/index.php\/wp-json\/wp\/v2\/categories?post=1917"},{"taxonomy":"post_tag","embeddable":true,"href":"https:\/\/cdnoticias.com\/index.php\/wp-json\/wp\/v2\/tags?post=1917"}],"curies":[{"name":"wp","href":"https:\/\/api.w.org\/{rel}","templated":true}]}}