{"id":19152,"date":"2021-04-17T19:02:27","date_gmt":"2021-04-17T22:02:27","guid":{"rendered":"http:\/\/www.centraldenoticias.com.ar\/?p=19152"},"modified":"2021-04-17T19:57:02","modified_gmt":"2021-04-17T22:57:02","slug":"un-hombre-se-encuentra-en-grave-estado-tras-caer-de-su-moto-y-chocar-contra-un-auto","status":"publish","type":"post","link":"https:\/\/cdnoticias.com\/index.php\/2021\/04\/17\/un-hombre-se-encuentra-en-grave-estado-tras-caer-de-su-moto-y-chocar-contra-un-auto\/","title":{"rendered":"Un hombre se encuentra en grave estado tras caer de su moto y chocar contra un auto"},"content":{"rendered":"<p>El hecho se produjo en la tarde de este s\u00e1bado, en Grimaldi y Moreno. Entr\u00f3 al Hospital Municipal con heridas de gravedad.\u00a0<!--more--><\/p>\n<hr \/>\n<p>En la tarde de este s\u00e1bado, <strong>un hombre result\u00f3 con heridas de gravedad tras chocar con su moto en la esquina de Moreno y Grimaldi.<\/strong><\/p>\n<p>&nbsp;<\/p>\n<p><img data-recalc-dims=\"1\" loading=\"lazy\" decoding=\"async\" class=\"alignnone size-full wp-image-19153\" src=\"https:\/\/i0.wp.com\/cdnoticias.com\/wp-content\/uploads\/2021\/04\/accidente-grimaldi-moreno.jpg?resize=800%2C600&#038;ssl=1\" alt=\"\" width=\"800\" height=\"600\" srcset=\"https:\/\/i0.wp.com\/cdnoticias.com\/wp-content\/uploads\/2021\/04\/accidente-grimaldi-moreno.jpg?w=1152&amp;ssl=1 1152w, https:\/\/i0.wp.com\/cdnoticias.com\/wp-content\/uploads\/2021\/04\/accidente-grimaldi-moreno.jpg?resize=300%2C225&amp;ssl=1 300w, https:\/\/i0.wp.com\/cdnoticias.com\/wp-content\/uploads\/2021\/04\/accidente-grimaldi-moreno.jpg?resize=768%2C576&amp;ssl=1 768w, https:\/\/i0.wp.com\/cdnoticias.com\/wp-content\/uploads\/2021\/04\/accidente-grimaldi-moreno.jpg?resize=1024%2C768&amp;ssl=1 1024w\" sizes=\"auto, (max-width: 800px) 100vw, 800px\" \/><\/p>\n<p>&nbsp;<\/p>\n<p>Seg\u00fan logr\u00f3 saber Central de Noticias,<strong> el hombre circulaba por la zona cuando, por causas que se intentan esclarecer, perdi\u00f3 el control de su moto, cay\u00f3 e impact\u00f3 contra un auto estacionado.<\/strong><\/p>\n<p>&nbsp;<\/p>\n<blockquote><p>R\u00e1pidamente, una ambulancia traslad\u00f3 al hombre inconsciente y con heridas de gravedad al Hospital Municipal para recibir las primeras atenciones.<\/p><\/blockquote>\n<p>&nbsp;<\/p>\n<p><strong>La zona, cabe se\u00f1alar, se encuentra cortada al tr\u00e1nsito vehicular<\/strong> para el trabajo de los peritos que determinar\u00e1n qu\u00e9 fue lo sucedido. El trabajo es llevado adelante por el Comando de Patrullas.<\/p>\n","protected":false},"excerpt":{"rendered":"<p>El hecho se produjo en la tarde de este s\u00e1bado, en Grimaldi y Moreno. Entr\u00f3 al Hospital Municipal con heridas<\/p>\n","protected":false},"author":2,"featured_media":19154,"comment_status":"closed","ping_status":"closed","sticky":false,"template":"","format":"standard","meta":{"_jetpack_memberships_contains_paid_content":false,"footnotes":""},"categories":[14,1],"tags":[],"class_list":["post-19152","post","type-post","status-publish","format-standard","has-post-thumbnail","hentry","category-policiales","category-portada"],"jetpack_featured_media_url":"https:\/\/i0.wp.com\/cdnoticias.com\/wp-content\/uploads\/2021\/04\/accidente-grimaldi-moreno1.jpg?fit=1152%2C864&ssl=1","jetpack_sharing_enabled":true,"_links":{"self":[{"href":"https:\/\/cdnoticias.com\/index.php\/wp-json\/wp\/v2\/posts\/19152","targetHints":{"allow":["GET"]}}],"collection":[{"href":"https:\/\/cdnoticias.com\/index.php\/wp-json\/wp\/v2\/posts"}],"about":[{"href":"https:\/\/cdnoticias.com\/index.php\/wp-json\/wp\/v2\/types\/post"}],"author":[{"embeddable":true,"href":"https:\/\/cdnoticias.com\/index.php\/wp-json\/wp\/v2\/users\/2"}],"replies":[{"embeddable":true,"href":"https:\/\/cdnoticias.com\/index.php\/wp-json\/wp\/v2\/comments?post=19152"}],"version-history":[{"count":0,"href":"https:\/\/cdnoticias.com\/index.php\/wp-json\/wp\/v2\/posts\/19152\/revisions"}],"wp:featuredmedia":[{"embeddable":true,"href":"https:\/\/cdnoticias.com\/index.php\/wp-json\/wp\/v2\/media\/19154"}],"wp:attachment":[{"href":"https:\/\/cdnoticias.com\/index.php\/wp-json\/wp\/v2\/media?parent=19152"}],"wp:term":[{"taxonomy":"category","embeddable":true,"href":"https:\/\/cdnoticias.com\/index.php\/wp-json\/wp\/v2\/categories?post=19152"},{"taxonomy":"post_tag","embeddable":true,"href":"https:\/\/cdnoticias.com\/index.php\/wp-json\/wp\/v2\/tags?post=19152"}],"curies":[{"name":"wp","href":"https:\/\/api.w.org\/{rel}","templated":true}]}}