{"id":19122,"date":"2021-04-17T11:43:09","date_gmt":"2021-04-17T14:43:09","guid":{"rendered":"http:\/\/www.centraldenoticias.com.ar\/?p=19122"},"modified":"2021-04-17T11:43:09","modified_gmt":"2021-04-17T14:43:09","slug":"vacunaron-a-mas-de-un-millon-de-personas-mayores-de-70-anos-en-la-provincia","status":"publish","type":"post","link":"https:\/\/cdnoticias.com\/index.php\/2021\/04\/17\/vacunaron-a-mas-de-un-millon-de-personas-mayores-de-70-anos-en-la-provincia\/","title":{"rendered":"Vacunaron a m\u00e1s de un mill\u00f3n de personas mayores de 70 a\u00f1os en la Provincia"},"content":{"rendered":"<p>El gobierno bonaerense confirm\u00f3 que se inocul\u00f3 con al menos una dosis al 79% de los bonaerenses inscriptos dentro del mayor grupo de riesgo.\u00a0<!--more--><\/p>\n<hr \/>\n<p>La Provincia inform\u00f3 que con su plan <strong>\u201cBuenos Aires Vacunate\u201d se inocularon a m\u00e1s de un mill\u00f3n de bonaerenses mayores de 70 a\u00f1os con al menos una dosis contra el COVID.<\/strong> Se trata del 79% del total de inscriptos en ese rango etario.<\/p>\n<p>&nbsp;<\/p>\n<p>Se\u00f1alaron que esta inoculaci\u00f3n fue \u201cprioridad\u201d del gobierno y en ese sentido<strong> emplaz\u00f3 m\u00e1s de 600 postas en los 135 municipios y articul\u00f3 con el PAMI los operativos que permitieran vacunar a las personas que se encuentran en residencias de larga estad\u00eda.<\/strong><\/p>\n<p>&nbsp;<\/p>\n<blockquote><p>\u201cEstamos en una carrera entre el virus y la vacuna, en la que en las pr\u00f3ximas semanas pretendemos haber inmunizado a dos millones y medio de las y los bonaerenses que est\u00e1n m\u00e1s expuestos ante el Covid-19 o que presentan enfermedades preexistentes\u201d, asegur\u00f3 Kicillof, al tiempo que inst\u00f3 a \u201credoblar los esfuerzos para disminuir la circulaci\u00f3n y cumplir con las pol\u00edticas de cuidado para desacelerar el ritmo de contagios\u201d.<\/p><\/blockquote>\n<p>&nbsp;<\/p>\n<p><strong>Habiendo alcanzado un r\u00e9cord de 100 mil aplicaciones diarias, la campa\u00f1a ya super\u00f3 la vacunaci\u00f3n de 2,1 millones de bonaerenses<\/strong>, cubriendo tambi\u00e9n al 94% del personal del sistema de salud p\u00fablico y privado; al 54% de la poblaci\u00f3n inscripta que tiene entre 60 y 70 a\u00f1os y posee enfermedades preexistentes; la mitad de los registrados dentro de la comunidad educativa; y un tercio de los hombres y mujeres de las fuerzas de seguridad.<\/p>\n<p>&nbsp;<\/p>\n<p><strong>Quienes no se hayan registrado a\u00fan, pueden preinscribirse en el sitio vacunatepba.gba.gob.ar o a trav\u00e9s de la aplicaci\u00f3n vacunatePBA.<\/strong> Al hacerlo, integrar\u00e1n una lista en la base de datos que permitir\u00e1 que reciban sus turnos de acuerdo con las distintas prioridades establecidas.<\/p>\n","protected":false},"excerpt":{"rendered":"<p>El gobierno bonaerense confirm\u00f3 que se inocul\u00f3 con al menos una dosis al 79% de los bonaerenses inscriptos dentro del<\/p>\n","protected":false},"author":2,"featured_media":18463,"comment_status":"closed","ping_status":"closed","sticky":false,"template":"","format":"standard","meta":{"_jetpack_memberships_contains_paid_content":false,"footnotes":""},"categories":[6,1],"tags":[],"class_list":["post-19122","post","type-post","status-publish","format-standard","has-post-thumbnail","hentry","category-nacionales","category-portada"],"jetpack_featured_media_url":"https:\/\/i0.wp.com\/cdnoticias.com\/wp-content\/uploads\/2021\/04\/WhatsApp-Image-2021-04-09-at-20.49.55.jpeg?fit=720%2C443&ssl=1","jetpack_sharing_enabled":true,"_links":{"self":[{"href":"https:\/\/cdnoticias.com\/index.php\/wp-json\/wp\/v2\/posts\/19122","targetHints":{"allow":["GET"]}}],"collection":[{"href":"https:\/\/cdnoticias.com\/index.php\/wp-json\/wp\/v2\/posts"}],"about":[{"href":"https:\/\/cdnoticias.com\/index.php\/wp-json\/wp\/v2\/types\/post"}],"author":[{"embeddable":true,"href":"https:\/\/cdnoticias.com\/index.php\/wp-json\/wp\/v2\/users\/2"}],"replies":[{"embeddable":true,"href":"https:\/\/cdnoticias.com\/index.php\/wp-json\/wp\/v2\/comments?post=19122"}],"version-history":[{"count":0,"href":"https:\/\/cdnoticias.com\/index.php\/wp-json\/wp\/v2\/posts\/19122\/revisions"}],"wp:featuredmedia":[{"embeddable":true,"href":"https:\/\/cdnoticias.com\/index.php\/wp-json\/wp\/v2\/media\/18463"}],"wp:attachment":[{"href":"https:\/\/cdnoticias.com\/index.php\/wp-json\/wp\/v2\/media?parent=19122"}],"wp:term":[{"taxonomy":"category","embeddable":true,"href":"https:\/\/cdnoticias.com\/index.php\/wp-json\/wp\/v2\/categories?post=19122"},{"taxonomy":"post_tag","embeddable":true,"href":"https:\/\/cdnoticias.com\/index.php\/wp-json\/wp\/v2\/tags?post=19122"}],"curies":[{"name":"wp","href":"https:\/\/api.w.org\/{rel}","templated":true}]}}