{"id":19120,"date":"2021-04-17T11:06:06","date_gmt":"2021-04-17T14:06:06","guid":{"rendered":"http:\/\/www.centraldenoticias.com.ar\/?p=19120"},"modified":"2021-04-17T12:26:07","modified_gmt":"2021-04-17T15:26:07","slug":"pediatras-de-olavarria-salieron-en-defensa-de-las-clases-presenciales","status":"publish","type":"post","link":"https:\/\/cdnoticias.com\/index.php\/2021\/04\/17\/pediatras-de-olavarria-salieron-en-defensa-de-las-clases-presenciales\/","title":{"rendered":"Pediatras de Olavarr\u00eda salieron \u201cen defensa de las clases presenciales\u201d"},"content":{"rendered":"<p>Pidieron que sea \u201clo primero en abrir y lo \u00faltimo en cerrar\u201d y que la posibilidad de propagaci\u00f3n del virus en aulas \u201ces muy baja\u201d.\u00a0<!--more--><\/p>\n<hr \/>\n<p>Tras la pol\u00e9mica de la suspensi\u00f3n de clases presenciales en el territorio de AMBA (y en la Fase 2 de la Provincia) <strong>pediatras del sector p\u00fablico y privado de Olavarr\u00eda emitieron un comunicado en el que defendieron las clases presenciales. Seg\u00fan su mirada, debe ser <em>\u201clo primero en abrir y lo \u00faltimo en cerrar\u201d.<\/em><\/strong><\/p>\n<p>&nbsp;<\/p>\n<p>En un comunicado emitido al Secretario de Salud, Germ\u00e1n Caputo, <em>\u201clos pediatras de Olavarria del sector p\u00fablico y privado sostenemos la necesidad que las clases presenciales sean lo primero en abrir y lo \u00faltimo en cerrar\u201d.<\/em><\/p>\n<p>&nbsp;<\/p>\n<p>Consideraron, en tanto, que <strong><em>\u201cal cumplir los protocolos de distanciamiento, la posibilidad de propagaci\u00f3n del virus en las aulas es muy baja, como lo demuestran las estad\u00edsticas hasta el momento\u201d.<\/em><\/strong><\/p>\n<p>&nbsp;<\/p>\n<p>En este sentido, consideraron que el confinamiento<em> \u201cpor 14 d\u00edas de ni\u00f1os,ni\u00f1as y adolescentes , sin cumplir las condiciones de contacto estrecho y sin riesgo de transmitir de transmitir la enfermedad en la comunidad\u201d<\/em> constituye, para ellos, <strong><em>\u201cun avasallamiento a sus derechos\u201d.<\/em><\/strong><\/p>\n<p>&nbsp;<\/p>\n<p>D\u00edas atr\u00e1s, el propio secretario de Salud Germ\u00e1n Caputo confirm\u00f3 que <a href=\"https:\/\/cdnoticias.com\/index.php\/2021\/04\/12\/covid-los-contagios-en-educacion-alcanzan-a-05-del-sector\/\" target=\"_blank\" rel=\"noopener\">hasta el domingo pasado, hubo aproximadamente 200 contagios en el \u00e1mbito educativo, lo que representa el 0,5% del total de la comunidad educativa<\/a>, con cerca de 39 mil personas implicadas.<\/p>\n","protected":false},"excerpt":{"rendered":"<p>Pidieron que sea \u201clo primero en abrir y lo \u00faltimo en cerrar\u201d y que la posibilidad de propagaci\u00f3n del virus<\/p>\n","protected":false},"author":2,"featured_media":3957,"comment_status":"closed","ping_status":"closed","sticky":false,"template":"","format":"standard","meta":{"_jetpack_memberships_contains_paid_content":false,"footnotes":""},"categories":[5,1],"tags":[],"class_list":["post-19120","post","type-post","status-publish","format-standard","has-post-thumbnail","hentry","category-informacion-general","category-portada"],"jetpack_featured_media_url":"https:\/\/i0.wp.com\/cdnoticias.com\/wp-content\/uploads\/2020\/10\/Salud-pediatr%C3%ADa-1024x580.jpeg?fit=1024%2C580&ssl=1","jetpack_sharing_enabled":true,"_links":{"self":[{"href":"https:\/\/cdnoticias.com\/index.php\/wp-json\/wp\/v2\/posts\/19120","targetHints":{"allow":["GET"]}}],"collection":[{"href":"https:\/\/cdnoticias.com\/index.php\/wp-json\/wp\/v2\/posts"}],"about":[{"href":"https:\/\/cdnoticias.com\/index.php\/wp-json\/wp\/v2\/types\/post"}],"author":[{"embeddable":true,"href":"https:\/\/cdnoticias.com\/index.php\/wp-json\/wp\/v2\/users\/2"}],"replies":[{"embeddable":true,"href":"https:\/\/cdnoticias.com\/index.php\/wp-json\/wp\/v2\/comments?post=19120"}],"version-history":[{"count":0,"href":"https:\/\/cdnoticias.com\/index.php\/wp-json\/wp\/v2\/posts\/19120\/revisions"}],"wp:featuredmedia":[{"embeddable":true,"href":"https:\/\/cdnoticias.com\/index.php\/wp-json\/wp\/v2\/media\/3957"}],"wp:attachment":[{"href":"https:\/\/cdnoticias.com\/index.php\/wp-json\/wp\/v2\/media?parent=19120"}],"wp:term":[{"taxonomy":"category","embeddable":true,"href":"https:\/\/cdnoticias.com\/index.php\/wp-json\/wp\/v2\/categories?post=19120"},{"taxonomy":"post_tag","embeddable":true,"href":"https:\/\/cdnoticias.com\/index.php\/wp-json\/wp\/v2\/tags?post=19120"}],"curies":[{"name":"wp","href":"https:\/\/api.w.org\/{rel}","templated":true}]}}