{"id":19099,"date":"2021-04-17T08:59:55","date_gmt":"2021-04-17T11:59:55","guid":{"rendered":"http:\/\/www.centraldenoticias.com.ar\/?p=19099"},"modified":"2021-04-17T10:17:52","modified_gmt":"2021-04-17T13:17:52","slug":"secuestraron-varios-cortes-vacunos-y-marihuana-en-un-allanamiento-por-abigeatos","status":"publish","type":"post","link":"https:\/\/cdnoticias.com\/index.php\/2021\/04\/17\/secuestraron-varios-cortes-vacunos-y-marihuana-en-un-allanamiento-por-abigeatos\/","title":{"rendered":"Secuestraron varios cortes vacunos y marihuana en un allanamiento por abigeatos"},"content":{"rendered":"<p>Las tareas fueron encabezadas desde el Comando de Prevenci\u00f3n Rural, a pedido del fiscal Lucas Moyano.<!--more--><\/p>\n<hr \/>\n<p>Cartuchos de diverso calibre, diversas dosis de marihuana y distintos cortes vacunos fueron el saldo de un allanamiento que en las \u00faltimas horas fue <strong>llevado adelante por personal del Comando de Prevenci\u00f3n Rural, en tareas requeridas por el fiscal Lucas Moyano, con el aval del juez de Garant\u00edas Carlos Villamar\u00edn.<\/strong><\/p>\n<p>&nbsp;<\/p>\n<p><img data-recalc-dims=\"1\" loading=\"lazy\" decoding=\"async\" class=\"alignnone size-full wp-image-19101\" src=\"https:\/\/i0.wp.com\/cdnoticias.com\/wp-content\/uploads\/2021\/04\/cpr02.jpg?resize=800%2C445&#038;ssl=1\" alt=\"\" width=\"800\" height=\"445\" srcset=\"https:\/\/i0.wp.com\/cdnoticias.com\/wp-content\/uploads\/2021\/04\/cpr02.jpg?w=800&amp;ssl=1 800w, https:\/\/i0.wp.com\/cdnoticias.com\/wp-content\/uploads\/2021\/04\/cpr02.jpg?resize=300%2C167&amp;ssl=1 300w, https:\/\/i0.wp.com\/cdnoticias.com\/wp-content\/uploads\/2021\/04\/cpr02.jpg?resize=768%2C427&amp;ssl=1 768w\" sizes=\"auto, (max-width: 800px) 100vw, 800px\" \/><\/p>\n<p>&nbsp;<\/p>\n<p>De acuerdo con lo que se logr\u00f3 conocer<strong> el procedimiento se hizo efectivo en un domicilio ubicado sobre Grimaldi al 2200<\/strong>, donde condujeron las averiguaciones sobre un abigeato registrado recientemente. Si bien no se arrojaron mayores precisiones al respecto, todo se habr\u00eda visto enmarcado en el <a href=\"https:\/\/cdnoticias.com\/index.php\/2021\/04\/14\/carnearon-tres-vacunos-en-un-campo-sobre-la-ruta-nacional-226\/\" target=\"_blank\" rel=\"noopener\">caso que en las \u00faltimas horas se registr\u00f3 en un establecimiento ubicado sobre la Ruta Nacional 226<\/a>, en un tramo que ya ha sido<a href=\"https:\/\/cdnoticias.com\/index.php\/2021\/01\/27\/ante-el-crecimiento-de-casos-de-abigeato-la-sociedad-rural-se-reunio-con-autoridades-provinciales\/\" target=\"_blank\" rel=\"noopener\"> foco de reclamos por mayor seguridad desde el sector rural<\/a>.<\/p>\n<p>&nbsp;<\/p>\n<p>Lo concreto es que las averiguaciones avanzaron sobre los presuntos autores y los elementos recabados dieron sustento a un allanamiento que <strong>se concret\u00f3 en la tarde del pasado jueves y que permiti\u00f3 el secuestro de \u201celementos de inter\u00e9s\u201d.<\/strong><\/p>\n<p>&nbsp;<\/p>\n<p><img data-recalc-dims=\"1\" loading=\"lazy\" decoding=\"async\" class=\"alignnone size-full wp-image-19100\" src=\"https:\/\/i0.wp.com\/cdnoticias.com\/wp-content\/uploads\/2021\/04\/cpr03.jpg?resize=800%2C445&#038;ssl=1\" alt=\"\" width=\"800\" height=\"445\" srcset=\"https:\/\/i0.wp.com\/cdnoticias.com\/wp-content\/uploads\/2021\/04\/cpr03.jpg?w=800&amp;ssl=1 800w, https:\/\/i0.wp.com\/cdnoticias.com\/wp-content\/uploads\/2021\/04\/cpr03.jpg?resize=300%2C167&amp;ssl=1 300w, https:\/\/i0.wp.com\/cdnoticias.com\/wp-content\/uploads\/2021\/04\/cpr03.jpg?resize=768%2C427&amp;ssl=1 768w\" sizes=\"auto, (max-width: 800px) 100vw, 800px\" \/><\/p>\n<p>&nbsp;<\/p>\n<p>El detalle da cuenta de <strong>numerosos cartuchos de diverso calibre (.22, .16 y 12\/70), adem\u00e1s de dos escopetas, una de ellas recortada<\/strong>. No obstante ello, lo m\u00e1s trascendente estuvo dado por el hallazgo y <strong>secuestro de distintos cortes vacunos que en las pr\u00f3ximas horas ser\u00e1n sometidos a diversas medidas de prueba para establecer el origen<\/strong> y, m\u00e1s a\u00fan, si corresponden a alg\u00fan hecho delictivo registrado en campos de la zona.<\/p>\n<p>&nbsp;<\/p>\n<p>A la par, <strong>tambi\u00e9n se incautaron diversas dosis de marihuana<\/strong> que dieron lugar al inicio de actuaciones complementarias por infracci\u00f3n a la Ley de Drogas, tambi\u00e9n con la intervenci\u00f3n del fiscal Lucas Moyano, pero en este caso para la UFI 22.<\/p>\n","protected":false},"excerpt":{"rendered":"<p>Las tareas fueron encabezadas desde el Comando de Prevenci\u00f3n Rural, a pedido del fiscal Lucas Moyano.<\/p>\n","protected":false},"author":3,"featured_media":19102,"comment_status":"closed","ping_status":"closed","sticky":false,"template":"","format":"standard","meta":{"_jetpack_memberships_contains_paid_content":false,"footnotes":""},"categories":[14,1],"tags":[],"class_list":["post-19099","post","type-post","status-publish","format-standard","has-post-thumbnail","hentry","category-policiales","category-portada"],"jetpack_featured_media_url":"https:\/\/i0.wp.com\/cdnoticias.com\/wp-content\/uploads\/2021\/04\/cpr.jpg?fit=800%2C445&ssl=1","jetpack_sharing_enabled":true,"_links":{"self":[{"href":"https:\/\/cdnoticias.com\/index.php\/wp-json\/wp\/v2\/posts\/19099","targetHints":{"allow":["GET"]}}],"collection":[{"href":"https:\/\/cdnoticias.com\/index.php\/wp-json\/wp\/v2\/posts"}],"about":[{"href":"https:\/\/cdnoticias.com\/index.php\/wp-json\/wp\/v2\/types\/post"}],"author":[{"embeddable":true,"href":"https:\/\/cdnoticias.com\/index.php\/wp-json\/wp\/v2\/users\/3"}],"replies":[{"embeddable":true,"href":"https:\/\/cdnoticias.com\/index.php\/wp-json\/wp\/v2\/comments?post=19099"}],"version-history":[{"count":0,"href":"https:\/\/cdnoticias.com\/index.php\/wp-json\/wp\/v2\/posts\/19099\/revisions"}],"wp:featuredmedia":[{"embeddable":true,"href":"https:\/\/cdnoticias.com\/index.php\/wp-json\/wp\/v2\/media\/19102"}],"wp:attachment":[{"href":"https:\/\/cdnoticias.com\/index.php\/wp-json\/wp\/v2\/media?parent=19099"}],"wp:term":[{"taxonomy":"category","embeddable":true,"href":"https:\/\/cdnoticias.com\/index.php\/wp-json\/wp\/v2\/categories?post=19099"},{"taxonomy":"post_tag","embeddable":true,"href":"https:\/\/cdnoticias.com\/index.php\/wp-json\/wp\/v2\/tags?post=19099"}],"curies":[{"name":"wp","href":"https:\/\/api.w.org\/{rel}","templated":true}]}}