{"id":19065,"date":"2021-04-16T14:39:22","date_gmt":"2021-04-16T17:39:22","guid":{"rendered":"http:\/\/www.centraldenoticias.com.ar\/?p=19065"},"modified":"2021-04-16T14:43:32","modified_gmt":"2021-04-16T17:43:32","slug":"tras-dialogar-con-larreta-el-presidente-ratifico-la-suspension-de-clases-presenciales-en-amba","status":"publish","type":"post","link":"https:\/\/cdnoticias.com\/index.php\/2021\/04\/16\/tras-dialogar-con-larreta-el-presidente-ratifico-la-suspension-de-clases-presenciales-en-amba\/","title":{"rendered":"Tras dialogar con Larreta, el Presidente ratific\u00f3 la suspensi\u00f3n de clases presenciales en AMBA"},"content":{"rendered":"<p>Alberto Fern\u00e1ndez se\u00f1al\u00f3 que la curva de contagios \u201ccreci\u00f3 entre chicos de 9 a 18 a\u00f1os\u201d y que creci\u00f3 en marzo, fecha de inicio de las clases presenciales.<!--more--><\/p>\n<hr \/>\n<p>Tras una reuni\u00f3n entre el presidente Alberto Fern\u00e1ndez y el jefe de gobierno de la Ciudad, Horacio Rodr\u00edguez Larreta<strong>, el mandatario nacional ratific\u00f3 la suspensi\u00f3n de clases presenciales por dos semanas y dej\u00f3 en claro las razones para restringir la circulaci\u00f3n de ese sector.<\/strong><\/p>\n<p>&nbsp;<\/p>\n<p>La curva de contagios, seg\u00fan el an\u00e1lisis del gobierno en voz de Fern\u00e1ndez, <strong><em>\u201ccreci\u00f3 entre chicos de 9 y 18 a\u00f1os\u201d<\/em> en marzo, mes de inicio de las clases presenciales<\/strong> no s\u00f3lo en AMBA, sino en todo el pa\u00eds.<\/p>\n<p>&nbsp;<\/p>\n<blockquote><p>\u201cTodos quisi\u00e9ramos que se vuelva a la presencialidad educativa lo antes posible, tambi\u00e9n le expliqu\u00e9 que los datos cient\u00edficos con los que contamos que indican que los contagios no se producen en la presencialidad sino por el movimiento que se genera\u201d y que aumenta entre un \u201c25% y 30%\u201d la cantidad de personas en las calles, justific\u00f3.<\/p><\/blockquote>\n<p>&nbsp;<\/p>\n<p><em>\u201cDesde que volvieron las clases, la curva de contagios ascendi\u00f3 precipitadamente\u201d<\/em>, dijo el Presidente en declaraciones a la prensa. <em>\u201cHemos superado en la Ciudad largamente el pico m\u00e1s alto que tuvimos en la pandemia y tambi\u00e9n mi preocupaci\u00f3n por los fallecimientos\u201d<\/em>, ampli\u00f3.<\/p>\n<p>&nbsp;<\/p>\n<blockquote><p>\u201cEsto no es un acto de altaner\u00eda ni de prepotencia, pero tengo la obligaci\u00f3n de cuidar la situaci\u00f3n del AMBA\u201d, dijo el m\u00e1ximo mandatario. \u201cTengo una responsabilidad como Presidente que conduce una sociedad y no voy a dejar que el descuide arrastre al conjunto social\u201d.<\/p><\/blockquote>\n<p>&nbsp;<\/p>\n<p><strong>Si bien consider\u00f3 que tuvo una \u201ccharla franca\u201d con Larreta, Fern\u00e1ndez fue duro y dijo que <em>\u201cfue ingrato y que se equivoc\u00f3\u201d<\/em> con respecto al plan de vacunaci\u00f3n.<\/strong> De todas formas, prefiri\u00f3 <em>\u201cmirar para adelante\u201d<\/em> y recuperar la vocaci\u00f3n de di\u00e1logo entre las dos jurisdicciones. \u201c<em>Tenemos que trabajar unidos\u201d,<\/em> se\u00f1al\u00f3.<\/p>\n<p>&nbsp;<\/p>\n<p><em>\u201cAyer estuvo muy exaltado habl\u00e1ndole a su p\u00fablico. Ayer fue muy injusto e ingrato y se equivoc\u00f3. Tambi\u00e9n tengo mi mirada respecto a c\u00f3mo se llev\u00f3 adelante la vacunaci\u00f3n en la Ciudad pero no ayuda en nada que las plantee\u201d<\/em>\u00a0cerr\u00f3.<\/p>\n","protected":false},"excerpt":{"rendered":"<p>Alberto Fern\u00e1ndez se\u00f1al\u00f3 que la curva de contagios \u201ccreci\u00f3 entre chicos de 9 a 18 a\u00f1os\u201d y que creci\u00f3 en<\/p>\n","protected":false},"author":2,"featured_media":19066,"comment_status":"closed","ping_status":"closed","sticky":false,"template":"","format":"standard","meta":{"_jetpack_memberships_contains_paid_content":false,"footnotes":""},"categories":[6,1],"tags":[],"class_list":["post-19065","post","type-post","status-publish","format-standard","has-post-thumbnail","hentry","category-nacionales","category-portada"],"jetpack_featured_media_url":"https:\/\/i0.wp.com\/cdnoticias.com\/wp-content\/uploads\/2021\/04\/larreta-fernandez-reunion.jpg?fit=1280%2C853&ssl=1","jetpack_sharing_enabled":true,"_links":{"self":[{"href":"https:\/\/cdnoticias.com\/index.php\/wp-json\/wp\/v2\/posts\/19065","targetHints":{"allow":["GET"]}}],"collection":[{"href":"https:\/\/cdnoticias.com\/index.php\/wp-json\/wp\/v2\/posts"}],"about":[{"href":"https:\/\/cdnoticias.com\/index.php\/wp-json\/wp\/v2\/types\/post"}],"author":[{"embeddable":true,"href":"https:\/\/cdnoticias.com\/index.php\/wp-json\/wp\/v2\/users\/2"}],"replies":[{"embeddable":true,"href":"https:\/\/cdnoticias.com\/index.php\/wp-json\/wp\/v2\/comments?post=19065"}],"version-history":[{"count":0,"href":"https:\/\/cdnoticias.com\/index.php\/wp-json\/wp\/v2\/posts\/19065\/revisions"}],"wp:featuredmedia":[{"embeddable":true,"href":"https:\/\/cdnoticias.com\/index.php\/wp-json\/wp\/v2\/media\/19066"}],"wp:attachment":[{"href":"https:\/\/cdnoticias.com\/index.php\/wp-json\/wp\/v2\/media?parent=19065"}],"wp:term":[{"taxonomy":"category","embeddable":true,"href":"https:\/\/cdnoticias.com\/index.php\/wp-json\/wp\/v2\/categories?post=19065"},{"taxonomy":"post_tag","embeddable":true,"href":"https:\/\/cdnoticias.com\/index.php\/wp-json\/wp\/v2\/tags?post=19065"}],"curies":[{"name":"wp","href":"https:\/\/api.w.org\/{rel}","templated":true}]}}