{"id":19055,"date":"2021-04-16T13:18:06","date_gmt":"2021-04-16T16:18:06","guid":{"rendered":"http:\/\/www.centraldenoticias.com.ar\/?p=19055"},"modified":"2021-04-16T16:02:31","modified_gmt":"2021-04-16T19:02:31","slug":"multa-clausura-y-trabajo-comunitario-por-incumplir-con-la-prevencion-sanitaria","status":"publish","type":"post","link":"https:\/\/cdnoticias.com\/index.php\/2021\/04\/16\/multa-clausura-y-trabajo-comunitario-por-incumplir-con-la-prevencion-sanitaria\/","title":{"rendered":"Multa, clausura y trabajo comunitario por incumplir con la prevenci\u00f3n sanitaria"},"content":{"rendered":"<p>Qu\u00e9 dice la ordenanza 4617\/21. Las \u201creuniones sociales\u201d y \u201clas fiestas clandestinas\u201d. Las sanciones para los comerciantes. La responsabilidad de padres y tutores.<!--more--><\/p>\n<hr \/>\n<p><strong>Este viernes se aprob\u00f3 la ordenanza que regula las disposiciones en el marco de la pandemia y establece sanciones como amonestaci\u00f3n, tareas comunitarias, multas y clausuras<\/strong>.<\/p>\n<p>&nbsp;<\/p>\n<p>La votaci\u00f3n<a href=\"https:\/\/cdnoticias.com\/index.php\/2021\/04\/16\/hcd-en-la-primera-sesion-virtual-se-aprobaron-las-infracciones-en-la-pandemia\/\" target=\"_blank\" rel=\"noopener\"> se dio por unanimidad en la sesi\u00f3n especial<\/a> celebrada durante la ma\u00f1ana en la que <strong>se hizo hincapi\u00e9 en la complicada situaci\u00f3n sanitaria local<\/strong>.<\/p>\n<p>&nbsp;<\/p>\n<p>La <strong>ordenanza 4617\/21<\/strong> se aplica a personas humanas y jur\u00eddicas, y basa las infracciones que establece en las medidas dictadas por el Departamento Ejecutivo Municipal, las recomendaciones del Comit\u00e9 de Crisis y los protocolos sanitarios y de funcionamiento establecidos por el Gobierno Nacional y de la Provincia de Buenos Aires.<\/p>\n<p>&nbsp;<\/p>\n<p><img data-recalc-dims=\"1\" loading=\"lazy\" decoding=\"async\" class=\"aligncenter wp-image-19036 size-large\" src=\"https:\/\/i0.wp.com\/cdnoticias.com\/wp-content\/uploads\/2021\/04\/HCD-05-votacion.jpg?resize=800%2C445&#038;ssl=1\" alt=\"\" width=\"800\" height=\"445\" srcset=\"https:\/\/i0.wp.com\/cdnoticias.com\/wp-content\/uploads\/2021\/04\/HCD-05-votacion.jpg?resize=1024%2C570&amp;ssl=1 1024w, https:\/\/i0.wp.com\/cdnoticias.com\/wp-content\/uploads\/2021\/04\/HCD-05-votacion.jpg?resize=300%2C167&amp;ssl=1 300w, https:\/\/i0.wp.com\/cdnoticias.com\/wp-content\/uploads\/2021\/04\/HCD-05-votacion.jpg?resize=768%2C428&amp;ssl=1 768w, https:\/\/i0.wp.com\/cdnoticias.com\/wp-content\/uploads\/2021\/04\/HCD-05-votacion.jpg?resize=800%2C445&amp;ssl=1 800w, https:\/\/i0.wp.com\/cdnoticias.com\/wp-content\/uploads\/2021\/04\/HCD-05-votacion.jpg?w=1286&amp;ssl=1 1286w\" sizes=\"auto, (max-width: 800px) 100vw, 800px\" \/><\/p>\n<p>&nbsp;<\/p>\n<p>La primera infracci\u00f3n establecida fue la de <strong>\u201cincumplimiento de medidas de protecci\u00f3n personal\u201d<\/strong> para establecer la obligatoriedad de \u201c<strong>utilizar barbijo o mascarilla de tela, en la totalidad de los espacios p\u00fablicos<\/strong>, as\u00ed como para el ingreso y \/o permanencia en locales comerciales y dependencias de acceso al p\u00fablico\u201d.<\/p>\n<p>&nbsp;<\/p>\n<p>Se fij\u00f3 como sanci\u00f3n <strong>\u201camonestaci\u00f3n, tareas comunitarias o multa de entre 1\/8 y 1\u00a0 salario m\u00ednimo, duplic\u00e1ndose en caso de reincidencia\u201d<\/strong>.<\/p>\n<p>&nbsp;<\/p>\n<p>Si quien comete la falta es <strong>un comerciante o prestador de servicios<\/strong> la sanci\u00f3n asciende a \u201camonestaci\u00f3n, tareas comunitarias o multa de entre medio y 1 salario m\u00ednimo, duplic\u00e1ndose en caso de reincidencia\u201d.<\/p>\n<p>&nbsp;<\/p>\n<p><img data-recalc-dims=\"1\" loading=\"lazy\" decoding=\"async\" class=\"aligncenter wp-image-19060 size-large\" src=\"https:\/\/i0.wp.com\/cdnoticias.com\/wp-content\/uploads\/2021\/04\/ordenanza-01.jpg?resize=800%2C478&#038;ssl=1\" alt=\"\" width=\"800\" height=\"478\" srcset=\"https:\/\/i0.wp.com\/cdnoticias.com\/wp-content\/uploads\/2021\/04\/ordenanza-01.jpg?w=1024&amp;ssl=1 1024w, https:\/\/i0.wp.com\/cdnoticias.com\/wp-content\/uploads\/2021\/04\/ordenanza-01.jpg?resize=300%2C179&amp;ssl=1 300w, https:\/\/i0.wp.com\/cdnoticias.com\/wp-content\/uploads\/2021\/04\/ordenanza-01.jpg?resize=768%2C459&amp;ssl=1 768w\" sizes=\"auto, (max-width: 800px) 100vw, 800px\" \/><\/p>\n<p>&nbsp;<\/p>\n<p>M\u00e1s adelante se indic\u00f3 el <strong>\u201cincumplimiento de medidas de prevenci\u00f3n para actividades econ\u00f3micas, deportivas y art\u00edsticas\u201d<\/strong>.<\/p>\n<p>&nbsp;<\/p>\n<p>Se determinaron a modo de sanci\u00f3n <strong>\u201cmulta de entre 1 y 10 salarios m\u00ednimos, duplic\u00e1ndose en caso de reincidencia\u201d<\/strong>.<\/p>\n<p>&nbsp;<\/p>\n<blockquote><p>Si el incumplimiento se registra en restaurantes o bares, la multa ser\u00e1 mayor: \u201centre 1 y 50 salarios m\u00ednimos, duplic\u00e1ndose en caso de reincidencia\u201d se indic\u00f3.<\/p><\/blockquote>\n<p>&nbsp;<\/p>\n<p>A su vez, si la falta detectada es el \u201c<strong>evidente exceso en el aforo autorizado o incumplimiento de los protocolos sanitarios<\/strong> y de funcionamiento de la actividad, ser\u00e1 pasible adem\u00e1s de la <strong>clausura<\/strong> temporaria o definitiva\u201d.<\/p>\n<p><img data-recalc-dims=\"1\" loading=\"lazy\" decoding=\"async\" class=\"aligncenter wp-image-19062\" src=\"https:\/\/i0.wp.com\/cdnoticias.com\/wp-content\/uploads\/2021\/04\/ordenanza-03.jpg?resize=800%2C450&#038;ssl=1\" alt=\"\" width=\"800\" height=\"450\" srcset=\"https:\/\/i0.wp.com\/cdnoticias.com\/wp-content\/uploads\/2021\/04\/ordenanza-03.jpg?resize=300%2C169&amp;ssl=1 300w, https:\/\/i0.wp.com\/cdnoticias.com\/wp-content\/uploads\/2021\/04\/ordenanza-03.jpg?resize=768%2C432&amp;ssl=1 768w, https:\/\/i0.wp.com\/cdnoticias.com\/wp-content\/uploads\/2021\/04\/ordenanza-03.jpg?w=1004&amp;ssl=1 1004w\" sizes=\"auto, (max-width: 800px) 100vw, 800px\" \/><\/p>\n<p>&nbsp;<\/p>\n<p>El tercer punto contenido en la ordenanza alude a la <strong>\u201crealizaci\u00f3n de reuniones no permitidas\u201d<\/strong> y alcanza a quien se identifique como organizador, tanto como a quien asista.<\/p>\n<p>&nbsp;<\/p>\n<p>Se defini\u00f3 para ello distinguir las sanciones. <strong>Para el organizador, \u201cmulta de entre 1 y 20 salarios m\u00ednimos\u201d<\/strong>. Para los<strong> asistentes, \u201cmulta de entre 1 y 10 salarios m\u00ednimos&#8221;<\/strong>. Tambi\u00e9n se duplica\u00a0en caso de reincidencia\u201d.<\/p>\n<p>&nbsp;<\/p>\n<blockquote class=\"twitter-tweet\">\n<p dir=\"ltr\" lang=\"es\">En Sesi\u00f3n Especial realizada por primera vez de manera virtual, tratamos el Proyecto de Ordenanza presentado por nuestro Bloque, que busca ayudar, colaborar y ordenar los comportamientos sociales. <a href=\"https:\/\/t.co\/gF8yubHhjQ\">pic.twitter.com\/gF8yubHhjQ<\/a><\/p>\n<p>\u2014 Concejales_JxC_Olavarr\u00eda (@ConcejalesO) <a href=\"https:\/\/twitter.com\/ConcejalesO\/status\/1383078677160861697?ref_src=twsrc%5Etfw\">April 16, 2021<\/a><\/p><\/blockquote>\n<p><script async src=\"https:\/\/platform.twitter.com\/widgets.js\" charset=\"utf-8\"><\/script><\/p>\n<blockquote><p>Tambi\u00e9n se diferenci\u00f3 en la normativa la infracci\u00f3n por \u201crealizaci\u00f3n de fiestas o eventos clandestinos\u201d con el que se refiere a \u201ctodo encuentro social que no se encuentre habilitado y concentre m\u00e1s de 30 personas\u201d.<\/p><\/blockquote>\n<p>&nbsp;<\/p>\n<p>Se contempla con ello sancionar a quienes se identifiquen como <strong>\u201corganizador, promotor, asistente, propietario o locador que facilite el lugar y\/o cualquier otra persona que se beneficie econ\u00f3micamente en forma directa\u201d<\/strong>.<\/p>\n<p>&nbsp;<\/p>\n<p>Se previ\u00f3 la aplicaci\u00f3n de <strong>multa de \u201centre 1 y 50 salarios m\u00ednimos<\/strong>, duplic\u00e1ndose en caso de reincidencia\u201d.<\/p>\n<p>&nbsp;<\/p>\n<p>Asimismo, se definieron como <strong>agravantes<\/strong> para esta figura de infracci\u00f3n:<em> la presencia de menores, la existencia de fin del lucro y\/o la cantidad de participantes<\/em>. Con ello, se eleva <strong>\u201cla multa para el organizador entre 25 y 50 salarios m\u00ednimos<\/strong>, duplic\u00e1ndose en caso de reincidencia\u201d.<\/p>\n<p>&nbsp;<\/p>\n<blockquote class=\"twitter-tweet\">\n<p dir=\"ltr\" lang=\"es\">Con el aporte de los dem\u00e1s Bloques pol\u00edticos, con quienes trabajamos este Proyecto,hoy se logr\u00f3 su aprobaci\u00f3n de manera un\u00e1nime. Nuestro agradecimiento por su predisposici\u00f3n y compromiso.<\/p>\n<p>\u2014 Concejales_JxC_Olavarr\u00eda (@ConcejalesO) <a href=\"https:\/\/twitter.com\/ConcejalesO\/status\/1383078695745810435?ref_src=twsrc%5Etfw\">April 16, 2021<\/a><\/p><\/blockquote>\n<p><script async src=\"https:\/\/platform.twitter.com\/widgets.js\" charset=\"utf-8\"><\/script><\/p>\n<blockquote><p>La \u00faltima figura contemplada es una novedad en el marco normativo local: \u201cincumplimiento del aislamiento preventivo y\/o cualquier otra indicaci\u00f3n epidemiol\u00f3gica\u201d.<\/p><\/blockquote>\n<p>&nbsp;<\/p>\n<p>Para esta infracci\u00f3n se previeron sanciones con <strong>\u201ctareas comunitarias o multa de entre 1\/8 y 5 salarios m\u00ednimos<\/strong>, duplic\u00e1ndose en caso de reincidencia\u201d.<\/p>\n<p>&nbsp;<\/p>\n<p>La misma ordenanza 4617\/21 agrega qu\u00e9 sucede si quienes son sancionados son menores de edad: <strong>\u201clos progenitores, tutores, o responsables de aquellas personas no punibles por su edad responder\u00e1n por los incumplimientos\u201d<\/strong>.<\/p>\n<p>&nbsp;<\/p>\n<p><img data-recalc-dims=\"1\" loading=\"lazy\" decoding=\"async\" class=\"aligncenter wp-image-19063\" src=\"https:\/\/i0.wp.com\/cdnoticias.com\/wp-content\/uploads\/2021\/04\/ordenanza-05.jpg?resize=800%2C480&#038;ssl=1\" alt=\"\" width=\"800\" height=\"480\" srcset=\"https:\/\/i0.wp.com\/cdnoticias.com\/wp-content\/uploads\/2021\/04\/ordenanza-05.jpg?resize=300%2C180&amp;ssl=1 300w, https:\/\/i0.wp.com\/cdnoticias.com\/wp-content\/uploads\/2021\/04\/ordenanza-05.jpg?w=700&amp;ssl=1 700w\" sizes=\"auto, (max-width: 800px) 100vw, 800px\" \/><\/p>\n<p>&nbsp;<\/p>\n<p>La <strong>Subsecretar\u00eda de Seguridad y los inspectores municipales<\/strong> afectados a los controles fueron se\u00f1alados como autoridad de comprobaci\u00f3n de las infracciones y podr\u00e1n requerir \u201cel auxilio de la fuerza p\u00fablica\u201d. En tanto, el juzgamiento estar\u00e1 a cargo del <strong>Juzgado de Faltas<\/strong> Municipal.<\/p>\n<p>&nbsp;<\/p>\n<p>Entre los \u00faltimos art\u00edculos de la ordenanza se estableci\u00f3 la vigencia temporal: todas las disposiciones se podr\u00e1n aplicar \u201cdurante la vigencia de la declaraci\u00f3n de emergencia sanitaria\u201d. Cabe se\u00f1alar que, en principio, <strong>rige hasta marzo de 2022<\/strong>.<\/p>\n","protected":false},"excerpt":{"rendered":"<p>Qu\u00e9 dice la ordenanza 4617\/21. Las \u201creuniones sociales\u201d y \u201clas fiestas clandestinas\u201d. Las sanciones para los comerciantes. La responsabilidad de<\/p>\n","protected":false},"author":4,"featured_media":19061,"comment_status":"closed","ping_status":"closed","sticky":false,"template":"","format":"standard","meta":{"_jetpack_memberships_contains_paid_content":false,"footnotes":""},"categories":[5,1],"tags":[],"class_list":["post-19055","post","type-post","status-publish","format-standard","has-post-thumbnail","hentry","category-informacion-general","category-portada"],"jetpack_featured_media_url":"https:\/\/i0.wp.com\/cdnoticias.com\/wp-content\/uploads\/2021\/04\/ordenanza-02.jpg?fit=1004%2C565&ssl=1","jetpack_sharing_enabled":true,"_links":{"self":[{"href":"https:\/\/cdnoticias.com\/index.php\/wp-json\/wp\/v2\/posts\/19055","targetHints":{"allow":["GET"]}}],"collection":[{"href":"https:\/\/cdnoticias.com\/index.php\/wp-json\/wp\/v2\/posts"}],"about":[{"href":"https:\/\/cdnoticias.com\/index.php\/wp-json\/wp\/v2\/types\/post"}],"author":[{"embeddable":true,"href":"https:\/\/cdnoticias.com\/index.php\/wp-json\/wp\/v2\/users\/4"}],"replies":[{"embeddable":true,"href":"https:\/\/cdnoticias.com\/index.php\/wp-json\/wp\/v2\/comments?post=19055"}],"version-history":[{"count":0,"href":"https:\/\/cdnoticias.com\/index.php\/wp-json\/wp\/v2\/posts\/19055\/revisions"}],"wp:featuredmedia":[{"embeddable":true,"href":"https:\/\/cdnoticias.com\/index.php\/wp-json\/wp\/v2\/media\/19061"}],"wp:attachment":[{"href":"https:\/\/cdnoticias.com\/index.php\/wp-json\/wp\/v2\/media?parent=19055"}],"wp:term":[{"taxonomy":"category","embeddable":true,"href":"https:\/\/cdnoticias.com\/index.php\/wp-json\/wp\/v2\/categories?post=19055"},{"taxonomy":"post_tag","embeddable":true,"href":"https:\/\/cdnoticias.com\/index.php\/wp-json\/wp\/v2\/tags?post=19055"}],"curies":[{"name":"wp","href":"https:\/\/api.w.org\/{rel}","templated":true}]}}