{"id":190545,"date":"2025-12-15T18:30:30","date_gmt":"2025-12-15T21:30:30","guid":{"rendered":"https:\/\/cdnoticias.com\/?p=190545"},"modified":"2025-12-15T18:30:32","modified_gmt":"2025-12-15T21:30:32","slug":"barrio-villa-aurora-trabajos-hidraulicos-y-de-mantenimiento-vial","status":"publish","type":"post","link":"https:\/\/cdnoticias.com\/index.php\/2025\/12\/15\/barrio-villa-aurora-trabajos-hidraulicos-y-de-mantenimiento-vial\/","title":{"rendered":"Barrio Villa Aurora: trabajos hidr\u00e1ulicos y de mantenimiento vial"},"content":{"rendered":"\n<p>&#8220;Se trat\u00f3 de labores que surgen no s\u00f3lo del seguimiento que se realiza desde el \u00e1rea de hidr\u00e1ulica en materia de escurrimiento de aguas, sino tambi\u00e9n como respuesta a vecinos y vecinas de ese punto de la ciudad&#8221; se indic\u00f3 desde el \u00e1rea. <\/p>\n\n\n\n<hr class=\"wp-block-separator aligncenter has-alpha-channel-opacity\"\/>\n\n\n\n<p>En la jornada de este lunes equipos de trabajo de la <strong>Secretar\u00eda de Obras, Infraestructura y Servicios P\u00fablicos desplegaron diversos trabajos<\/strong> en distintos puntos de la ciudad, en el marco de las labores que de manera permanente se realizan desde el \u00e1rea.<\/p>\n\n\n\n<p><\/p>\n\n\n\n<blockquote class=\"wp-block-quote is-layout-flow wp-block-quote-is-layout-flow\">\n<p>En ese marco, se detall\u00f3 que en barrio Villa Aurora se llev\u00f3 a cabo un canal aliviador sobre calle 173, en el tramo comprendido entre avenida Luciano Fortabat y Las Heras.\u00a0<\/p>\n<\/blockquote>\n\n\n\n<p><\/p>\n\n\n\n<p>&#8220;Se trat\u00f3 de labores que surgen no s\u00f3lo del <strong>seguimiento que se realiza desde el \u00e1rea de hidr\u00e1ulica en materia de escurrimiento de aguas, <\/strong>sino tambi\u00e9n como <strong>respuesta a vecinos y vecinas <\/strong>de ese punto de la ciudad&#8221; se indic\u00f3 desde el \u00e1rea. <\/p>\n\n\n\n<p><\/p>\n\n\n\n<figure class=\"wp-block-image aligncenter size-full\"><img data-recalc-dims=\"1\" loading=\"lazy\" decoding=\"async\" width=\"800\" height=\"509\" src=\"https:\/\/i0.wp.com\/cdnoticias.com\/wp-content\/uploads\/2025\/12\/mantenimientovillaaurora1.jpg?resize=800%2C509&#038;ssl=1\" alt=\"\" class=\"wp-image-190549\" srcset=\"https:\/\/i0.wp.com\/cdnoticias.com\/wp-content\/uploads\/2025\/12\/mantenimientovillaaurora1.jpg?w=900&amp;ssl=1 900w, https:\/\/i0.wp.com\/cdnoticias.com\/wp-content\/uploads\/2025\/12\/mantenimientovillaaurora1.jpg?resize=300%2C191&amp;ssl=1 300w, https:\/\/i0.wp.com\/cdnoticias.com\/wp-content\/uploads\/2025\/12\/mantenimientovillaaurora1.jpg?resize=768%2C489&amp;ssl=1 768w\" sizes=\"auto, (max-width: 800px) 100vw, 800px\" \/><\/figure>\n\n\n\n<p><\/p>\n\n\n\n<p>A la par, en ese sector de la ciudad tambi\u00e9n se llevaron a cabo <strong>trabajos de mejora y mantenimiento vial,<\/strong> que tuvieron como objetivo la <strong>prolongaci\u00f3n de avenida Pueyrred\u00f3n. <\/strong>De manera paralela, tambi\u00e9n se realizaron tareas de esta \u00edndole en distintos sectores del <strong>barrio Parque Arano.<\/strong><\/p>\n\n\n\n<p><\/p>\n\n\n\n<p>En ambos sitios las labores incluyeron tambi\u00e9n la<strong> limpieza de canales y cordones, <\/strong>en un trabajo articulado con motoniveladoras, camiones para el traslado y carga de materiales, y regadores.<\/p>\n\n\n\n<p><\/p>\n","protected":false},"excerpt":{"rendered":"<p>&#8220;Se trat\u00f3 de labores que surgen no s\u00f3lo del seguimiento que se realiza desde el \u00e1rea de hidr\u00e1ulica en materia<\/p>\n","protected":false},"author":6,"featured_media":190548,"comment_status":"closed","ping_status":"closed","sticky":false,"template":"","format":"standard","meta":{"_jetpack_memberships_contains_paid_content":false,"footnotes":""},"categories":[5,1],"tags":[],"class_list":["post-190545","post","type-post","status-publish","format-standard","has-post-thumbnail","hentry","category-informacion-general","category-portada"],"jetpack_featured_media_url":"https:\/\/i0.wp.com\/cdnoticias.com\/wp-content\/uploads\/2025\/12\/mantenimientovillaaurora2.jpg?fit=900%2C590&ssl=1","jetpack_sharing_enabled":true,"_links":{"self":[{"href":"https:\/\/cdnoticias.com\/index.php\/wp-json\/wp\/v2\/posts\/190545","targetHints":{"allow":["GET"]}}],"collection":[{"href":"https:\/\/cdnoticias.com\/index.php\/wp-json\/wp\/v2\/posts"}],"about":[{"href":"https:\/\/cdnoticias.com\/index.php\/wp-json\/wp\/v2\/types\/post"}],"author":[{"embeddable":true,"href":"https:\/\/cdnoticias.com\/index.php\/wp-json\/wp\/v2\/users\/6"}],"replies":[{"embeddable":true,"href":"https:\/\/cdnoticias.com\/index.php\/wp-json\/wp\/v2\/comments?post=190545"}],"version-history":[{"count":0,"href":"https:\/\/cdnoticias.com\/index.php\/wp-json\/wp\/v2\/posts\/190545\/revisions"}],"wp:featuredmedia":[{"embeddable":true,"href":"https:\/\/cdnoticias.com\/index.php\/wp-json\/wp\/v2\/media\/190548"}],"wp:attachment":[{"href":"https:\/\/cdnoticias.com\/index.php\/wp-json\/wp\/v2\/media?parent=190545"}],"wp:term":[{"taxonomy":"category","embeddable":true,"href":"https:\/\/cdnoticias.com\/index.php\/wp-json\/wp\/v2\/categories?post=190545"},{"taxonomy":"post_tag","embeddable":true,"href":"https:\/\/cdnoticias.com\/index.php\/wp-json\/wp\/v2\/tags?post=190545"}],"curies":[{"name":"wp","href":"https:\/\/api.w.org\/{rel}","templated":true}]}}