{"id":190503,"date":"2025-12-15T12:49:36","date_gmt":"2025-12-15T15:49:36","guid":{"rendered":"https:\/\/cdnoticias.com\/?p=190503"},"modified":"2025-12-15T17:03:22","modified_gmt":"2025-12-15T20:03:22","slug":"bianco-anticipo-que-habra-cambios-en-la-tarifa-social-desde-2026","status":"publish","type":"post","link":"https:\/\/cdnoticias.com\/index.php\/2025\/12\/15\/bianco-anticipo-que-habra-cambios-en-la-tarifa-social-desde-2026\/","title":{"rendered":"Bianco anticip\u00f3 que habr\u00e1 cambios en la tarifa social desde 2026"},"content":{"rendered":"\n<p>Las medidas apuntan a mejorar los criterios de inclusi\u00f3n y exclusi\u00f3n del sistema de tarifa social y a adecuarse a la nueva segmentaci\u00f3n que definir\u00e1 la Secretar\u00eda de Energ\u00eda de la Naci\u00f3n. Dejar\u00e1n de recibir subsidios unos 79.500 usuarios en toda la provincia.<\/p>\n\n\n\n<hr class=\"wp-block-separator has-alpha-channel-opacity\"\/>\n\n\n\n<p>El <strong>ministro de Gobierno bonaerense, Carlos Bianco<\/strong>, anunci\u00f3 que<strong> a partir de enero de 2026 la provincia de Buenos Aires aplicar\u00e1 modificaciones en el esquema de subsidios energ\u00e9ticos,<\/strong> en l\u00ednea con los cambios normativos que impulsa el Gobierno nacional. Las medidas apuntan, seg\u00fan explic\u00f3, a <strong>mejorar los criterios de inclusi\u00f3n y exclusi\u00f3n del sistema de tarifa social y a adecuarse a la nueva segmentaci\u00f3n que definir\u00e1 la Secretar\u00eda de Energ\u00eda de la Naci\u00f3n.<\/strong><\/p>\n\n\n\n<p><\/p>\n\n\n\n<p>\u201cHay algunos cambios que se vienen en materia de subsidios a la energ\u00eda en la provincia de Buenos Aires, en virtud de las modificaciones que est\u00e1 llevando adelante el Gobierno nacional en materia energ\u00e9tica\u201d, se\u00f1al\u00f3 Bianco en conferencia de prensa desde la Gobernaci\u00f3n bonaerense, al anticipar que <strong>las definiciones ser\u00e1n anunciadas con antelaci\u00f3n para evitar que los usuarios se vean afectados de manera sorpresiva.<\/strong><\/p>\n\n\n\n<p><\/p>\n\n\n\n<p>Uno de los ejes centrales de la modificaci\u00f3n ser\u00e1 la <strong>eliminaci\u00f3n de la tarifa social para residencias ubicadas en barrios cerrados.<\/strong> Seg\u00fan detall\u00f3, a partir de enero de 2026 <strong>dejar\u00e1n de recibir subsidios unos 79.500 usuarios en toda la provincia, de los cuales 66.900 corresponden al Gran Buenos Aires, en \u00e1reas reguladas por Edenor y Edesur, y otros 12.600 al interior bonaerense, bajo la \u00f3rbita del OCEBA.<\/strong><\/p>\n\n\n\n<p><\/p>\n\n\n\n<p>En paralelo, el Ministro describi\u00f3 el<strong> nuevo esquema de segmentaci\u00f3n energ\u00e9tica<\/strong> que impulsa la Naci\u00f3n y que actualmente se encuentra en consulta p\u00fablica. El funcionario bonaerense record\u00f3 que el sistema vigente clasifica a los usuarios en tres categor\u00edas:<\/p>\n\n\n\n<p><\/p>\n\n\n\n<p><strong>N1, de altos ingresos, sin subsidio;<\/strong><\/p>\n\n\n\n<p><br><strong>N2, de bajos ingresos, con un subsidio del 65% hasta cierto nivel de consumo;<\/strong><\/p>\n\n\n\n<p><br><strong>N3, de ingresos medios, con un subsidio del 50% en un tramo acotado.<\/strong><\/p>\n\n\n\n<p><\/p>\n\n\n\n<p>Ese esquema ser\u00e1 reemplazado por uno de <strong>dos categor\u00edas<\/strong>: \u201cVa a haber<strong> hogares con subsidio<\/strong>, que van a ser hogares con ingresos menores a tres canastas b\u00e1sicas totales\u201d, explic\u00f3 Bianco, y detall\u00f3 que recibir\u00e1n asistencia sobre el consumo de <strong>hasta 300 kWh mensuales en meses de alta demanda y hasta 150 kWh en meses de clima templado.<\/strong><\/p>\n\n\n\n<p><\/p>\n\n\n\n<p>La segunda categor\u00eda ser\u00e1 la de <strong>hogares sin subsidio<\/strong>, integrada por aquellos con ingresos superiores a tres canastas b\u00e1sicas totales, que no recibir\u00e1n ning\u00fan tipo de asistencia energ\u00e9tica. Bianco remarc\u00f3 que estas definiciones nacionales impactan directamente en el esquema provincial de subsidios.<\/p>\n\n\n\n<p><\/p>\n\n\n\n<p>En ese marco, explic\u00f3 que la Provincia de Buenos Aires ten\u00eda un sistema que \u201cen cierta parte espejaba esos criterios\u201d para las empresas reguladas por el OCEBA. All\u00ed exist\u00edan dos grupos: uno de usuarios con ingresos menores a dos salarios m\u00ednimos, que continuar\u00e1 recibiendo la tarifa social, y otro grupo que replicaba la categor\u00eda N2 nacional.<\/p>\n\n\n\n<p><\/p>\n\n\n\n<p>Con la<strong> eliminaci\u00f3n de la categor\u00eda N2 a nivel nacional,<\/strong> ese segundo grupo provincial quedar\u00eda alcanzado por la quita de subsidios. Sin embargo, Bianco aclar\u00f3 que<strong> la Provincia sostendr\u00e1 el beneficio para esos usuarios, siempre que cumplan determinadas condiciones.<\/strong><\/p>\n\n\n\n<p><\/p>\n\n\n\n<p>\u201cNosotros los vamos a poder seguir subsidiando, los vamos a poder seguir <strong>incluyendo en la tarifa social provincial<\/strong>, siempre y cuando<strong> se anoten en la p\u00e1gina web del Organismo de Control de Energ\u00eda El\u00e9ctrica de la Provincia de Buenos Aires (OCEBA) <\/strong>y cumplan obviamente las condiciones para obtener el subsidio energ\u00e9tico\u201d, afirm\u00f3 Bianco, y subray\u00f3 que el objetivo de adelantar estos anuncios es <strong>informar con tiempo a los usuarios bonaerenses.<\/strong> \u201cNo queremos que nuestros usuarios de golpe se enteren que se han quedado sin subsidios por esta modificaci\u00f3n regulatoria a nivel nacional\u201d, concluy\u00f3.<\/p>\n\n\n\n<p><\/p>\n\n\n\n<p><strong>El impacto del nuevo esquema en la tarifa social bonaerense<\/strong><\/p>\n\n\n\n<p><\/p>\n\n\n\n<p>Las modificaciones anunciadas por el ministro de Gobierno se inscriben en un contexto de cambios m\u00e1s amplios en la pol\u00edtica energ\u00e9tica nacional, que comenzar\u00e1n a regir formalmente a partir del 1\u00ba de enero de 2026. La Provincia busca, seg\u00fan explic\u00f3 Bianco, amortiguar el impacto de esas decisiones sobre los sectores de menores ingresos.<\/p>\n\n\n\n<p><\/p>\n\n\n\n<p>En ese sentido, la continuidad de la tarifa social provincial para usuarios que queden excluidos del esquema nacional depender\u00e1 de la inscripci\u00f3n en el registro correspondiente y del cumplimiento de los requisitos establecidos por el OCEBA.<strong> La Provincia anticip\u00f3 que brindar\u00e1 mayores precisiones operativas en los pr\u00f3ximos meses.<\/strong><\/p>\n\n\n\n<p><\/p>\n\n\n\n<p>El redise\u00f1o del sistema de subsidios tambi\u00e9n implica una revisi\u00f3n m\u00e1s estricta de los criterios patrimoniales y de localizaci\u00f3n de las viviendas, como en el caso de los barrios cerrados, que dejar\u00e1n de estar alcanzados por el beneficio.<\/p>\n\n\n\n<p><\/p>\n\n\n\n<p><em><strong>Fuente: Agencia DIB.<\/strong><\/em><\/p>\n\n\n\n<p><\/p>\n","protected":false},"excerpt":{"rendered":"<p>Las medidas apuntan a mejorar los criterios de inclusi\u00f3n y exclusi\u00f3n del sistema de tarifa social y a adecuarse a<\/p>\n","protected":false},"author":5,"featured_media":190506,"comment_status":"closed","ping_status":"closed","sticky":false,"template":"","format":"standard","meta":{"_jetpack_memberships_contains_paid_content":false,"footnotes":""},"categories":[6,1],"tags":[],"class_list":["post-190503","post","type-post","status-publish","format-standard","has-post-thumbnail","hentry","category-nacionales","category-portada"],"jetpack_featured_media_url":"https:\/\/i0.wp.com\/cdnoticias.com\/wp-content\/uploads\/2025\/12\/carlos-bianco-2025.png?fit=800%2C445&ssl=1","jetpack_sharing_enabled":true,"_links":{"self":[{"href":"https:\/\/cdnoticias.com\/index.php\/wp-json\/wp\/v2\/posts\/190503","targetHints":{"allow":["GET"]}}],"collection":[{"href":"https:\/\/cdnoticias.com\/index.php\/wp-json\/wp\/v2\/posts"}],"about":[{"href":"https:\/\/cdnoticias.com\/index.php\/wp-json\/wp\/v2\/types\/post"}],"author":[{"embeddable":true,"href":"https:\/\/cdnoticias.com\/index.php\/wp-json\/wp\/v2\/users\/5"}],"replies":[{"embeddable":true,"href":"https:\/\/cdnoticias.com\/index.php\/wp-json\/wp\/v2\/comments?post=190503"}],"version-history":[{"count":0,"href":"https:\/\/cdnoticias.com\/index.php\/wp-json\/wp\/v2\/posts\/190503\/revisions"}],"wp:featuredmedia":[{"embeddable":true,"href":"https:\/\/cdnoticias.com\/index.php\/wp-json\/wp\/v2\/media\/190506"}],"wp:attachment":[{"href":"https:\/\/cdnoticias.com\/index.php\/wp-json\/wp\/v2\/media?parent=190503"}],"wp:term":[{"taxonomy":"category","embeddable":true,"href":"https:\/\/cdnoticias.com\/index.php\/wp-json\/wp\/v2\/categories?post=190503"},{"taxonomy":"post_tag","embeddable":true,"href":"https:\/\/cdnoticias.com\/index.php\/wp-json\/wp\/v2\/tags?post=190503"}],"curies":[{"name":"wp","href":"https:\/\/api.w.org\/{rel}","templated":true}]}}