{"id":190502,"date":"2025-12-15T19:00:16","date_gmt":"2025-12-15T22:00:16","guid":{"rendered":"https:\/\/cdnoticias.com\/?p=190502"},"modified":"2025-12-15T19:00:17","modified_gmt":"2025-12-15T22:00:17","slug":"reforma-laboral-axel-kicillof-aseguro-que-va-a-acompanar-la-marcha-de-la-cgt","status":"publish","type":"post","link":"https:\/\/cdnoticias.com\/index.php\/2025\/12\/15\/reforma-laboral-axel-kicillof-aseguro-que-va-a-acompanar-la-marcha-de-la-cgt\/","title":{"rendered":"Reforma laboral: Axel Kicillof asegur\u00f3 que va a acompa\u00f1ar la marcha de la CGT"},"content":{"rendered":"<p>El Gobernador bonaerense mostr\u00f3 preocupaci\u00f3n por la recesi\u00f3n que atraviesa la econom\u00eda en todo el pa\u00eds y sostuvo que el proyecto de &#8220;modernizaci\u00f3n&#8221; laboral que impulsa Javier Milei no es tal, ya que es &#8220;volver atr\u00e1s&#8221; con viejas recetas.<!--more--><\/p>\n<hr \/>\n<p>El <strong>Gobernador Axel Kicillof<\/strong> mostr\u00f3 <strong>preocupaci\u00f3n por la situaci\u00f3n econ\u00f3mica<\/strong> que vive el pa\u00eds por el plan que imparte el Gobierno nacional, que ha endeudado a las familias, a las que les cuesta solventar los gastos diarios b\u00e1sicos. En esa l\u00ednea, asegur\u00f3 en di\u00e1logo con el programa Rayos X, por Radio 10, que <strong>el pr\u00f3ximo jueves 18 de diciembre, el Movimiento Derecho al Futuro (MDF) que conduce acompa\u00f1ar\u00e1 la medida de fuerza con movilizaci\u00f3n que <a href=\"https:\/\/cdnoticias.com\/index.php\/2025\/12\/13\/la-cgt-marchara-el-jueves-18-contra-la-reforma-laboral\/\" target=\"_blank\" rel=\"noopener\">impulsa la Confederaci\u00f3n General del Trabajo (CGT)<\/a><\/strong> contra el <a href=\"https:\/\/cdnoticias.com\/index.php\/2025\/12\/11\/proyecto-de-ley-de-modernizacion-laboral-los-puntos-centrales-de-la-reforma-de-milei\/\" target=\"_blank\" rel=\"noopener\">proyecto de ley de presunta flexibilizaci\u00f3n laboral<\/a>.<\/p>\n<p>Consultado por la <strong>falta de reacci\u00f3n social ante los aumentos en servicios, alquileres y el congelamiento de los salarios<\/strong>, el Gobernador asegur\u00f3 que se dan <strong>factores muy complejos combinados, \u201cdel orden de la sociolog\u00eda, la psicolog\u00eda\u201d<\/strong>, que se cristalizan en la idea de la baja de la inflaci\u00f3n \u201cque no es tanta\u201d.<\/p>\n<p>\u201cHay una receta que baja la inflaci\u00f3n sin lugar a dudas: atrasar el d\u00f3lar, abrir las importaciones masivamente, bajar salarios, bajar jubilaciones, ca\u00edda de la demanda, por lo que si la inflaci\u00f3n es 2,5% no se puede trasladar a precios; si vos abris el mercado est\u00fapidamente como hace Milei, porque hay excedente de productos, por donde lo mires, despu\u00e9s de la reacci\u00f3n que esto produce, los que estamos en funciones de Gobierno <strong>lo \u00fanico que advertimos es un deterioro que se ha acelerado mucho&#8221;<\/strong>, analiz\u00f3.<\/p>\n<blockquote>\n<p>&#8220;No se est\u00e1 viendo ninguna mejora, est\u00e1 muy complicada la econom\u00eda cotidiana y la gesti\u00f3n. Milei nos debe una monta\u00f1a de plata a nosotros y a las otras provincias y por los tiempos, esto se arreglara en a\u00f1os\u2026 nos debe 13 billones de d\u00f3lares entre jubilaciones, educaci\u00f3n, en obras frenadas&#8221;, subray\u00f3.<\/p>\n<\/blockquote>\n<p>Acerca de la <strong>comunicaci\u00f3n entre los mandatarios provinciales<\/strong>, Kicillof dijo que est\u00e1n en contacto, que &#8220;existe un grupo de WhatsApp&#8221; y que lo que comentan &#8220;no es lo que publica la prensa&#8221;, por lo que dio a entender que<strong> la cr\u00edtica situaci\u00f3n obliga a aunar criterios<\/strong> entre todos los gobernadores. Y a\u00f1adi\u00f3: <strong>&#8220;No podemos sustituir un gobierno nacional que deserta de sus funciones o que intenta asfixiar a quienes no piensan igual<\/strong> o a los que piensan igual tambi\u00e9n, porque ellos tampoco han recibido gran ayuda del gobierno nacional&#8221;.<\/p>\n<p><blockquote class=\"wp-embedded-content\" data-secret=\"z9pIEL3jnH\"><a href=\"https:\/\/cdnoticias.com\/index.php\/2025\/12\/13\/hosanna-cazola-sobre-la-reforma-laboral-de-milei-de-modernizacion-no-tiene-nada\/\">Hosanna Cazola sobre la reforma laboral de Milei: \u201cde modernizaci\u00f3n no tiene nada\u201d<\/a><\/blockquote><iframe loading=\"lazy\" class=\"wp-embedded-content\" sandbox=\"allow-scripts\" security=\"restricted\" style=\"position: absolute; visibility: hidden;\" title=\"&#8220;Hosanna Cazola sobre la reforma laboral de Milei: \u201cde modernizaci\u00f3n no tiene nada\u201d&#8221; &#8212; Central de Noticias | Olavarr\u00eda\" src=\"https:\/\/cdnoticias.com\/index.php\/2025\/12\/13\/hosanna-cazola-sobre-la-reforma-laboral-de-milei-de-modernizacion-no-tiene-nada\/embed\/#?secret=n29mExOyls#?secret=z9pIEL3jnH\" data-secret=\"z9pIEL3jnH\" width=\"600\" height=\"338\" frameborder=\"0\" marginwidth=\"0\" marginheight=\"0\" scrolling=\"no\"><\/iframe><\/p>\n<h3>Reforma laboral<\/h3>\n<p>Consultado sobre la reforma laboral que impulsa el Gobierno nacional y busca aprobar antes de fin de a\u00f1o, el mandatario bonaerense expres\u00f3 que adem\u00e1s de ser muy extensa, con 197 art\u00edculos,<strong> &#8220;el Gobierno no la consult\u00f3 ni con Pymes, ni con trabajadores&#8221;<\/strong>, por lo que<strong> &#8220;si piensa que va a aprobarla as\u00ed, en shock, est\u00e1 muy equivocado&#8221;<\/strong>.<\/p>\n<blockquote>\n<p>Asimismo, Kicillof evalu\u00f3 que el proyecto es muy extenso, con muchos elementos, &#8220;algunos no vinculados a contratos de trabajo y otros factores, que pueden traer consecuencias de todo tipo&#8221;. Adem\u00e1s, critic\u00f3 el supuesto esp\u00edritu renovador de la ley: &#8220;El nombre modernizaci\u00f3n nunca estuvo peor puesto, modernizar es llevarnos a la Asamblea del a\u00f1o XIII de acuerdo a lo que quieren hacer, esto de nuevo no tiene nada: es volver atr\u00e1s con much\u00edsimos elementos que se plantearon varias veces en Argentina&#8221;.<\/p>\n<\/blockquote>\n<p>De acuerdo a su criterio, <strong>&#8220;habr\u00eda que discutir nuevas modalidades de trabajo<\/strong>, el problema de la<strong> informalidad<\/strong> que empeor\u00f3 con Milei, ameritar\u00eda una discusi\u00f3n por lo extensa de la propuesta, para poder aportar algo positivo&#8221;.<\/p>\n<p>Fuente: <em>Agencia DIB<\/em><\/p>\n\n\n<p><\/p>\n","protected":false},"excerpt":{"rendered":"<p>El Gobernador bonaerense mostr\u00f3 preocupaci\u00f3n por la recesi\u00f3n que atraviesa la econom\u00eda en todo el pa\u00eds y sostuvo que el<\/p>\n","protected":false},"author":4,"featured_media":184628,"comment_status":"closed","ping_status":"closed","sticky":false,"template":"","format":"standard","meta":{"_jetpack_memberships_contains_paid_content":false,"footnotes":""},"categories":[6,1],"tags":[],"class_list":["post-190502","post","type-post","status-publish","format-standard","has-post-thumbnail","hentry","category-nacionales","category-portada"],"jetpack_featured_media_url":"https:\/\/i0.wp.com\/cdnoticias.com\/wp-content\/uploads\/2025\/10\/axel-kicillof-00.jpg?fit=1000%2C556&ssl=1","jetpack_sharing_enabled":true,"_links":{"self":[{"href":"https:\/\/cdnoticias.com\/index.php\/wp-json\/wp\/v2\/posts\/190502","targetHints":{"allow":["GET"]}}],"collection":[{"href":"https:\/\/cdnoticias.com\/index.php\/wp-json\/wp\/v2\/posts"}],"about":[{"href":"https:\/\/cdnoticias.com\/index.php\/wp-json\/wp\/v2\/types\/post"}],"author":[{"embeddable":true,"href":"https:\/\/cdnoticias.com\/index.php\/wp-json\/wp\/v2\/users\/4"}],"replies":[{"embeddable":true,"href":"https:\/\/cdnoticias.com\/index.php\/wp-json\/wp\/v2\/comments?post=190502"}],"version-history":[{"count":0,"href":"https:\/\/cdnoticias.com\/index.php\/wp-json\/wp\/v2\/posts\/190502\/revisions"}],"wp:featuredmedia":[{"embeddable":true,"href":"https:\/\/cdnoticias.com\/index.php\/wp-json\/wp\/v2\/media\/184628"}],"wp:attachment":[{"href":"https:\/\/cdnoticias.com\/index.php\/wp-json\/wp\/v2\/media?parent=190502"}],"wp:term":[{"taxonomy":"category","embeddable":true,"href":"https:\/\/cdnoticias.com\/index.php\/wp-json\/wp\/v2\/categories?post=190502"},{"taxonomy":"post_tag","embeddable":true,"href":"https:\/\/cdnoticias.com\/index.php\/wp-json\/wp\/v2\/tags?post=190502"}],"curies":[{"name":"wp","href":"https:\/\/api.w.org\/{rel}","templated":true}]}}