{"id":190473,"date":"2025-12-15T09:27:43","date_gmt":"2025-12-15T12:27:43","guid":{"rendered":"https:\/\/cdnoticias.com\/?p=190473"},"modified":"2025-12-15T13:05:13","modified_gmt":"2025-12-15T16:05:13","slug":"olavarria-en-verano-se-puso-en-marcha-con-un-masivo-show","status":"publish","type":"post","link":"https:\/\/cdnoticias.com\/index.php\/2025\/12\/15\/olavarria-en-verano-se-puso-en-marcha-con-un-masivo-show\/","title":{"rendered":"\u201cOlavarr\u00eda en Verano\u201d se puso en marcha con un masivo show"},"content":{"rendered":"<p>En las escalinatas de la Casa del Bicentenario se presentaron la Orquesta Sinf\u00f3nica Municipal, el Ballet Folkl\u00f3rico, la Orquesta Escuela, la Banda Escuela y el Coro Estable de Tandil.<!--more--><\/p>\n<hr \/>\n<p>\u00a0<\/p>\n\n\n<p><strong>\u201cOlavarr\u00eda en Verano\u201d<\/strong>, en calendario de propuestas impulsadas desde el Municipio se puso en marcha el \u00faltimo fin de semana con<strong> un masivo evento que se desarroll\u00f3 este domingo<\/strong> en las<strong> escalinatas de la Casa del Bicentenario<\/strong>, donde se unieron <strong>el talento, el arte y la cultura locales<\/strong>.<\/p>\n\n\n\n<p><\/p>\n\n\n\n<blockquote class=\"wp-block-quote is-layout-flow wp-block-quote-is-layout-flow\">\n<p>En un escenario desplegado a la vera del arroyo Tapalqu\u00e9 se llevaron a cabo las presentaciones de la Orquesta Escuela Municipal, la Banda Escuela Municipal \u201cHugo Bazzano\u201d y la presentaci\u00f3n de la Orquesta Sinf\u00f3nica Municipal \u201cMtro. Mario Patan\u00e9\u201d, dirigida por el mtro. Diego Lurbe, y acompa\u00f1ada por Valentina Fern\u00e1ndez y Agust\u00edn Begue en voz, el Ballet Folkl\u00f3rico Municipal y el Coro Estable de Tandil.<\/p>\n<\/blockquote>\n\n\n\n<p><\/p>\n\n\n\n<p>La propuesta se inici\u00f3 a las 19 horas, con la organizaci\u00f3n de la<strong> Subsecretar\u00eda de Cultura y Educaci\u00f3n<\/strong> en articulaci\u00f3n con<strong> distintas \u00e1reas <\/strong>del Municipio,<strong> \u201cpara poder brindar a todas las personas presentes una verdadera fiesta de la cultura de la ciudad\u201d <\/strong>se destac\u00f3.<\/p>\n\n\n\n<p><\/p>\n\n\n\n<p>Tal es as\u00ed que, adem\u00e1s de las presentaciones art\u00edsticas, tambi\u00e9n se cont\u00f3 con un <strong>nutrido patio de comidas <\/strong>que acompa\u00f1\u00f3 el desarrollo de toda la jornada.<\/p>\n\n\n\n<div class=\"wp-block-jetpack-slideshow aligncenter\" data-effect=\"slide\" style=\"--aspect-ratio:calc(1000 \/ 556)\"><div class=\"wp-block-jetpack-slideshow_container swiper\"><ul class=\"wp-block-jetpack-slideshow_swiper-wrapper swiper-wrapper\"><li class=\"wp-block-jetpack-slideshow_slide swiper-slide\"><figure><img data-recalc-dims=\"1\" loading=\"lazy\" decoding=\"async\" width=\"800\" height=\"445\" alt=\"\" class=\"wp-block-jetpack-slideshow_image wp-image-190475\" data-id=\"190475\" data-aspect-ratio=\"1000 \/ 556\" src=\"https:\/\/i0.wp.com\/cdnoticias.com\/wp-content\/uploads\/2025\/12\/olavarria-en-verano-01.jpg?resize=800%2C445&#038;ssl=1\" srcset=\"https:\/\/i0.wp.com\/cdnoticias.com\/wp-content\/uploads\/2025\/12\/olavarria-en-verano-01.jpg?w=1000&amp;ssl=1 1000w, https:\/\/i0.wp.com\/cdnoticias.com\/wp-content\/uploads\/2025\/12\/olavarria-en-verano-01.jpg?resize=300%2C167&amp;ssl=1 300w, https:\/\/i0.wp.com\/cdnoticias.com\/wp-content\/uploads\/2025\/12\/olavarria-en-verano-01.jpg?resize=768%2C427&amp;ssl=1 768w, https:\/\/i0.wp.com\/cdnoticias.com\/wp-content\/uploads\/2025\/12\/olavarria-en-verano-01.jpg?resize=800%2C445&amp;ssl=1 800w\" sizes=\"(max-width: 800px) 100vw, 800px\" \/><\/figure><\/li><li class=\"wp-block-jetpack-slideshow_slide swiper-slide\"><figure><img data-recalc-dims=\"1\" loading=\"lazy\" decoding=\"async\" width=\"800\" height=\"445\" alt=\"\" class=\"wp-block-jetpack-slideshow_image wp-image-190484\" data-id=\"190484\" data-aspect-ratio=\"1000 \/ 556\" src=\"https:\/\/i0.wp.com\/cdnoticias.com\/wp-content\/uploads\/2025\/12\/olavarria-en-verano-10.jpg?resize=800%2C445&#038;ssl=1\" srcset=\"https:\/\/i0.wp.com\/cdnoticias.com\/wp-content\/uploads\/2025\/12\/olavarria-en-verano-10.jpg?w=1000&amp;ssl=1 1000w, https:\/\/i0.wp.com\/cdnoticias.com\/wp-content\/uploads\/2025\/12\/olavarria-en-verano-10.jpg?resize=300%2C167&amp;ssl=1 300w, https:\/\/i0.wp.com\/cdnoticias.com\/wp-content\/uploads\/2025\/12\/olavarria-en-verano-10.jpg?resize=768%2C427&amp;ssl=1 768w, https:\/\/i0.wp.com\/cdnoticias.com\/wp-content\/uploads\/2025\/12\/olavarria-en-verano-10.jpg?resize=800%2C445&amp;ssl=1 800w\" sizes=\"(max-width: 800px) 100vw, 800px\" \/><\/figure><\/li><li class=\"wp-block-jetpack-slideshow_slide swiper-slide\"><figure><img data-recalc-dims=\"1\" loading=\"lazy\" decoding=\"async\" width=\"800\" height=\"445\" alt=\"\" class=\"wp-block-jetpack-slideshow_image wp-image-190483\" data-id=\"190483\" data-aspect-ratio=\"1000 \/ 556\" src=\"https:\/\/i0.wp.com\/cdnoticias.com\/wp-content\/uploads\/2025\/12\/olavarria-en-verano-09-diego-lurbe.jpg?resize=800%2C445&#038;ssl=1\" srcset=\"https:\/\/i0.wp.com\/cdnoticias.com\/wp-content\/uploads\/2025\/12\/olavarria-en-verano-09-diego-lurbe.jpg?w=1000&amp;ssl=1 1000w, https:\/\/i0.wp.com\/cdnoticias.com\/wp-content\/uploads\/2025\/12\/olavarria-en-verano-09-diego-lurbe.jpg?resize=300%2C167&amp;ssl=1 300w, https:\/\/i0.wp.com\/cdnoticias.com\/wp-content\/uploads\/2025\/12\/olavarria-en-verano-09-diego-lurbe.jpg?resize=768%2C427&amp;ssl=1 768w, https:\/\/i0.wp.com\/cdnoticias.com\/wp-content\/uploads\/2025\/12\/olavarria-en-verano-09-diego-lurbe.jpg?resize=800%2C445&amp;ssl=1 800w\" sizes=\"(max-width: 800px) 100vw, 800px\" \/><\/figure><\/li><li class=\"wp-block-jetpack-slideshow_slide swiper-slide\"><figure><img data-recalc-dims=\"1\" loading=\"lazy\" decoding=\"async\" width=\"800\" height=\"445\" alt=\"\" class=\"wp-block-jetpack-slideshow_image wp-image-190482\" data-id=\"190482\" data-aspect-ratio=\"1000 \/ 556\" src=\"https:\/\/i0.wp.com\/cdnoticias.com\/wp-content\/uploads\/2025\/12\/olavarria-en-verano-08.jpg?resize=800%2C445&#038;ssl=1\" srcset=\"https:\/\/i0.wp.com\/cdnoticias.com\/wp-content\/uploads\/2025\/12\/olavarria-en-verano-08.jpg?w=1000&amp;ssl=1 1000w, https:\/\/i0.wp.com\/cdnoticias.com\/wp-content\/uploads\/2025\/12\/olavarria-en-verano-08.jpg?resize=300%2C167&amp;ssl=1 300w, https:\/\/i0.wp.com\/cdnoticias.com\/wp-content\/uploads\/2025\/12\/olavarria-en-verano-08.jpg?resize=768%2C427&amp;ssl=1 768w, https:\/\/i0.wp.com\/cdnoticias.com\/wp-content\/uploads\/2025\/12\/olavarria-en-verano-08.jpg?resize=800%2C445&amp;ssl=1 800w\" sizes=\"(max-width: 800px) 100vw, 800px\" \/><\/figure><\/li><li class=\"wp-block-jetpack-slideshow_slide swiper-slide\"><figure><img data-recalc-dims=\"1\" loading=\"lazy\" decoding=\"async\" width=\"800\" height=\"446\" alt=\"\" class=\"wp-block-jetpack-slideshow_image wp-image-190481\" data-id=\"190481\" data-aspect-ratio=\"1000 \/ 557\" src=\"https:\/\/i0.wp.com\/cdnoticias.com\/wp-content\/uploads\/2025\/12\/olavarria-en-verano-07.jpg?resize=800%2C446&#038;ssl=1\" srcset=\"https:\/\/i0.wp.com\/cdnoticias.com\/wp-content\/uploads\/2025\/12\/olavarria-en-verano-07.jpg?w=1000&amp;ssl=1 1000w, https:\/\/i0.wp.com\/cdnoticias.com\/wp-content\/uploads\/2025\/12\/olavarria-en-verano-07.jpg?resize=300%2C167&amp;ssl=1 300w, https:\/\/i0.wp.com\/cdnoticias.com\/wp-content\/uploads\/2025\/12\/olavarria-en-verano-07.jpg?resize=768%2C428&amp;ssl=1 768w, https:\/\/i0.wp.com\/cdnoticias.com\/wp-content\/uploads\/2025\/12\/olavarria-en-verano-07.jpg?resize=800%2C445&amp;ssl=1 800w\" sizes=\"(max-width: 800px) 100vw, 800px\" \/><\/figure><\/li><li class=\"wp-block-jetpack-slideshow_slide swiper-slide\"><figure><img data-recalc-dims=\"1\" loading=\"lazy\" decoding=\"async\" width=\"800\" height=\"445\" alt=\"\" class=\"wp-block-jetpack-slideshow_image wp-image-190480\" data-id=\"190480\" data-aspect-ratio=\"1000 \/ 556\" src=\"https:\/\/i0.wp.com\/cdnoticias.com\/wp-content\/uploads\/2025\/12\/olavarria-en-verano-06.jpg?resize=800%2C445&#038;ssl=1\" srcset=\"https:\/\/i0.wp.com\/cdnoticias.com\/wp-content\/uploads\/2025\/12\/olavarria-en-verano-06.jpg?w=1000&amp;ssl=1 1000w, https:\/\/i0.wp.com\/cdnoticias.com\/wp-content\/uploads\/2025\/12\/olavarria-en-verano-06.jpg?resize=300%2C167&amp;ssl=1 300w, https:\/\/i0.wp.com\/cdnoticias.com\/wp-content\/uploads\/2025\/12\/olavarria-en-verano-06.jpg?resize=768%2C427&amp;ssl=1 768w, https:\/\/i0.wp.com\/cdnoticias.com\/wp-content\/uploads\/2025\/12\/olavarria-en-verano-06.jpg?resize=800%2C445&amp;ssl=1 800w\" sizes=\"(max-width: 800px) 100vw, 800px\" \/><\/figure><\/li><li class=\"wp-block-jetpack-slideshow_slide swiper-slide\"><figure><img data-recalc-dims=\"1\" loading=\"lazy\" decoding=\"async\" width=\"800\" height=\"445\" alt=\"\" class=\"wp-block-jetpack-slideshow_image wp-image-190479\" data-id=\"190479\" data-aspect-ratio=\"1000 \/ 556\" src=\"https:\/\/i0.wp.com\/cdnoticias.com\/wp-content\/uploads\/2025\/12\/olavarria-en-verano-05.jpg?resize=800%2C445&#038;ssl=1\" srcset=\"https:\/\/i0.wp.com\/cdnoticias.com\/wp-content\/uploads\/2025\/12\/olavarria-en-verano-05.jpg?w=1000&amp;ssl=1 1000w, https:\/\/i0.wp.com\/cdnoticias.com\/wp-content\/uploads\/2025\/12\/olavarria-en-verano-05.jpg?resize=300%2C167&amp;ssl=1 300w, https:\/\/i0.wp.com\/cdnoticias.com\/wp-content\/uploads\/2025\/12\/olavarria-en-verano-05.jpg?resize=768%2C427&amp;ssl=1 768w, https:\/\/i0.wp.com\/cdnoticias.com\/wp-content\/uploads\/2025\/12\/olavarria-en-verano-05.jpg?resize=800%2C445&amp;ssl=1 800w\" sizes=\"(max-width: 800px) 100vw, 800px\" \/><\/figure><\/li><li class=\"wp-block-jetpack-slideshow_slide swiper-slide\"><figure><img data-recalc-dims=\"1\" loading=\"lazy\" decoding=\"async\" width=\"800\" height=\"445\" alt=\"\" class=\"wp-block-jetpack-slideshow_image wp-image-190478\" data-id=\"190478\" data-aspect-ratio=\"1000 \/ 556\" src=\"https:\/\/i0.wp.com\/cdnoticias.com\/wp-content\/uploads\/2025\/12\/olavarria-en-verano-04.jpg?resize=800%2C445&#038;ssl=1\" srcset=\"https:\/\/i0.wp.com\/cdnoticias.com\/wp-content\/uploads\/2025\/12\/olavarria-en-verano-04.jpg?w=1000&amp;ssl=1 1000w, https:\/\/i0.wp.com\/cdnoticias.com\/wp-content\/uploads\/2025\/12\/olavarria-en-verano-04.jpg?resize=300%2C167&amp;ssl=1 300w, https:\/\/i0.wp.com\/cdnoticias.com\/wp-content\/uploads\/2025\/12\/olavarria-en-verano-04.jpg?resize=768%2C427&amp;ssl=1 768w, https:\/\/i0.wp.com\/cdnoticias.com\/wp-content\/uploads\/2025\/12\/olavarria-en-verano-04.jpg?resize=800%2C445&amp;ssl=1 800w\" sizes=\"(max-width: 800px) 100vw, 800px\" \/><\/figure><\/li><li class=\"wp-block-jetpack-slideshow_slide swiper-slide\"><figure><img data-recalc-dims=\"1\" loading=\"lazy\" decoding=\"async\" width=\"800\" height=\"445\" alt=\"\" class=\"wp-block-jetpack-slideshow_image wp-image-190477\" data-id=\"190477\" data-aspect-ratio=\"1000 \/ 556\" src=\"https:\/\/i0.wp.com\/cdnoticias.com\/wp-content\/uploads\/2025\/12\/olavarria-en-verano-03.jpg?resize=800%2C445&#038;ssl=1\" srcset=\"https:\/\/i0.wp.com\/cdnoticias.com\/wp-content\/uploads\/2025\/12\/olavarria-en-verano-03.jpg?w=1000&amp;ssl=1 1000w, https:\/\/i0.wp.com\/cdnoticias.com\/wp-content\/uploads\/2025\/12\/olavarria-en-verano-03.jpg?resize=300%2C167&amp;ssl=1 300w, https:\/\/i0.wp.com\/cdnoticias.com\/wp-content\/uploads\/2025\/12\/olavarria-en-verano-03.jpg?resize=768%2C427&amp;ssl=1 768w, https:\/\/i0.wp.com\/cdnoticias.com\/wp-content\/uploads\/2025\/12\/olavarria-en-verano-03.jpg?resize=800%2C445&amp;ssl=1 800w\" sizes=\"(max-width: 800px) 100vw, 800px\" \/><\/figure><\/li><li class=\"wp-block-jetpack-slideshow_slide swiper-slide\"><figure><img data-recalc-dims=\"1\" loading=\"lazy\" decoding=\"async\" width=\"800\" height=\"445\" alt=\"\" class=\"wp-block-jetpack-slideshow_image wp-image-190476\" data-id=\"190476\" data-aspect-ratio=\"1000 \/ 556\" src=\"https:\/\/i0.wp.com\/cdnoticias.com\/wp-content\/uploads\/2025\/12\/olavarria-en-verano-02.jpg?resize=800%2C445&#038;ssl=1\" srcset=\"https:\/\/i0.wp.com\/cdnoticias.com\/wp-content\/uploads\/2025\/12\/olavarria-en-verano-02.jpg?w=1000&amp;ssl=1 1000w, https:\/\/i0.wp.com\/cdnoticias.com\/wp-content\/uploads\/2025\/12\/olavarria-en-verano-02.jpg?resize=300%2C167&amp;ssl=1 300w, https:\/\/i0.wp.com\/cdnoticias.com\/wp-content\/uploads\/2025\/12\/olavarria-en-verano-02.jpg?resize=768%2C427&amp;ssl=1 768w, https:\/\/i0.wp.com\/cdnoticias.com\/wp-content\/uploads\/2025\/12\/olavarria-en-verano-02.jpg?resize=800%2C445&amp;ssl=1 800w\" sizes=\"(max-width: 800px) 100vw, 800px\" \/><\/figure><\/li><li class=\"wp-block-jetpack-slideshow_slide swiper-slide\"><figure><img data-recalc-dims=\"1\" loading=\"lazy\" decoding=\"async\" width=\"800\" height=\"445\" alt=\"\" class=\"wp-block-jetpack-slideshow_image wp-image-190474\" data-id=\"190474\" data-aspect-ratio=\"1000 \/ 556\" src=\"https:\/\/i0.wp.com\/cdnoticias.com\/wp-content\/uploads\/2025\/12\/olavarria-en-verano-00.jpg?resize=800%2C445&#038;ssl=1\" srcset=\"https:\/\/i0.wp.com\/cdnoticias.com\/wp-content\/uploads\/2025\/12\/olavarria-en-verano-00.jpg?w=1000&amp;ssl=1 1000w, https:\/\/i0.wp.com\/cdnoticias.com\/wp-content\/uploads\/2025\/12\/olavarria-en-verano-00.jpg?resize=300%2C167&amp;ssl=1 300w, https:\/\/i0.wp.com\/cdnoticias.com\/wp-content\/uploads\/2025\/12\/olavarria-en-verano-00.jpg?resize=768%2C427&amp;ssl=1 768w, https:\/\/i0.wp.com\/cdnoticias.com\/wp-content\/uploads\/2025\/12\/olavarria-en-verano-00.jpg?resize=800%2C445&amp;ssl=1 800w\" sizes=\"(max-width: 800px) 100vw, 800px\" \/><\/figure><\/li><\/ul><a class=\"wp-block-jetpack-slideshow_button-prev swiper-button-prev swiper-button-white\" role=\"button\"><\/a><a class=\"wp-block-jetpack-slideshow_button-next swiper-button-next swiper-button-white\" role=\"button\"><\/a><a aria-label=\"Pause Slideshow\" class=\"wp-block-jetpack-slideshow_button-pause\" role=\"button\"><\/a><div class=\"wp-block-jetpack-slideshow_pagination swiper-pagination swiper-pagination-white\"><\/div><\/div><\/div>\n\n\n\n<blockquote class=\"wp-block-quote is-layout-flow wp-block-quote-is-layout-flow\">\n<p>El arribo de concurrentes fue permanente durante toda la propuesta, incluso gran parte del p\u00fablico lleg\u00f3 de manera previa al inicio, para garantizarse un buen lugar para disfrutar del show. Muchos se ubicaron sobre la escalinata, pero otros tantos llegaron con sus reposeras, equipos de mate y se ubicaron sobre cada espacio verde disponible.<\/p>\n<\/blockquote>\n\n\n\n<p><\/p>\n\n\n\n<p>El programa se inici\u00f3 con la <strong>Orquesta Escuela Municipal y la Banda Escuela Municipal \u201cHugo Bazzano\u201d<\/strong>. Su actuaci\u00f3n se dio frente a la Casa del Bicentenario, cosechando los primeros aplausos e incluso ovaciones por parte de familiares o allegados a los m\u00fasicos que no quisieron perderse la ocasi\u00f3n.<\/p>\n\n\n\n<p><\/p>\n\n\n\n<p>Luego, minutos despu\u00e9s de las 20, lleg\u00f3 uno de los momentos m\u00e1s esperados con la presentaci\u00f3n de la <strong>Orquesta Sinf\u00f3nica Municipal \u201cMtro. Mario Patan\u00e9\u201d<\/strong>, dirigida por el<strong> mtro. Diego Lurbe<\/strong>, y acompa\u00f1ada por<strong> Valentina Fern\u00e1ndez y Agust\u00edn Begue<\/strong> en voz, el<strong> Ballet Folkl\u00f3rico Municipal y el Coro Estable de Tandil<\/strong>.<\/p>\n\n\n\n<p><\/p>\n\n\n\n<p><strong>Interpretaron \u201cLa Pampa verde\u201d <\/strong>con poes\u00eda de Hamlet Lima Quintana y m\u00fasica de Oscar Alem, una obra que contiene arreglos corales de Eduardo \u201cChino\u201d Correa, arreglos instrumentales de los m\u00fasicos Oscar Alem, Diego Lurbe y Daniel Rodr\u00edguez.<\/p>\n\n\n\n<figure class=\"wp-block-image size-full\"><img data-recalc-dims=\"1\" loading=\"lazy\" decoding=\"async\" width=\"800\" height=\"445\" src=\"https:\/\/i0.wp.com\/cdnoticias.com\/wp-content\/uploads\/2025\/12\/olavarria-en-verano-03.jpg?resize=800%2C445&#038;ssl=1\" alt=\"\" class=\"wp-image-190477\" srcset=\"https:\/\/i0.wp.com\/cdnoticias.com\/wp-content\/uploads\/2025\/12\/olavarria-en-verano-03.jpg?w=1000&amp;ssl=1 1000w, https:\/\/i0.wp.com\/cdnoticias.com\/wp-content\/uploads\/2025\/12\/olavarria-en-verano-03.jpg?resize=300%2C167&amp;ssl=1 300w, https:\/\/i0.wp.com\/cdnoticias.com\/wp-content\/uploads\/2025\/12\/olavarria-en-verano-03.jpg?resize=768%2C427&amp;ssl=1 768w, https:\/\/i0.wp.com\/cdnoticias.com\/wp-content\/uploads\/2025\/12\/olavarria-en-verano-03.jpg?resize=800%2C445&amp;ssl=1 800w\" sizes=\"auto, (max-width: 800px) 100vw, 800px\" \/><\/figure>\n\n\n\n<p>Se trat\u00f3 de <strong>un show a beneficio de la Parroquia \u201cSan Vicente\u201d<\/strong>. Los presentes pudieron colaborar con aporte de fondos tanto a trav\u00e9s de billeteras virtuales como en distintas urnas que fueron dispuestas en el lugar.<\/p>\n\n\n\n<p><\/p>\n\n\n\n<p>\u201cOlavarr\u00eda en Verano\u201d es el calendario de propuestas culturales, art\u00edsticas, recreativas y deportivas que <strong>se prolongar\u00e1 durante todo el receso estival<\/strong>, con el objetivo de brindar a toda la comunidad actividades para todos los gustos y edades, para seguir disfrutando de nuestra ciudad y las localidades durante todo el a\u00f1o. Las actividades podr\u00e1n ser consultadas a trav\u00e9s del <a href=\"https:\/\/www.olavarria.gov.ar\/\" target=\"_blank\" rel=\"noreferrer noopener\">sitio web<\/a> y en las redes sociales del Municipio, tanto Olavarr\u00eda Municipio como Olavarr\u00eda VA en Facebook e Instagram.<\/p>\n","protected":false},"excerpt":{"rendered":"<p>En las escalinatas de la Casa del Bicentenario se presentaron la Orquesta Sinf\u00f3nica Municipal, el Ballet Folkl\u00f3rico, la Orquesta Escuela,<\/p>\n","protected":false},"author":4,"featured_media":190476,"comment_status":"closed","ping_status":"closed","sticky":false,"template":"","format":"standard","meta":{"_jetpack_memberships_contains_paid_content":false,"footnotes":""},"categories":[9,1],"tags":[],"class_list":["post-190473","post","type-post","status-publish","format-standard","has-post-thumbnail","hentry","category-cultura","category-portada"],"jetpack_featured_media_url":"https:\/\/i0.wp.com\/cdnoticias.com\/wp-content\/uploads\/2025\/12\/olavarria-en-verano-02.jpg?fit=1000%2C556&ssl=1","jetpack_sharing_enabled":true,"_links":{"self":[{"href":"https:\/\/cdnoticias.com\/index.php\/wp-json\/wp\/v2\/posts\/190473","targetHints":{"allow":["GET"]}}],"collection":[{"href":"https:\/\/cdnoticias.com\/index.php\/wp-json\/wp\/v2\/posts"}],"about":[{"href":"https:\/\/cdnoticias.com\/index.php\/wp-json\/wp\/v2\/types\/post"}],"author":[{"embeddable":true,"href":"https:\/\/cdnoticias.com\/index.php\/wp-json\/wp\/v2\/users\/4"}],"replies":[{"embeddable":true,"href":"https:\/\/cdnoticias.com\/index.php\/wp-json\/wp\/v2\/comments?post=190473"}],"version-history":[{"count":0,"href":"https:\/\/cdnoticias.com\/index.php\/wp-json\/wp\/v2\/posts\/190473\/revisions"}],"wp:featuredmedia":[{"embeddable":true,"href":"https:\/\/cdnoticias.com\/index.php\/wp-json\/wp\/v2\/media\/190476"}],"wp:attachment":[{"href":"https:\/\/cdnoticias.com\/index.php\/wp-json\/wp\/v2\/media?parent=190473"}],"wp:term":[{"taxonomy":"category","embeddable":true,"href":"https:\/\/cdnoticias.com\/index.php\/wp-json\/wp\/v2\/categories?post=190473"},{"taxonomy":"post_tag","embeddable":true,"href":"https:\/\/cdnoticias.com\/index.php\/wp-json\/wp\/v2\/tags?post=190473"}],"curies":[{"name":"wp","href":"https:\/\/api.w.org\/{rel}","templated":true}]}}