{"id":190464,"date":"2025-12-14T20:42:33","date_gmt":"2025-12-14T23:42:33","guid":{"rendered":"https:\/\/cdnoticias.com\/?p=190464"},"modified":"2025-12-14T20:42:34","modified_gmt":"2025-12-14T23:42:34","slug":"un-movimiento-incesante","status":"publish","type":"post","link":"https:\/\/cdnoticias.com\/index.php\/2025\/12\/14\/un-movimiento-incesante\/","title":{"rendered":"Un movimiento incesante"},"content":{"rendered":"<p>Un cambio en el Legislativo que hace sospechar: \u00bfel Ejecutivo intentar\u00e1 impulsar un aumento de tasas? La advertencia desde el bloque UCR. Renovaci\u00f3n en la conducci\u00f3n libertaria: sin cambios en Olavarr\u00eda, Celeste Arouxet qued\u00f3 ratificada.<!--more--><\/p>\n<hr \/>\n<p>\u00a0<\/p>\n\n\n<p><em>Volver a las Fuentes, por Alexis Grierson y Josefina Bargas<\/em><\/p>\n\n\n\n<p><\/p>\n\n\n\n<h2 class=\"wp-block-heading\"><strong>Mayores contribuyentes, un cambio clave<\/strong><\/h2>\n\n\n\n<p><\/p>\n\n\n\n<p>El jueves sesion\u00f3 el Concejo Deliberante. Iba a ser una sesi\u00f3n para nada importante. Inicialmente, se iba a tratar la preparatoria del Programa de Lucha contra la Tucura. Pero la verdad que&nbsp;<strong>hubo dos sorpresas<\/strong>.<\/p>\n\n\n\n<p><\/p>\n\n\n\n<p>El mi\u00e9rcoles llegaron los concejales a la comisi\u00f3n de Labor Parlamentaria y donde deber\u00eda haber un solo proyecto para tratar hab\u00eda tres:&nbsp;<strong>el intendente Maximiliano Wesner mand\u00f3 dos temas m\u00e1s<\/strong>. Su&nbsp;<strong>licencia<\/strong>&nbsp;para el mes de enero y la&nbsp;<strong>modificaci\u00f3n del listado de mayores contribuyentes<\/strong>.<\/p>\n\n\n\n<p><\/p>\n\n\n\n<p>\u00bfQu\u00e9? \u00bfEn diciembre? S\u00ed, insospechado.&nbsp;<strong>La Ley Org\u00e1nica establece que el listado debe conformarse \u201cdel 1\u00ba al 15 de mayo\u201d<\/strong>&nbsp;de cada a\u00f1o con los titulares y los suplentes. Y no dice mucho m\u00e1s, solamente se prev\u00e9n cambios en el listado relacionados con alg\u00fan hecho muy excepcional. De esa manera, hasta el 1\u00ba de mayo de 2026&nbsp;<strong>la conformaci\u00f3n de los mayores contribuyentes respond\u00eda a la distribuci\u00f3n de fuerzas anterior a la renovaci\u00f3n del 10 diciembre<\/strong>. En concreto: Fuerza Patria no iba a tener mayor\u00eda.<\/p>\n\n\n\n<p><\/p>\n\n\n\n<p>El oficialismo aprovech\u00f3 \u201cel vac\u00edo\u201d y sali\u00f3 con&nbsp;<strong>una jugada novedosa en la historia legislativa de Olavarr\u00eda: modific\u00f3 el listado.<\/strong>&nbsp;No es que ingresaron nuevos mayores contribuyentes, ya que eso no est\u00e1 permitido hasta mayo del a\u00f1o que viene. Lo que se hizo fue&nbsp;<strong>reorganizar el listado que ya est\u00e1 cambiando los titulares y los suplentes de cada bloque&nbsp;<\/strong>de manera tal que se correspondan los titulares con la cantidad de concejales.<\/p>\n\n\n\n<p><\/p>\n\n\n\n<p>Los movimientos son forzados. Por ejemplo,&nbsp;<strong>Fuerza Patria y La Libertad Avanza que sumaron concejales, sumaron mayores contribuyentes<\/strong>&nbsp;de tal forma que a los titulares que ya ten\u00edan sumaron algunos de los suplentes.&nbsp;<strong>El gallismo y la UCR que perdieron concejales, entonces, disminuyeron sus titulares<\/strong>&nbsp;y algunos de los que dejaron de ser titulares&nbsp;<strong>pasaron a ser suplentes de las otras fuerzas<\/strong>. Inaudito.<\/p>\n\n\n\n<p><\/p>\n\n\n\n<p>Pero la consecuencia es muy concreta:&nbsp;<strong>Fuerza Patria logra tener mayor\u00eda propia con el doble voto del presidente.<\/strong>&nbsp;\u00bfPara qu\u00e9 lo necesita? \u00bfY para qu\u00e9 lo necesita ahora y no puede esperar a mayo? La respuesta surge muy r\u00e1pido: para&nbsp;<strong>aplicar eventuales modificaciones impositivas<\/strong>, algo que no fue presentado hasta ahora, pero que podr\u00eda pasar tranquilamente.<\/p>\n\n\n\n<p><\/p>\n\n\n\n<p><strong>\u201cEvidentemente hay un claro apuro para tratar algo que desconocemos, relacionado con alg\u00fan aumento de tasas o algo por el estilo<\/strong>, que para eso est\u00e1n los mayores contribuyentes. Seguramente esto lo vamos a conocer en los pr\u00f3ximos d\u00edas y dudo mucho que sea en favor de los vecinos\u201d expres\u00f3 el&nbsp;<strong>concejal radical Francisco Gonz\u00e1lez<\/strong>.<\/p>\n\n\n\n<p><\/p>\n\n\n\n<p>En la sesi\u00f3n del jueves,&nbsp;<strong>desde la UCR se propuso el pase a comisi\u00f3n<\/strong>&nbsp;de ese proyecto, pero no fue avalado. Con los votos de Fuerza Patria y La Libertad Avanza qued\u00f3 todo aprobado.<\/p>\n\n\n\n<p><\/p>\n\n\n\n<p>Justamente,&nbsp;<strong>Pancho Gonz\u00e1lez llam\u00f3 la atenci\u00f3n sobre el acompa\u00f1amiento de la bancada libertaria.<\/strong>&nbsp;Es que tuvo en cuenta que tambi\u00e9n aumenta su n\u00famero de mayores contribuyentes titulares, aunque \u2014seg\u00fan indic\u00f3\u2014 algunos de ellos tendr\u00edan internas abiertas dentro del espacio.&nbsp;<strong>\u201cPor lo que nos dec\u00edan algunos de esos mayores contribuyentes ya no responden por algunos movimientos internos que tienen ellos<\/strong>, la verdad desconozco, pero era lo que dec\u00eda\u201d en la sesi\u00f3n, cont\u00f3.<\/p>\n\n\n\n<p><\/p>\n\n\n\n<h2 class=\"wp-block-heading\"><strong>Hay se\u00f1ales<\/strong><\/h2>\n\n\n\n<p><\/p>\n\n\n\n<p>En Volver a las Fuentes hace varias ediciones que venimos planteando que&nbsp;<strong>es posible que el Ejecutivo impulse cambios impositivos para 2026<\/strong>. Vemos intenciones de&nbsp;<strong>hacer un replanteo conceptual<\/strong>&nbsp;y, adem\u00e1s, desde el Ejecutivo se ha expuesto -en off- que han observado tasas y cobros desactualizados y fuera de uso que requerir\u00edan modificar las ordenanzas para darlas de baja.<\/p>\n\n\n\n<p><\/p>\n\n\n\n<p>A eso sumamos otros elementos para que&nbsp;<strong>esos cambios incluyan tambi\u00e9n aumentos<\/strong>. La&nbsp;<strong>situaci\u00f3n financiera complicada hoy, con n\u00fameros en rojo<\/strong>, con reiteradas advertencias por la&nbsp;<strong>ca\u00edda de ingresos propios y de coparticipaci\u00f3n provincial<\/strong>&nbsp;y, adem\u00e1s, a\u00fan con&nbsp;<strong>dudas por el Fondo para Municipios 2026<\/strong>&nbsp;que aval\u00f3 la Legislatura provincial ya que desde Naci\u00f3n expresaron su rechazo a habilitar el endeudamiento.<\/p>\n\n\n\n<p><\/p>\n\n\n\n<p>Y, sumemos una tercera se\u00f1al, m\u00e1s sutil:&nbsp;<strong>el corrimiento de la fecha de suba de tasas por decreto.<\/strong>&nbsp;No se aplic\u00f3 a partir de julio, como se hace habitualmente la segunda modificaci\u00f3n semestral calculada por inflaci\u00f3n, sino que pas\u00f3 a septiembre de este a\u00f1o. Lo que lleva hasta marzo de 2026 la pr\u00f3xima suba por decreto.&nbsp;<strong>Habr\u00eda (l\u00e9ase en condicional) una ventana en enero para dictar otro aumento, por ordenanza<\/strong>, sin aplicar \u201cdoble imposici\u00f3n\u201d.<\/p>\n\n\n\n<p><\/p>\n\n\n\n<p>Repetimos: son se\u00f1ales. No certezas. Pero&nbsp;<strong>se\u00f1ales que clarifican este apuro del Ejecutivo por lograr muy r\u00e1pidamente la mayor\u00eda propia<\/strong>&nbsp;con mayores contribuyentes sin necesidad de negociar contenido de ordenanzas con otras bancadas.<\/p>\n\n\n\n<p><\/p>\n\n\n\n<h2 class=\"wp-block-heading\"><strong>La agenda del HCD<\/strong><\/h2>\n\n\n\n<p><\/p>\n\n\n\n<p>La actividad del Legislativo indica que es muy probable que se aproximen&nbsp;<strong>horas muy agitadas<\/strong>: todo se dar\u00eda en el lapso de 8 d\u00edas comenzando desde&nbsp;<strong>el lunes<\/strong>, ya que&nbsp;<strong>la secretaria de Hacienda Mar\u00eda Eugenia Bezzoni asistir\u00e1 a la Comisi\u00f3n de Presupuesto -ampliada- para explicar detalles y evacuar dudas sobre el Presupuesto 2026,<\/strong>&nbsp;una ya tradici\u00f3n de estos tiempos.<\/p>\n\n\n\n<p><\/p>\n\n\n\n<p>Ese mismo d\u00eda, los concejales recibir\u00e1n a<strong>&nbsp;miembros de la Comisi\u00f3n de Lucha contra las Plagas<\/strong>&nbsp;que van a exponer sobre la ordenanza de recaudaci\u00f3n para fumigar contra la tucura.<\/p>\n\n\n\n<p><\/p>\n\n\n\n<p>De ah\u00ed,&nbsp;<strong>si no hay sorpresas, pasamos al 23 de diciembre<\/strong>, que ser\u00e1 uno de los d\u00edas m\u00e1s intensos del deliberativo: se tratar\u00e1 el&nbsp;<strong>Presupuesto 2026 y con mayores contribuyentes se votar\u00e1 la ordenanza para aprobar la tasa para la lucha contra la tucura<\/strong>. Ah\u00ed va a debutar la nueva distribuci\u00f3n de mayores contribuyentes.<\/p>\n\n\n\n<p><\/p>\n\n\n\n<p>Pero adem\u00e1s,<strong>&nbsp;la jefa de Gabinete brindar\u00e1 el informe de gesti\u00f3n.<\/strong>&nbsp;Va a ser largo, a modo de ejemplo, desde la UCR se inform\u00f3 que enviaron 60 preguntas.<\/p>\n\n\n\n<p><\/p>\n\n\n\n<p>Este informe cumple con la ordenanza que obliga a la presencia de la funcionaria, pero aclaremos que<strong>&nbsp;no cumple con el esp\u00edritu con el que fue creado&nbsp;<\/strong>que es informar al HCD&nbsp;<strong>antes de debatir el presupuesto del a\u00f1o entrante<\/strong>. Es decir, la ordenanza prev\u00e9 la asistencia del funcionario a cargo durante el periodo ordinario dos veces, una de ellas despu\u00e9s de la presentaci\u00f3n del proyecto presupuesto. Este a\u00f1o se dieron particularidades que postergaron la llegada del proyecto desde al HCD, pero es cierto que casi nunca se cumple con los plazos de los informes y los bloques suelen aprovechar la visita para que se respondan los pedidos de informe que no tuvieron respuesta formal durante el a\u00f1o. M\u00e1s all\u00e1 de estas observaciones, las intervenciones de la Jefa de Gabinete dejan numerosos datos importantes. Veremos si esta vez tambi\u00e9n es el caso.<\/p>\n\n\n\n<p><\/p>\n\n\n\n<h2 class=\"wp-block-heading\"><strong>La interna libertaria, edici\u00f3n juventud<\/strong><\/h2>\n\n\n\n<p><\/p>\n\n\n\n<p>Hay novedades importantes, pero para explicarlas iremos en orden cronol\u00f3gico. Como ven\u00edamos siguiendo la historia,<strong>&nbsp;parec\u00eda que la interna libertaria dejar\u00eda cambios grandes en Olavarr\u00eda<\/strong>, de coordinadores, de referentes, de muchas cosas. Pero para analizar lo que sucede en La Libertad Avanza,<strong>&nbsp;tenemos que tener otra vara.<\/strong>&nbsp;Ni m\u00e1s alta ni m\u00e1s baja, distinta. Totalmente distinta a la pol\u00edtica tradicional.<\/p>\n\n\n\n<p><\/p>\n\n\n\n<p>Arrancaba la semana y, tal como sucede en estos temas, una novedad romp\u00eda con la l\u00f3gica y la edici\u00f3n de este newsletter:&nbsp;<strong>Blas Chazarreta era designado como coordinador de la Juventud de La Libertad Avanza en Olavarr\u00eda<\/strong>, desplazando a Luca Spitale (de Las Fuerzas del Cielo) en ese lugar.&nbsp;<\/p>\n\n\n\n<p><\/p>\n\n\n\n<p>Los trascendidos daban cuenta que el corrimiento era una de las&nbsp;<strong>primeras aplicaciones de la doctrina que Karina Milei y Sebasti\u00e1n Pareja&nbsp;<\/strong>anunciaron en Mar del Plata:&nbsp;<strong>a cr\u00edticas que pasaban de lo interno a lo p\u00fablico, sanciones.<\/strong>&nbsp;Incluso, con la salida de las coordinaciones.&nbsp;<\/p>\n\n\n\n<p><\/p>\n\n\n\n<p>De todas maneras, el propio&nbsp;<strong>Spitale se\u00f1al\u00f3 que \u00e9l hab\u00eda salido de la coordinaci\u00f3n de la Juventud en septiembre<\/strong>, para las elecciones bonaerenses, mientras que celebr\u00f3&nbsp;<a href=\"https:\/\/lu32.com.ar\/locales\/-voy-a-trabajar-junto-a-blas-y-sigo-trabajando-para-la-juventud-de-la-lla-_a693c32521d1c6929ea73b3e5%C2%A0\" rel=\"noreferrer noopener\" target=\"_blank\">en un di\u00e1logo con Radio Olavarr\u00eda<\/a>&nbsp;que se haya cubierto con Chazarreta la coordinaci\u00f3n de la Juventud local, al mismo tiempo que \u00e9l se identific\u00f3 como referente de la Juventud de Las Fuerzas del Cielo en la Secci\u00f3n.<\/p>\n\n\n\n<p><\/p>\n\n\n\n<p><strong>Admiti\u00f3 que no cay\u00f3 bien enterarse de la novedad por los medios<\/strong>&nbsp;pero a\u00fan as\u00ed, se mostr\u00f3 predispuesto a trabajar con Chazarreta en las coordinaciones de la Juventud.<\/p>\n\n\n\n<p><\/p>\n\n\n\n<p>Es que en una foto fuerte -y en un gesto tambi\u00e9n-<strong>&nbsp;el flamante coordinador se mostr\u00f3 con Spitale, Celeste Arouxet y Guillermo Lascano<\/strong>, referentes de LLA en Olavarr\u00eda. \u201cDurante la reuni\u00f3n,&nbsp;<strong>se diagramaron las bases de trabajo conjuntas y se acordaron las formas de di\u00e1logo y unidad,<\/strong>&nbsp;reafirmando el compromiso con las ideas del Presidente Javier Milei\u201d se detall\u00f3.<\/p>\n\n\n\n<p><\/p>\n\n\n\n<p>Asimismo, se destac\u00f3 que&nbsp;<strong>\u201cla reuni\u00f3n cont\u00f3 con la presencia de referentes de La Libertad Avanza Olavarr\u00eda y se centr\u00f3 en fortalecer la unidad y el trabajo en conjunto para seguir adelante con los objetivos del espacio\u201d.<\/strong><\/p>\n\n\n\n<p><\/p>\n\n\n\n<p>Si bien la foto caus\u00f3 mucha sorpresa por las tensiones internas propias del espacio,&nbsp;<strong>Chazarreta logr\u00f3 sacarse fotos con todas las tribus libertarias<\/strong>, desde Daiana Musa de La P\u00farpura pasando por el di\u00e1logo -y tambi\u00e9n la imagen- con los integrantes del bloque Por M\u00e1s Libertad, entre otros.&nbsp;<\/p>\n\n\n\n<p><\/p>\n\n\n\n<h2 class=\"wp-block-heading\"><strong>Ratificaron la coordinaci\u00f3n<\/strong><\/h2>\n\n\n\n<p><\/p>\n\n\n\n<p>Para sorpresa de muchos -no de todos, pero s\u00ed de muchos-&nbsp;<strong>el viernes hubo reuni\u00f3n de coordinadores de distritos<\/strong>&nbsp;de LLA a cargo de&nbsp;<strong>Pablo Disalvo<\/strong>&nbsp;y se conoci\u00f3, seg\u00fan varias fuentes consultadas por este newsletter, que<strong>&nbsp;Celeste Arouxet fue ratificada como coordinadora local del espacio<\/strong>.&nbsp;<\/p>\n\n\n\n<p><\/p>\n\n\n\n<p>Adem\u00e1s, tambi\u00e9n fueron ratificados en los organismos nacionales, lo que convalida per s\u00e9 la movida d<strong>e Lascano de regreso al HCD manteniendo su cargo en PAMI.&nbsp;<\/strong><\/p>\n\n\n\n<p><\/p>\n\n\n\n<p>En los \u00faltimos d\u00edas<strong>, Arouxet comenz\u00f3 a ganar visibilidad<\/strong>&nbsp;-estuvo en la asunci\u00f3n de consejeros escolares, entre otros actos- y mostrarse con varios grupos distintos dentro del \u00e1mbito libertario, en reuniones en las que se vieron a Lascano y Spitale tambi\u00e9n, entre los m\u00e1s destacados.<\/p>\n\n\n\n<p><\/p>\n\n\n\n<p>La noticia gener\u00f3 un fuerte cimbronazo puertas para adentro del espacio: las novedades que llegaban de semanas atr\u00e1s hac\u00edan sospechar otro desenlace que no se produjo y las diferencias de otros espacios con Arouxet quedaron explicitadas en el fastidio tras conocer que fue ratificada en el cargo partidario.<\/p>\n\n\n\n<p><\/p>\n\n\n\n<p>De todas maneras,&nbsp;<strong>la palabra fue \u201csorpresa\u201d: nadie vio venir la decisi\u00f3n<\/strong>&nbsp;que comunic\u00f3 el coordinador seccional Disalvo, e incluso se esperaba otro movimiento. \u00bf<strong>Gamondi hab\u00eda quedado a un paso de PAMI&nbsp;<\/strong>y finalmente se qued\u00f3 sin lugar incluso en el Concejo Deliberante? Lascano anticip\u00f3 que volver\u00eda a la funci\u00f3n plena de PAMI en marzo, pero\u2026<\/p>\n\n\n\n<p><\/p>\n\n\n\n<p>Lo concreto es que la pr\u00f3xima semana ser\u00e1 clave para ver el&nbsp;<strong>peso de la decisi\u00f3n en torno a manifestaciones y el trabajo&nbsp;<\/strong>que tendr\u00e1 el espacio de cara al futuro. Disalvo en la secci\u00f3n y Arouxet en Olavarr\u00eda ser\u00e1 algo que escucharemos bastante.<strong>&nbsp;Dos juventudes, Lascano en el HCD y un armado, en paralelo,<\/strong>&nbsp;que se mantiene pero con mucha incertidumbre tras las \u00faltimas decisiones.&nbsp;<\/p>\n\n\n\n<p><\/p>\n\n\n\n<p>Ahora,&nbsp;<em>\u00bfcu\u00e1l es la diferencia insalvable salvando las cuestiones de forma que ya han sido denunciadas por los espacios tiempo atr\u00e1s?&nbsp;<\/em>En l\u00edneas generales, hemos escuchado -y visto- que LLA<strong>&nbsp;trabaja de forma incondicional por la figura de Javier Milei Presidente<\/strong>, mientras que el otro sector tambi\u00e9n se referencia en Sebasti\u00e1n Pareja.&nbsp;<\/p>\n\n\n\n<p><\/p>\n\n\n\n<p>Ese detalle de militar solo por Milei es uno de los principales valores de los actuales referentes libertarios: de hecho,&nbsp;<strong>el joven Spitale explic\u00f3 que desde Las Fuerzas del Cielo no se milita a Agust\u00edn Romo, ni a Nahuel Sotelo, ni Gordo Dan<\/strong>: se milita a Javier Milei. Eso no quita, claro, que el sector que se referencia en Pareja no milite a Milei, pero conf\u00eda m\u00e1s en los armados estructurales que s\u00f3lo acompa\u00f1ar al Presidente en su gesti\u00f3n. En ese armado aparece Pareja. Y en ese detalle, el fondo de una feroz interna.&nbsp;<\/p>\n\n\n\n<p><\/p>\n\n\n\n<h2 class=\"wp-block-heading\"><strong>El newsletter<\/strong><\/h2>\n\n\n\n<p>Esta publicaci\u00f3n es parte de la edici\u00f3n de este domingo del newsletter&nbsp;Volver&nbsp;a las&nbsp;Fuentes&nbsp;que escriben Alexis Grierson y Josefina Bargas&nbsp;al que se puede&nbsp;<strong><a href=\"https:\/\/mailchi.mp\/904bd33e72d2\/un-movimiento-incesante\" rel=\"noreferrer noopener\" target=\"_blank\">acceder aqu\u00ed<\/a><\/strong>. Tiene un sistema de suscripci\u00f3n econ\u00f3mica y aportes \u00fanicos al que se puede&nbsp;<strong><a href=\"https:\/\/linktr.ee\/volveralasfuentes\" rel=\"noreferrer noopener\" target=\"_blank\">acceder aqu\u00ed<\/a><\/strong>.<\/p>\n\n\n\n<p><\/p>\n","protected":false},"excerpt":{"rendered":"<p>Un cambio en el Legislativo que hace sospechar: \u00bfel Ejecutivo intentar\u00e1 impulsar un aumento de tasas? La advertencia desde el<\/p>\n","protected":false},"author":4,"featured_media":190169,"comment_status":"closed","ping_status":"closed","sticky":false,"template":"","format":"standard","meta":{"_jetpack_memberships_contains_paid_content":false,"footnotes":""},"categories":[4,1],"tags":[],"class_list":["post-190464","post","type-post","status-publish","format-standard","has-post-thumbnail","hentry","category-politica","category-portada"],"jetpack_featured_media_url":"https:\/\/i0.wp.com\/cdnoticias.com\/wp-content\/uploads\/2025\/12\/hcd-sesion-extraordinaria-00.jpg?fit=1000%2C562&ssl=1","jetpack_sharing_enabled":true,"_links":{"self":[{"href":"https:\/\/cdnoticias.com\/index.php\/wp-json\/wp\/v2\/posts\/190464","targetHints":{"allow":["GET"]}}],"collection":[{"href":"https:\/\/cdnoticias.com\/index.php\/wp-json\/wp\/v2\/posts"}],"about":[{"href":"https:\/\/cdnoticias.com\/index.php\/wp-json\/wp\/v2\/types\/post"}],"author":[{"embeddable":true,"href":"https:\/\/cdnoticias.com\/index.php\/wp-json\/wp\/v2\/users\/4"}],"replies":[{"embeddable":true,"href":"https:\/\/cdnoticias.com\/index.php\/wp-json\/wp\/v2\/comments?post=190464"}],"version-history":[{"count":0,"href":"https:\/\/cdnoticias.com\/index.php\/wp-json\/wp\/v2\/posts\/190464\/revisions"}],"wp:featuredmedia":[{"embeddable":true,"href":"https:\/\/cdnoticias.com\/index.php\/wp-json\/wp\/v2\/media\/190169"}],"wp:attachment":[{"href":"https:\/\/cdnoticias.com\/index.php\/wp-json\/wp\/v2\/media?parent=190464"}],"wp:term":[{"taxonomy":"category","embeddable":true,"href":"https:\/\/cdnoticias.com\/index.php\/wp-json\/wp\/v2\/categories?post=190464"},{"taxonomy":"post_tag","embeddable":true,"href":"https:\/\/cdnoticias.com\/index.php\/wp-json\/wp\/v2\/tags?post=190464"}],"curies":[{"name":"wp","href":"https:\/\/api.w.org\/{rel}","templated":true}]}}