{"id":190446,"date":"2025-12-14T19:54:46","date_gmt":"2025-12-14T22:54:46","guid":{"rendered":"https:\/\/cdnoticias.com\/?p=190446"},"modified":"2025-12-15T08:30:33","modified_gmt":"2025-12-15T11:30:33","slug":"una-mujer-le-disparo-a-su-pareja-quedo-herido-de-consideracion","status":"publish","type":"post","link":"https:\/\/cdnoticias.com\/index.php\/2025\/12\/14\/una-mujer-le-disparo-a-su-pareja-quedo-herido-de-consideracion\/","title":{"rendered":"Una mujer le dispar\u00f3 a su pareja: qued\u00f3 herido de consideraci\u00f3n"},"content":{"rendered":"<p>Los hechos se dieron el s\u00e1bado en una vivienda de Pourtal\u00e9 al 3900. Se iniciaron actuaciones por \u201clesiones\u201d. El hombre recibi\u00f3 atenci\u00f3n m\u00e9dica.<!--more--><\/p>\n<hr \/>\n<p>Un <strong>hombre<\/strong> result\u00f3 con<strong> lesiones graves<\/strong> a ra\u00edz de<strong> un disparo que le habr\u00eda ocasionado su pareja<\/strong>.<\/p>\n<p>Seg\u00fan se pudo saber, el hecho se dio en <strong>Pourtal\u00e9 al 3900<\/strong> durante este s\u00e1bado. <strong>La v\u00edctima, de 53 a\u00f1os<\/strong>, pudo brindar su versi\u00f3n de los hechos y recibi\u00f3 atenci\u00f3n m\u00e9dica.<\/p>\n<p>Un llamado al <strong>911<\/strong> alert\u00f3 a los<strong> efectivos policiales del CPO<\/strong> que hab\u00eda un hombre herido en una vivienda. Se estableci\u00f3 que presentaba<strong> una lesi\u00f3n en la ingle y que requer\u00eda urgente atenci\u00f3n m\u00e9dica<\/strong> dada la gravedad. Fue derivado al <strong>Hospital Municipal<\/strong>.<\/p>\n<blockquote><p>Por el ataque fue acusada su pareja, una mujer de 78 a\u00f1os. Habr\u00eda disparado de forma accidental con una carabina contra el hombre en un contexto de confrontaci\u00f3n.<\/p><\/blockquote>\n<p><strong>La mujer fue imputada por \u201clesiones\u201d<\/strong>. Se dio intervenci\u00f3n a la Comisar\u00eda de la Mujer y la Familia y a la UFI N\u00ba 5 especializada en hechos de violencia familiar y de g\u00e9nero.<\/p>\n","protected":false},"excerpt":{"rendered":"<p>Los hechos se dieron el s\u00e1bado en una vivienda de Pourtal\u00e9 al 3900. Se iniciaron actuaciones por \u201clesiones\u201d. El hombre<\/p>\n","protected":false},"author":4,"featured_media":190448,"comment_status":"closed","ping_status":"closed","sticky":false,"template":"","format":"standard","meta":{"_jetpack_memberships_contains_paid_content":false,"footnotes":""},"categories":[14,1],"tags":[],"class_list":["post-190446","post","type-post","status-publish","format-standard","has-post-thumbnail","hentry","category-policiales","category-portada"],"jetpack_featured_media_url":"https:\/\/i0.wp.com\/cdnoticias.com\/wp-content\/uploads\/2025\/12\/Pourtale-3900-lesiones-A.jpg?fit=800%2C446&ssl=1","jetpack_sharing_enabled":true,"_links":{"self":[{"href":"https:\/\/cdnoticias.com\/index.php\/wp-json\/wp\/v2\/posts\/190446","targetHints":{"allow":["GET"]}}],"collection":[{"href":"https:\/\/cdnoticias.com\/index.php\/wp-json\/wp\/v2\/posts"}],"about":[{"href":"https:\/\/cdnoticias.com\/index.php\/wp-json\/wp\/v2\/types\/post"}],"author":[{"embeddable":true,"href":"https:\/\/cdnoticias.com\/index.php\/wp-json\/wp\/v2\/users\/4"}],"replies":[{"embeddable":true,"href":"https:\/\/cdnoticias.com\/index.php\/wp-json\/wp\/v2\/comments?post=190446"}],"version-history":[{"count":0,"href":"https:\/\/cdnoticias.com\/index.php\/wp-json\/wp\/v2\/posts\/190446\/revisions"}],"wp:featuredmedia":[{"embeddable":true,"href":"https:\/\/cdnoticias.com\/index.php\/wp-json\/wp\/v2\/media\/190448"}],"wp:attachment":[{"href":"https:\/\/cdnoticias.com\/index.php\/wp-json\/wp\/v2\/media?parent=190446"}],"wp:term":[{"taxonomy":"category","embeddable":true,"href":"https:\/\/cdnoticias.com\/index.php\/wp-json\/wp\/v2\/categories?post=190446"},{"taxonomy":"post_tag","embeddable":true,"href":"https:\/\/cdnoticias.com\/index.php\/wp-json\/wp\/v2\/tags?post=190446"}],"curies":[{"name":"wp","href":"https:\/\/api.w.org\/{rel}","templated":true}]}}