{"id":190442,"date":"2025-12-14T18:50:42","date_gmt":"2025-12-14T21:50:42","guid":{"rendered":"https:\/\/cdnoticias.com\/?p=190442"},"modified":"2025-12-14T18:50:43","modified_gmt":"2025-12-14T21:50:43","slug":"julio-hector-ferreira-pelusa-q-e-p-d","status":"publish","type":"post","link":"https:\/\/cdnoticias.com\/index.php\/2025\/12\/14\/julio-hector-ferreira-pelusa-q-e-p-d\/","title":{"rendered":"Julio H\u00e9ctor Ferreira &#8220;Pelusa&#8221; (Q.E.P.D.)"},"content":{"rendered":"<p>Falleci\u00f3 en Olavarr\u00eda el d\u00eda 14 de diciembre de 2025 a los 71 a\u00f1os de edad.<\/p>\n<p>Sus hijos: Matias, Yanina y Romina; la mam\u00e1 de sus hijos: Teresa Orona; hijos pol\u00edticos: Pablo, Magali y Juan; sus nietos: Pierina, Juana, Salvador, Bautista, Pedro y Noa; hermanos, sobrinos y dem\u00e1s familiares participan su fallecimiento.<\/p>\n<p>Velatorio: Espa\u00f1a 2942, Departamento &#8220;D &#8220;. La sala se habilita de 16 horas del domingo 14 a 10 horas del 15 de diciembre. Responso: Capilla Ardiente. Cremaci\u00f3n: Crematorio Pinos de Paz, lunes 15 a las 17. Servicio adherido a Coopelectric.<\/p>\n<p>Barrio en el que viv\u00eda: San Vicente.<br \/>\nLugar de nacimiento: Olavarr\u00eda<br \/>\nActividad que desarrollaba: Jubilado Panadero. (Panader\u00eda del Sur)<\/p>\n","protected":false},"excerpt":{"rendered":"<p>Falleci\u00f3 en Olavarr\u00eda el d\u00eda 14 de diciembre de 2025 a los 71 a\u00f1os de edad. Sus hijos: Matias, Yanina<\/p>\n","protected":false},"author":4,"featured_media":51544,"comment_status":"closed","ping_status":"closed","sticky":false,"template":"","format":"standard","meta":{"_jetpack_memberships_contains_paid_content":false,"footnotes":""},"categories":[10],"tags":[],"class_list":["post-190442","post","type-post","status-publish","format-standard","has-post-thumbnail","hentry","category-necrologicas"],"jetpack_featured_media_url":"https:\/\/i0.wp.com\/cdnoticias.com\/wp-content\/uploads\/2022\/04\/necrologicas-390-x-240.jpg?fit=390%2C240&ssl=1","jetpack_sharing_enabled":true,"_links":{"self":[{"href":"https:\/\/cdnoticias.com\/index.php\/wp-json\/wp\/v2\/posts\/190442","targetHints":{"allow":["GET"]}}],"collection":[{"href":"https:\/\/cdnoticias.com\/index.php\/wp-json\/wp\/v2\/posts"}],"about":[{"href":"https:\/\/cdnoticias.com\/index.php\/wp-json\/wp\/v2\/types\/post"}],"author":[{"embeddable":true,"href":"https:\/\/cdnoticias.com\/index.php\/wp-json\/wp\/v2\/users\/4"}],"replies":[{"embeddable":true,"href":"https:\/\/cdnoticias.com\/index.php\/wp-json\/wp\/v2\/comments?post=190442"}],"version-history":[{"count":0,"href":"https:\/\/cdnoticias.com\/index.php\/wp-json\/wp\/v2\/posts\/190442\/revisions"}],"wp:featuredmedia":[{"embeddable":true,"href":"https:\/\/cdnoticias.com\/index.php\/wp-json\/wp\/v2\/media\/51544"}],"wp:attachment":[{"href":"https:\/\/cdnoticias.com\/index.php\/wp-json\/wp\/v2\/media?parent=190442"}],"wp:term":[{"taxonomy":"category","embeddable":true,"href":"https:\/\/cdnoticias.com\/index.php\/wp-json\/wp\/v2\/categories?post=190442"},{"taxonomy":"post_tag","embeddable":true,"href":"https:\/\/cdnoticias.com\/index.php\/wp-json\/wp\/v2\/tags?post=190442"}],"curies":[{"name":"wp","href":"https:\/\/api.w.org\/{rel}","templated":true}]}}