{"id":190427,"date":"2025-12-14T20:04:24","date_gmt":"2025-12-14T23:04:24","guid":{"rendered":"https:\/\/cdnoticias.com\/?p=190427"},"modified":"2025-12-15T10:13:06","modified_gmt":"2025-12-15T13:13:06","slug":"el-mito-de-las-cargas-sociales-en-el-sector-privado-vs-cooperativas-de-trabajo","status":"publish","type":"post","link":"https:\/\/cdnoticias.com\/index.php\/2025\/12\/14\/el-mito-de-las-cargas-sociales-en-el-sector-privado-vs-cooperativas-de-trabajo\/","title":{"rendered":"El mito de \u201clas cargas sociales\u201d en el sector privado vs Cooperativas de trabajo"},"content":{"rendered":"\n<p><em>Por Emiliano Llorente, militante del MTE<\/em><\/p>\n\n\n\n<hr class=\"wp-block-separator aligncenter has-alpha-channel-opacity\"\/>\n\n\n\n<p>Muchas veces desde la fundaci\u00f3n de la primera cooperativa del Movimiento de trabajadores excluidos (MTE) en Olavarr\u00eda, la cooperativa de trabajo Viento en contra lta. (Conformada por cartoneros y cartoneras) <strong>tuvimos esta discusi\u00f3n con sectores empresariales o algunos funcionarios<\/strong>.<\/p>\n\n\n\n<p><\/p>\n\n\n\n<p>El planteo de la <strong>supuesta \u201cventaja\u201d en la competitividad de las cooperativas<\/strong> sobre el sector privado. Esto es un mito que est\u00e1 instalado desde hace muchos a\u00f1os en el pa\u00eds, y donde en cualquier charla, debate, discusi\u00f3n con el sector privado <strong>se termina deslizando \u201custedes porque no pagan nada\u201d<\/strong>.<\/p>\n\n\n\n<p><\/p>\n\n\n\n<p>Hago un repaso del <strong>r\u00e9gimen tributario de una cooperativa<\/strong> a grandes rasgos. En cuanto al<strong> IVA<\/strong>, la cooperativa tributa seg\u00fan la actividad declarada en su estatuto (art. 5) y el c\u00f3digo registrado ante ARCA. En la mayor\u00eda de los casos, los servicios cooperativos pagan la al\u00edcuota general del 21% (sin descargar como \u201cdebito fiscal\u201d la mano de obra).<\/p>\n\n\n\n<p><\/p>\n\n\n\n<p>Adem\u00e1s, la cooperativa debe cumplir con varios <strong>reg\u00edmenes informativos ante ARCA e INAES:<\/strong> balances certificados, n\u00f3mina de autoridades, documentaci\u00f3n societaria y toda la normativa contable del sector.<\/p>\n\n\n\n<p><\/p>\n\n\n\n<p>A esto se suma la <strong>obligaci\u00f3n anual <\/strong>de presentar la <strong>declaraci\u00f3n del Fondo para la Educaci\u00f3n y Promoci\u00f3n Cooperativa<\/strong>, con una <strong>al\u00edcuota del 1,25% o 2% <\/strong>sobre el capital computable, Tambi\u00e9n es obligatorio presentar la certificaci\u00f3n del art. 21 incisos c) de la RG 2681 para conservar la <strong>exenci\u00f3n en Ganancias<\/strong>. (Que es un tr\u00e1mite bastante engorroso, a las que no todas las cooperativas tienen acceso).<\/p>\n\n\n\n<p><\/p>\n\n\n\n<p>Mientras que el sector privado comprendida en la Ley de Contrato de Trabajo (LCT) y el r\u00e9gimen general fiscal argentino, es alcanzado por: contribuciones patronales, aportes, ART, Impuesto al Valor Agregado (IVA) e Impuesto a las Ganancias.<\/p>\n\n\n\n<p><\/p>\n\n\n\n<p>A simple vista parece que el sector privado tiene much\u00edsimo m\u00e1s grav\u00e1menes fiscales que las cooperativas, pero cuando vas a los n\u00fameros concretos (ej: un retiro de asociados en una cooperativa de 1.000.000 y un sueldo en el sector privado de 1.000.0000), haciendo la <strong>sumatoria de impuestos, y d\u00e9bito fiscal<\/strong>:<\/p>\n\n\n\n<p><\/p>\n\n\n\n<figure class=\"wp-block-table\"><table class=\"has-fixed-layout\"><tbody><tr><td><strong>Concepto<\/strong><\/td><td><strong>Cooperativa de Trabajo<\/strong><\/td><td><strong>Empresa Privada<\/strong><\/td><\/tr><tr><td>Remuneraci\u00f3n \/ retorno<\/td><td>$1.000.000<\/td><td>$1.000.000 (bruto)<\/td><\/tr><tr><td>Salario neto percibido<\/td><td>$1.000.000<\/td><td>$820,000.00<\/td><\/tr><tr><td>Costo laboral total<\/td><td><strong>$1.000.000<\/strong><\/td><td><strong>$1.310.000<\/strong><\/td><\/tr><tr><td>Cargas patronales (Monotributo en caso Coop.)<\/td><td><strong>$8,358<\/strong><\/td><td>$280,000.00<\/td><\/tr><tr><td>ART \/ Seguros (Coop.)<\/td><td>$9,000<\/td><td>$30,000.00<\/td><\/tr><tr><td>IVA neto<\/td><td><strong>$210,000<\/strong><\/td><td><strong>$140,000.00<\/strong><\/td><\/tr><tr><td>Impuesto a las Ganancias<\/td><td><strong>Exento<\/strong><\/td><td>\u2013$393.000 (escudo fiscal)<\/td><\/tr><tr><td>Cr\u00e9dito fiscal por mano de obra<\/td><td>No aplica<\/td><td>Indirecto v\u00eda Ganancias<\/td><\/tr><tr><td>Carga fiscal neta<\/td><td><strong>$227,358.00<\/strong><\/td><td><strong>$253,000.00<\/strong><\/td><\/tr><\/tbody><\/table><\/figure>\n\n\n\n<p>Esta comparaci\u00f3n sin tener en cuenta todos los derechos que hoy tienen los trabajador registrado y sindicalizado, con los que no cuenta un asociado de cooperativa, aunque realice la misma actividad. <\/p>\n\n\n\n<p><\/p>\n\n\n\n<p>Pero sobre todo <strong>en esta comparativa nadie tiene en cuenta los altos \u00edndices de ganancias que tiene el sector privado vs una cooperativa<\/strong>, la supuesta \u201cventaja\u201d ante la competitividad quiz\u00e1 no la tengan que buscar por el lado de \u201clas cargas sociales\u201d, sino por los<strong> altos \u00edndices de ganancia empresarial, que en una cooperativa no existe<\/strong> (sin contar las grandes ventajas que el sector privado tiene en el sistema financiero con el acceso a cr\u00e9ditos que las cooperativas no, aunque podr\u00eda ser un cap\u00edtulo aparte).<\/p>\n\n\n\n<p><\/p>\n\n\n\n<blockquote class=\"wp-block-quote is-layout-flow wp-block-quote-is-layout-flow\">\n<p>Esta es una de las tantas discusiones donde el mito conformado viene de un desprestigio a la forma de organizaci\u00f3n del trabajo de los sectores excluidos. Quiz\u00e1 la discusi\u00f3n tenga que ser esa, el \u00edndice de ganancias del sector privado vs cooperativas. Y ah\u00ed este la respuesta a la competitividad.<\/p>\n<\/blockquote>\n\n\n\n<p><\/p>\n","protected":false},"excerpt":{"rendered":"<p>Por Emiliano Llorente, militante del MTE Muchas veces desde la fundaci\u00f3n de la primera cooperativa del Movimiento de trabajadores excluidos<\/p>\n","protected":false},"author":6,"featured_media":190429,"comment_status":"closed","ping_status":"closed","sticky":false,"template":"","format":"standard","meta":{"_jetpack_memberships_contains_paid_content":false,"footnotes":""},"categories":[5,1],"tags":[],"class_list":["post-190427","post","type-post","status-publish","format-standard","has-post-thumbnail","hentry","category-informacion-general","category-portada"],"jetpack_featured_media_url":"https:\/\/i0.wp.com\/cdnoticias.com\/wp-content\/uploads\/2025\/12\/mte-gacetilla.jpg?fit=900%2C578&ssl=1","jetpack_sharing_enabled":true,"_links":{"self":[{"href":"https:\/\/cdnoticias.com\/index.php\/wp-json\/wp\/v2\/posts\/190427","targetHints":{"allow":["GET"]}}],"collection":[{"href":"https:\/\/cdnoticias.com\/index.php\/wp-json\/wp\/v2\/posts"}],"about":[{"href":"https:\/\/cdnoticias.com\/index.php\/wp-json\/wp\/v2\/types\/post"}],"author":[{"embeddable":true,"href":"https:\/\/cdnoticias.com\/index.php\/wp-json\/wp\/v2\/users\/6"}],"replies":[{"embeddable":true,"href":"https:\/\/cdnoticias.com\/index.php\/wp-json\/wp\/v2\/comments?post=190427"}],"version-history":[{"count":0,"href":"https:\/\/cdnoticias.com\/index.php\/wp-json\/wp\/v2\/posts\/190427\/revisions"}],"wp:featuredmedia":[{"embeddable":true,"href":"https:\/\/cdnoticias.com\/index.php\/wp-json\/wp\/v2\/media\/190429"}],"wp:attachment":[{"href":"https:\/\/cdnoticias.com\/index.php\/wp-json\/wp\/v2\/media?parent=190427"}],"wp:term":[{"taxonomy":"category","embeddable":true,"href":"https:\/\/cdnoticias.com\/index.php\/wp-json\/wp\/v2\/categories?post=190427"},{"taxonomy":"post_tag","embeddable":true,"href":"https:\/\/cdnoticias.com\/index.php\/wp-json\/wp\/v2\/tags?post=190427"}],"curies":[{"name":"wp","href":"https:\/\/api.w.org\/{rel}","templated":true}]}}