{"id":190421,"date":"2025-12-14T12:30:43","date_gmt":"2025-12-14T15:30:43","guid":{"rendered":"https:\/\/cdnoticias.com\/?p=190421"},"modified":"2025-12-14T12:30:45","modified_gmt":"2025-12-14T15:30:45","slug":"a-partir-de-este-lunes-retornan-las-clases-de-gimnasia-en-los-parques","status":"publish","type":"post","link":"https:\/\/cdnoticias.com\/index.php\/2025\/12\/14\/a-partir-de-este-lunes-retornan-las-clases-de-gimnasia-en-los-parques\/","title":{"rendered":"A partir de este lunes retornan las clases de gimnasia en los parques"},"content":{"rendered":"\n<p>La actividad tiene por objetivo seguir promoviendo pr\u00e1cticas saludables en toda la comunidad.<\/p>\n\n\n\n<hr class=\"wp-block-separator aligncenter has-alpha-channel-opacity\"\/>\n\n\n\n<p>A partir de <strong>este lunes retornar\u00e1n las clases de gimnasia en los parques,<\/strong> la tradicional <strong>propuesta de verano <\/strong>de esta temporada 2025\/2026.\u00a0<\/p>\n\n\n\n<p><\/p>\n\n\n\n<p>La actividad volver\u00e1 a tener como <strong>puntos de encuentro los parques Mitre y Avellaneda, <\/strong>con el objetivo de que sean m\u00e1s las personas que puedan acercarse para\u00a0 <strong>seguir promoviendo pr\u00e1cticas saludables en toda la comunidad.<\/strong><\/p>\n\n\n\n<p><\/p>\n\n\n\n<blockquote class=\"wp-block-quote is-layout-flow wp-block-quote-is-layout-flow\">\n<p>El comienzo ser\u00e1 este lunes en el Parque Avellaneda, donde las clases se brindar\u00e1n los d\u00edas lunes y mi\u00e9rcoles. A la par, en el Parque Mitre, sobre Brown y Belgrano, los encuentros ser\u00e1n los d\u00edas martes y jueves.<\/p>\n<\/blockquote>\n\n\n\n<p><\/p>\n\n\n\n<p>En ambas sedes <strong>las clases ser\u00e1n en el horario de 19:30 a 20:30 horas<\/strong>, encabezadas por <strong>profesoras del staff de la Subsecretar\u00eda de Deportes del Municipio.<\/strong><\/p>\n\n\n\n<p><\/p>\n\n\n\n<p>La invitaci\u00f3n es <strong>abierta a toda persona mayor de 18 a\u00f1os<\/strong>, quienes deber\u00e1n <strong>acercarse \u00fanicamente con una botella de agua<\/strong> para hidrataci\u00f3n.<\/p>\n\n\n\n<p><\/p>\n","protected":false},"excerpt":{"rendered":"<p>La actividad tiene por objetivo seguir promoviendo pr\u00e1cticas saludables en toda la comunidad. A partir de este lunes retornar\u00e1n las<\/p>\n","protected":false},"author":6,"featured_media":105847,"comment_status":"closed","ping_status":"closed","sticky":false,"template":"","format":"standard","meta":{"_jetpack_memberships_contains_paid_content":false,"footnotes":""},"categories":[29,5,1],"tags":[],"class_list":["post-190421","post","type-post","status-publish","format-standard","has-post-thumbnail","hentry","category-deportes","category-informacion-general","category-portada"],"jetpack_featured_media_url":"https:\/\/i0.wp.com\/cdnoticias.com\/wp-content\/uploads\/2024\/01\/clases-gimnasia-parques-3.jpg?fit=1000%2C576&ssl=1","jetpack_sharing_enabled":true,"_links":{"self":[{"href":"https:\/\/cdnoticias.com\/index.php\/wp-json\/wp\/v2\/posts\/190421","targetHints":{"allow":["GET"]}}],"collection":[{"href":"https:\/\/cdnoticias.com\/index.php\/wp-json\/wp\/v2\/posts"}],"about":[{"href":"https:\/\/cdnoticias.com\/index.php\/wp-json\/wp\/v2\/types\/post"}],"author":[{"embeddable":true,"href":"https:\/\/cdnoticias.com\/index.php\/wp-json\/wp\/v2\/users\/6"}],"replies":[{"embeddable":true,"href":"https:\/\/cdnoticias.com\/index.php\/wp-json\/wp\/v2\/comments?post=190421"}],"version-history":[{"count":0,"href":"https:\/\/cdnoticias.com\/index.php\/wp-json\/wp\/v2\/posts\/190421\/revisions"}],"wp:featuredmedia":[{"embeddable":true,"href":"https:\/\/cdnoticias.com\/index.php\/wp-json\/wp\/v2\/media\/105847"}],"wp:attachment":[{"href":"https:\/\/cdnoticias.com\/index.php\/wp-json\/wp\/v2\/media?parent=190421"}],"wp:term":[{"taxonomy":"category","embeddable":true,"href":"https:\/\/cdnoticias.com\/index.php\/wp-json\/wp\/v2\/categories?post=190421"},{"taxonomy":"post_tag","embeddable":true,"href":"https:\/\/cdnoticias.com\/index.php\/wp-json\/wp\/v2\/tags?post=190421"}],"curies":[{"name":"wp","href":"https:\/\/api.w.org\/{rel}","templated":true}]}}