{"id":190406,"date":"2025-12-13T22:06:37","date_gmt":"2025-12-14T01:06:37","guid":{"rendered":"https:\/\/cdnoticias.com\/?p=190406"},"modified":"2025-12-14T10:30:58","modified_gmt":"2025-12-14T13:30:58","slug":"hosanna-cazola-sobre-la-reforma-laboral-de-milei-de-modernizacion-no-tiene-nada","status":"publish","type":"post","link":"https:\/\/cdnoticias.com\/index.php\/2025\/12\/13\/hosanna-cazola-sobre-la-reforma-laboral-de-milei-de-modernizacion-no-tiene-nada\/","title":{"rendered":"Hosanna Cazola sobre la reforma laboral de Milei: \u201cde modernizaci\u00f3n no tiene nada\u201d"},"content":{"rendered":"<p>Desde CTA Regional Olavarr\u00eda advirti\u00f3 que el proyecto oficial implica un \u201cretroceso\u201d en derechos laborales y alert\u00f3 por su impacto en la financiaci\u00f3n de ANSES. Habr\u00e1 acciones locales de protesta en coordinaci\u00f3n con otras centrales.<!--more--><\/p>\n<hr \/>\n<p>La<strong> secretaria de la CTA Regional Olavarr\u00eda, Hosanna Cazola<\/strong>, expres\u00f3 el <strong>rechazo al proyecto de reforma laboral<\/strong> que <a href=\"https:\/\/cdnoticias.com\/index.php\/2025\/12\/11\/proyecto-de-ley-de-modernizacion-laboral-los-puntos-centrales-de-la-reforma-de-milei\/\" target=\"_blank\" rel=\"noopener\">la semana pr\u00f3xima comenzar\u00e1 a debatirse en el Senado de la Naci\u00f3n<\/a>. Adelant\u00f3 que, junto a<strong> la CGT, las dos CTA -de los Trabajadores y Aut\u00f3noma- <a href=\"https:\/\/cdnoticias.com\/index.php\/2025\/12\/13\/la-cgt-marchara-el-jueves-18-contra-la-reforma-laboral\/\" target=\"_blank\" rel=\"noopener\">se movilizar\u00e1n el 18 de diciembre<\/a><\/strong> y que <strong>habr\u00e1 actividades distritales<\/strong> para evidenciar la oposici\u00f3n a la propuesta legislativa que impulsa el presidente Javier Milei.<\/p>\n<p>\u00a0<\/p>\n\n\n<p>Asimismo, indic\u00f3 que<strong> desde \u201cel bloque sindical dentro del Congreso\u201d <\/strong>se han impulsado <strong>proyectos de ley para aplicar reformas<\/strong>, pero no se han tratado:<strong> reducci\u00f3n de la jornada laboral<\/strong> y <strong>regularizaci\u00f3n para los trabajadores de plataformas<\/strong>.<\/p>\n\n\n\n<p><\/p>\n\n\n\n<blockquote class=\"wp-block-quote is-layout-flow wp-block-quote-is-layout-flow\">\n<p>Acerca del proyecto que present\u00f3 el Gobierno Nacional, denominado de \u201cmodernizaci\u00f3n laboral\u201d, en di\u00e1logo con <strong>Central de Noticias<\/strong> Hosanna Cazola sostuvo que \u201cde modernizaci\u00f3n no tiene nada, porque lo que plantea es un claro retroceso, podr\u00edamos decir pre-peronista, la reforma que lleva adelante con una carga horaria de 12 horas, sin la posibilidad de las indemnizaciones. No hay en ning\u00fan momento de la ley alguna soluci\u00f3n para los conflictos que hoy tenemos\u201d.<\/p>\n<\/blockquote>\n\n\n\n<p><\/p>\n\n\n\n<p>Se\u00f1al\u00f3 que el posicionamiento conjunto se sostiene cuando comenz\u00f3 el \u201cplan de lucha contra la Ley \u00d3mnibus\u201d tambi\u00e9n impulsada por Milei. Seg\u00fan expresaron, <strong>a lo largo de este a\u00f1o las centrales sindicales han mantenido una estrategia de resistencia <\/strong>y, al mismo tiempo, de elaboraci\u00f3n de propuestas alternativas frente a las pol\u00edticas del Ejecutivo que la dirigente defini\u00f3<strong> \u201cvienen un detrimento de los derechos de los trabajadores y de la comunidad en general\u201d<\/strong>.<\/p>\n\n\n\n<p><\/p>\n\n\n\n<p>Cuestion\u00f3 que la propuesta oficialista de reforma laboral no apunta a <strong>regularizar \u201cal 50% de los trabajadores y trabajadoras que se encuentran por fuera de la normalizaci\u00f3n del trabajo<\/strong>, todo eso tiene que ver con los <strong>trabajos de plataformas\u201d<\/strong>.<\/p>\n\n\n\n<p><\/p>\n\n\n\n<figure class=\"wp-block-image size-full\"><img data-recalc-dims=\"1\" loading=\"lazy\" decoding=\"async\" width=\"800\" height=\"445\" src=\"https:\/\/i0.wp.com\/cdnoticias.com\/wp-content\/uploads\/2025\/02\/HCD-hosanna-cazola-00.jpg?resize=800%2C445&#038;ssl=1\" alt=\"\" class=\"wp-image-153722\" srcset=\"https:\/\/i0.wp.com\/cdnoticias.com\/wp-content\/uploads\/2025\/02\/HCD-hosanna-cazola-00.jpg?w=1000&amp;ssl=1 1000w, https:\/\/i0.wp.com\/cdnoticias.com\/wp-content\/uploads\/2025\/02\/HCD-hosanna-cazola-00.jpg?resize=300%2C167&amp;ssl=1 300w, https:\/\/i0.wp.com\/cdnoticias.com\/wp-content\/uploads\/2025\/02\/HCD-hosanna-cazola-00.jpg?resize=768%2C427&amp;ssl=1 768w, https:\/\/i0.wp.com\/cdnoticias.com\/wp-content\/uploads\/2025\/02\/HCD-hosanna-cazola-00.jpg?resize=800%2C445&amp;ssl=1 800w\" sizes=\"auto, (max-width: 800px) 100vw, 800px\" \/><\/figure>\n\n\n\n<p><\/p>\n\n\n\n<blockquote class=\"wp-block-quote is-layout-flow wp-block-quote-is-layout-flow\">\n<p>Cazola advirti\u00f3 como uno de los aspectos \u201cque m\u00e1s me preocupa\u201d del proyecto oficial es el redireccionamiento del 3% de los aportes de los trabajadores hacia un fondo espec\u00edfico, lo que \u2014seg\u00fan se\u00f1al\u00f3\u2014 provocar\u00eda un desfinanciamiento de la ANSES. Alert\u00f3 que esa situaci\u00f3n podr\u00eda impactar directamente en pol\u00edticas de protecci\u00f3n social como las pensiones por discapacidad y la Asignaci\u00f3n Universal por Hijo.<\/p>\n<\/blockquote>\n\n\n\n<p><\/p>\n\n\n\n<p>En contraste, inform\u00f3 que<strong> la CTA busca \u201cpoder llevar adelante las propuestas que desde el bloque sindical dentro del Congreso<\/strong> se han expresado con dos proyectos de ley de la <strong>reducci\u00f3n de la jornada laboral<\/strong>. Una propuesta que viene de manera regional, llev\u00e1ndose adelante tambi\u00e9n con los pa\u00edses europeos, de que la \u00fanica manera de sostener el trabajo formal es reduciendo las horas para que pueda haber m\u00e1s empleo\u201d. Adem\u00e1s, las centrales plantean la necesidad de <strong>crear una figura de patronal que regule el trabajo en plataformas digitales<\/strong>, as\u00ed como la <strong>ampliaci\u00f3n de licencias parentales<\/strong> para avanzar hacia mayor equidad en el \u00e1mbito laboral, especialmente para mujeres y disidencias. Desde la CTA se remarc\u00f3 que <strong>reconocen los cambios tecnol\u00f3gicos en el mundo del trabajo<\/strong>, pero rechazaron que la respuesta sea un esquema que, a su entender, \u201cretrocede en el tiempo\u201d.<\/p>\n\n\n\n<p><\/p>\n\n\n\n<p><strong>\u201cNada de todo eso ha podido dar sus frutos en el Congreso<\/strong>, porque claramente todo lo que hemos estado viviendo estos dos a\u00f1os con el endeudamiento y con las presiones de la intervenci\u00f3n del Fondo (Monetario Internacional) y de Estados Unidos en nuestro pa\u00eds,<strong> lo que lleva es a una propuesta, una reforma de ley, a la medida exacta de las m\u00e1s rancias patronales\u201d<\/strong> afirm\u00f3 la dirigente olavarriense. Resumi\u00f3 que \u201cbajo ning\u00fan punto de vista consideramos que esta reforma que propone el Gobierno sea beneficiosa porque <strong>en definitiva no es ninguna reforma, es retroceder en el tiempo\u201d.<\/strong><\/p>\n\n\n\n<p><\/p>\n\n\n\n<p>Consultada sobre el <strong>debate en torno a las indemnizaciones y las dificultades que atraviesan peque\u00f1as empresas <\/strong>para afrontarlas, Hosanna Cazola respondi\u00f3 que <strong>\u201cel problema debe analizarse de manera integral\u201d<\/strong>. Indicaron que <em>la recesi\u00f3n, la ca\u00edda de la actividad productiva y el cambio de un modelo orientado a la producci\u00f3n hacia uno financiero<\/em> han debilitado tanto a los trabajadores como a las peque\u00f1as y medianas empresas, en un contexto de escasa intervenci\u00f3n estatal.<strong> \u201cEntendemos que es una cadena al no poder generar propuestas integrales de reactivaci\u00f3n econ\u00f3mica<\/strong> que incorporen cada una de las \u00e1reas que intervienen en los procesos productivos, que es por supuesto el cambio de paradigma\u201d defini\u00f3.<\/p>\n\n\n\n<p><\/p>\n\n\n\n<p>Respecto de la<strong> movilizaci\u00f3n prevista para el jueves 18<\/strong>, confirm\u00f3 que la convocatoria es impulsada por las tres centrales sindicales, incluida la CGT, y que <strong>habr\u00e1 acciones en distintos puntos del pa\u00eds<\/strong>. En Olavarr\u00eda, las actividades a\u00fan se est\u00e1n organizando, pero anticip\u00f3 que se realizar\u00e1n expresiones locales en sinton\u00eda con la jornada nacional de protesta. \u201cEl jueves en la movilizaci\u00f3n <strong>intentaremos nuevamente unificar los reclamos que cada uno de los sectores <\/strong>ha llevado adelante durante estos dos a\u00f1os porque <strong>siempre consideramos que la construcci\u00f3n de la correlaci\u00f3n de fuerzas en la calle va a ser lo que frene estas pol\u00edticas de crueldad\u201d<\/strong> cerr\u00f3 la secretaria de la CTA Regional Olavarr\u00eda.<\/p>\n\n\n\n<p><\/p>\n","protected":false},"excerpt":{"rendered":"<p>Desde CTA Regional Olavarr\u00eda advirti\u00f3 que el proyecto oficial implica un \u201cretroceso\u201d en derechos laborales y alert\u00f3 por su impacto<\/p>\n","protected":false},"author":4,"featured_media":107006,"comment_status":"closed","ping_status":"closed","sticky":false,"template":"","format":"standard","meta":{"_jetpack_memberships_contains_paid_content":false,"footnotes":""},"categories":[4,1],"tags":[],"class_list":["post-190406","post","type-post","status-publish","format-standard","has-post-thumbnail","hentry","category-politica","category-portada"],"jetpack_featured_media_url":"https:\/\/i0.wp.com\/cdnoticias.com\/wp-content\/uploads\/2024\/01\/plenario-CTA-en-azul-00-hosanna-cazola.jpg?fit=800%2C445&ssl=1","jetpack_sharing_enabled":true,"_links":{"self":[{"href":"https:\/\/cdnoticias.com\/index.php\/wp-json\/wp\/v2\/posts\/190406","targetHints":{"allow":["GET"]}}],"collection":[{"href":"https:\/\/cdnoticias.com\/index.php\/wp-json\/wp\/v2\/posts"}],"about":[{"href":"https:\/\/cdnoticias.com\/index.php\/wp-json\/wp\/v2\/types\/post"}],"author":[{"embeddable":true,"href":"https:\/\/cdnoticias.com\/index.php\/wp-json\/wp\/v2\/users\/4"}],"replies":[{"embeddable":true,"href":"https:\/\/cdnoticias.com\/index.php\/wp-json\/wp\/v2\/comments?post=190406"}],"version-history":[{"count":0,"href":"https:\/\/cdnoticias.com\/index.php\/wp-json\/wp\/v2\/posts\/190406\/revisions"}],"wp:featuredmedia":[{"embeddable":true,"href":"https:\/\/cdnoticias.com\/index.php\/wp-json\/wp\/v2\/media\/107006"}],"wp:attachment":[{"href":"https:\/\/cdnoticias.com\/index.php\/wp-json\/wp\/v2\/media?parent=190406"}],"wp:term":[{"taxonomy":"category","embeddable":true,"href":"https:\/\/cdnoticias.com\/index.php\/wp-json\/wp\/v2\/categories?post=190406"},{"taxonomy":"post_tag","embeddable":true,"href":"https:\/\/cdnoticias.com\/index.php\/wp-json\/wp\/v2\/tags?post=190406"}],"curies":[{"name":"wp","href":"https:\/\/api.w.org\/{rel}","templated":true}]}}