{"id":190398,"date":"2025-12-14T14:33:06","date_gmt":"2025-12-14T17:33:06","guid":{"rendered":"https:\/\/cdnoticias.com\/?p=190398"},"modified":"2025-12-14T14:33:08","modified_gmt":"2025-12-14T17:33:08","slug":"capacitacion-sobre-reptiles-y-animales-venenosos","status":"publish","type":"post","link":"https:\/\/cdnoticias.com\/index.php\/2025\/12\/14\/capacitacion-sobre-reptiles-y-animales-venenosos\/","title":{"rendered":"Capacitaci\u00f3n sobre reptiles y animales venenosos"},"content":{"rendered":"<p>La jornada incluy\u00f3 una instancia formativa para el Cuerpo Activo durante la ma\u00f1ana y una charla abierta a la comunidad por la tarde, con eje en la prevenci\u00f3n de accidentes y los primeros auxilios.<!--more--><\/p>\n<hr \/>\n<p><strong>Bomberos Voluntarios de Olavarr\u00eda<\/strong> llev\u00f3 adelante una <strong>capacitaci\u00f3n integral sobre reptiles y animales venenosos<\/strong>, que se desarroll\u00f3 en el Cuartel Central con una<strong> importante participaci\u00f3n<\/strong> tanto del <strong>personal bomberil<\/strong> como de <strong>vecinos de la comunidad<\/strong>.<\/p>\n<blockquote><p>Durante la ma\u00f1ana, la actividad estuvo destinada al Cuerpo Activo, con una charla t\u00e9cnica orientada al reconocimiento de especies, la prevenci\u00f3n de accidentes y el abordaje seguro en intervenciones operativas.<\/p><\/blockquote>\n<p><img data-recalc-dims=\"1\" loading=\"lazy\" decoding=\"async\" class=\"alignnone size-full wp-image-190400 aligncenter\" src=\"https:\/\/i0.wp.com\/cdnoticias.com\/wp-content\/uploads\/2025\/12\/bomberos-capacitacion-animales-venenosos-00.jpg?resize=800%2C446&#038;ssl=1\" alt=\"\" width=\"800\" height=\"446\" srcset=\"https:\/\/i0.wp.com\/cdnoticias.com\/wp-content\/uploads\/2025\/12\/bomberos-capacitacion-animales-venenosos-00.jpg?w=800&amp;ssl=1 800w, https:\/\/i0.wp.com\/cdnoticias.com\/wp-content\/uploads\/2025\/12\/bomberos-capacitacion-animales-venenosos-00.jpg?resize=300%2C167&amp;ssl=1 300w, https:\/\/i0.wp.com\/cdnoticias.com\/wp-content\/uploads\/2025\/12\/bomberos-capacitacion-animales-venenosos-00.jpg?resize=768%2C428&amp;ssl=1 768w\" sizes=\"auto, (max-width: 800px) 100vw, 800px\" \/><\/p>\n<p>La capacitaci\u00f3n fue dictada por el <strong>Suboficial Daniel De Fazy del Cuartel de Bomberos de Balcarce<\/strong>, acompa\u00f1ado por el <strong>Director Provincial de Capacitaci\u00f3n, Fernando Alessio<\/strong>. De Fazy brind\u00f3 herramientas te\u00f3ricas y pr\u00e1cticas fundamentales para el trabajo cotidiano del bombero, especialmente en \u00e1mbitos urbanos y rurales.<\/p>\n<p>En este marco, el <strong>Comandante General Ra\u00fal Ferreira<\/strong> agradeci\u00f3 tanto a la Federaci\u00f3n como a Daniel por el tiempo y la predisposici\u00f3n para compartir sus conocimientos, y remarc\u00f3 la<strong> importancia de incorporar este tipo de saberes espec\u00edficos a la labor diaria<\/strong>, reforzando la seguridad del personal y la calidad del servicio.<\/p>\n<p><img data-recalc-dims=\"1\" loading=\"lazy\" decoding=\"async\" class=\"alignnone size-full wp-image-190402 aligncenter\" src=\"https:\/\/i0.wp.com\/cdnoticias.com\/wp-content\/uploads\/2025\/12\/bomberos-capacitacion-animales-venenosos-02.jpg?resize=800%2C445&#038;ssl=1\" alt=\"\" width=\"800\" height=\"445\" srcset=\"https:\/\/i0.wp.com\/cdnoticias.com\/wp-content\/uploads\/2025\/12\/bomberos-capacitacion-animales-venenosos-02.jpg?w=800&amp;ssl=1 800w, https:\/\/i0.wp.com\/cdnoticias.com\/wp-content\/uploads\/2025\/12\/bomberos-capacitacion-animales-venenosos-02.jpg?resize=300%2C167&amp;ssl=1 300w, https:\/\/i0.wp.com\/cdnoticias.com\/wp-content\/uploads\/2025\/12\/bomberos-capacitacion-animales-venenosos-02.jpg?resize=768%2C427&amp;ssl=1 768w\" sizes=\"auto, (max-width: 800px) 100vw, 800px\" \/><\/p>\n<blockquote><p>Por la tarde, la jornada se abri\u00f3 a la comunidad, permitiendo que vecinos y vecinas accedieran a informaci\u00f3n clara sobre prevenci\u00f3n, identificaci\u00f3n y primeros auxilios ante la presencia de animales venenosos. Los asistentes pudieron evacuar dudas, intercambiar consultas y conocer m\u00e1s sobre c\u00f3mo actuar de manera segura frente a este tipo de situaciones.<\/p><\/blockquote>\n<p>Adem\u00e1s, De Fazy present\u00f3 una<strong> exposici\u00f3n did\u00e1ctica, que incluy\u00f3 reptiles, muestras de venenos, colmillos y otros elementos<\/strong> educativos, lo que permiti\u00f3 un acercamiento pr\u00e1ctico y visual a la tem\u00e1tica, generando gran inter\u00e9s entre los presentes.<\/p>\n<p><img data-recalc-dims=\"1\" loading=\"lazy\" decoding=\"async\" class=\"alignnone size-full wp-image-190399 aligncenter\" src=\"https:\/\/i0.wp.com\/cdnoticias.com\/wp-content\/uploads\/2025\/12\/bomberos-capacitacion-animales-venenosos-03.jpg?resize=800%2C445&#038;ssl=1\" alt=\"\" width=\"800\" height=\"445\" srcset=\"https:\/\/i0.wp.com\/cdnoticias.com\/wp-content\/uploads\/2025\/12\/bomberos-capacitacion-animales-venenosos-03.jpg?w=800&amp;ssl=1 800w, https:\/\/i0.wp.com\/cdnoticias.com\/wp-content\/uploads\/2025\/12\/bomberos-capacitacion-animales-venenosos-03.jpg?resize=300%2C167&amp;ssl=1 300w, https:\/\/i0.wp.com\/cdnoticias.com\/wp-content\/uploads\/2025\/12\/bomberos-capacitacion-animales-venenosos-03.jpg?resize=768%2C427&amp;ssl=1 768w\" sizes=\"auto, (max-width: 800px) 100vw, 800px\" \/><\/p>\n","protected":false},"excerpt":{"rendered":"<p>La jornada incluy\u00f3 una instancia formativa para el Cuerpo Activo durante la ma\u00f1ana y una charla abierta a la comunidad<\/p>\n","protected":false},"author":4,"featured_media":190401,"comment_status":"closed","ping_status":"closed","sticky":false,"template":"","format":"standard","meta":{"_jetpack_memberships_contains_paid_content":false,"footnotes":""},"categories":[5,1],"tags":[],"class_list":["post-190398","post","type-post","status-publish","format-standard","has-post-thumbnail","hentry","category-informacion-general","category-portada"],"jetpack_featured_media_url":"https:\/\/i0.wp.com\/cdnoticias.com\/wp-content\/uploads\/2025\/12\/bomberos-capacitacion-animales-venenosos-01.jpg?fit=800%2C445&ssl=1","jetpack_sharing_enabled":true,"_links":{"self":[{"href":"https:\/\/cdnoticias.com\/index.php\/wp-json\/wp\/v2\/posts\/190398","targetHints":{"allow":["GET"]}}],"collection":[{"href":"https:\/\/cdnoticias.com\/index.php\/wp-json\/wp\/v2\/posts"}],"about":[{"href":"https:\/\/cdnoticias.com\/index.php\/wp-json\/wp\/v2\/types\/post"}],"author":[{"embeddable":true,"href":"https:\/\/cdnoticias.com\/index.php\/wp-json\/wp\/v2\/users\/4"}],"replies":[{"embeddable":true,"href":"https:\/\/cdnoticias.com\/index.php\/wp-json\/wp\/v2\/comments?post=190398"}],"version-history":[{"count":0,"href":"https:\/\/cdnoticias.com\/index.php\/wp-json\/wp\/v2\/posts\/190398\/revisions"}],"wp:featuredmedia":[{"embeddable":true,"href":"https:\/\/cdnoticias.com\/index.php\/wp-json\/wp\/v2\/media\/190401"}],"wp:attachment":[{"href":"https:\/\/cdnoticias.com\/index.php\/wp-json\/wp\/v2\/media?parent=190398"}],"wp:term":[{"taxonomy":"category","embeddable":true,"href":"https:\/\/cdnoticias.com\/index.php\/wp-json\/wp\/v2\/categories?post=190398"},{"taxonomy":"post_tag","embeddable":true,"href":"https:\/\/cdnoticias.com\/index.php\/wp-json\/wp\/v2\/tags?post=190398"}],"curies":[{"name":"wp","href":"https:\/\/api.w.org\/{rel}","templated":true}]}}