{"id":190387,"date":"2025-12-13T17:25:49","date_gmt":"2025-12-13T20:25:49","guid":{"rendered":"https:\/\/cdnoticias.com\/?p=190387"},"modified":"2025-12-13T22:07:31","modified_gmt":"2025-12-14T01:07:31","slug":"renovacion-de-la-conduccion-en-ucr-una-oxigenacion-es-necesaria","status":"publish","type":"post","link":"https:\/\/cdnoticias.com\/index.php\/2025\/12\/13\/renovacion-de-la-conduccion-en-ucr-una-oxigenacion-es-necesaria\/","title":{"rendered":"Renovaci\u00f3n de la conducci\u00f3n en UCR: \u201cUna oxigenaci\u00f3n es necesaria\u201d"},"content":{"rendered":"<p>El concejal Francisco Gonz\u00e1lez se expres\u00f3 en el marco de la elecci\u00f3n para la presidencia partidaria. Destac\u00f3 la necesidad de impulsar figuras j\u00f3venes.<\/p>\n<p><!--more--><\/p>\n<hr \/>\n<p>El <strong>radicalismo nacional<\/strong> celebr\u00f3 este viernes una reuni\u00f3n del <strong>plenario de delegados<\/strong> en la sede partidaria, instancia en la que<strong> se defini\u00f3 al sucesor de Mart\u00edn Lousteau en la conducci\u00f3n partidaria<\/strong>. El dirigente saliente ha sido cuestionado en distintos \u00e1mbitos por el magro desempe\u00f1o electoral del partido en los \u00faltimos comicios.<\/p>\n<p>Tras la negativa del exgobernador correntino Gustavo Vald\u00e9s \u2014perfilado inicialmente como el candidato natural para conducir la UCR\u2014 el nombre impulsado por el gobernador santafesino Maximiliano Pullaro tom\u00f3 protagonismo: se trata de<strong> Leonel Chiarella, intendente de Venado Tuerto, de 36 a\u00f1os<\/strong>, reelecto en 2023 con el 83% de los votos. Dirigentes que lo conocen lo se\u00f1alan como <strong>una figura emergente con proyecci\u00f3n dentro del radicalismo<\/strong>.<\/p>\n<blockquote class=\"twitter-tweet\">\n<p dir=\"ltr\" lang=\"es\">&#8220;A militar con humildad, trabajo y di\u00e1logo&#8221;. <a href=\"https:\/\/twitter.com\/leonelchiarella?ref_src=twsrc%5Etfw\">@leonelchiarella<\/a> asumi\u00f3 la presidencia de nuestro Comit\u00e9 Nacional, convirti\u00e9ndose en el presidente m\u00e1s joven de la historia de la UCR con 36 a\u00f1os. Cont\u00f3 con el respaldo de los y las delegados, gobernadores, intendentes y legisladores. <a href=\"https:\/\/t.co\/k786HWtRpv\">pic.twitter.com\/k786HWtRpv<\/a><\/p>\n<p>\u2014 Uni\u00f3n C\u00edvica Radical (@UCRNacional) <a href=\"https:\/\/twitter.com\/UCRNacional\/status\/1999594535077236911?ref_src=twsrc%5Etfw\">December 12, 2025<\/a><\/p><\/blockquote>\n<p><script async src=\"https:\/\/platform.twitter.com\/widgets.js\" charset=\"utf-8\"><\/script><\/p>\n<blockquote><p>Consultado sobre este proceso durante la ma\u00f1ana del viernes, el concejal radical de Olavarr\u00eda Francisco Gonz\u00e1lez consider\u00f3 que se trata de \u201cuna apuesta fuerte a la renovaci\u00f3n y creo que una oxigenaci\u00f3n es necesaria\u201d en un contexto de \u201ctiempos muy dif\u00edciles\u201d para el partido a nivel nacional. En una entrevista en el <strong>programa Levantate por Radio Sapiens<\/strong> se\u00f1al\u00f3 que, desde su perspectiva, Olavarr\u00eda se mantiene como una \u201cisla\u201d por su funcionamiento interno que \u2014seg\u00fan afirm\u00f3\u2014 permiti\u00f3 al espacio quedar a menos de medio punto de sumar dos concejales en las \u00faltimas elecciones locales de este a\u00f1o.<\/p><\/blockquote>\n<p>\u201cOlavarr\u00eda de alguna manera en cuanto al funcionamiento interno del partido, <strong>es una isla porque tenemos un partido unido, trabajando en conjunto, que sigue siendo representativo<\/strong>, que estuvo m\u00e1s all\u00e1 de la grieta que se plante\u00f3 en las \u00faltimas elecciones. Estuvo <strong>muy cerca de poder meter dos concejales<\/strong> m\u00e1s en el Concejo Deliberante, estuvimos a mucho menos de medio punto de poder lograrlo, <strong>rompiendo por ah\u00ed con la media a nivel provincial que no pas\u00f3 el 3%\u201d<\/strong> indic\u00f3 el concejal.<\/p>\n<p>Gonz\u00e1lez remarc\u00f3 que <strong>los principales \u201cerrores\u201d se dieron en la conformaci\u00f3n y estrategias electorales, especialmente en territorio bonaerense<\/strong>, y plante\u00f3 que la UCR debe dejar de apoyarse \u00fanicamente en figuras nacionales de larga trayectoria para<strong> dar lugar a nuevos referentes con \u201cotra impronta y otra manera de ver la pol\u00edtica\u201d.<\/strong><\/p>\n<p><img data-recalc-dims=\"1\" loading=\"lazy\" decoding=\"async\" class=\"alignnone size-full wp-image-172167 aligncenter\" src=\"https:\/\/i0.wp.com\/cdnoticias.com\/wp-content\/uploads\/2025\/05\/HCD-pancho-gonzalez-sesion-22-de-mayo-00.jpg?resize=800%2C445&#038;ssl=1\" alt=\"\" width=\"800\" height=\"445\" srcset=\"https:\/\/i0.wp.com\/cdnoticias.com\/wp-content\/uploads\/2025\/05\/HCD-pancho-gonzalez-sesion-22-de-mayo-00.jpg?w=1000&amp;ssl=1 1000w, https:\/\/i0.wp.com\/cdnoticias.com\/wp-content\/uploads\/2025\/05\/HCD-pancho-gonzalez-sesion-22-de-mayo-00.jpg?resize=300%2C167&amp;ssl=1 300w, https:\/\/i0.wp.com\/cdnoticias.com\/wp-content\/uploads\/2025\/05\/HCD-pancho-gonzalez-sesion-22-de-mayo-00.jpg?resize=768%2C427&amp;ssl=1 768w, https:\/\/i0.wp.com\/cdnoticias.com\/wp-content\/uploads\/2025\/05\/HCD-pancho-gonzalez-sesion-22-de-mayo-00.jpg?resize=800%2C445&amp;ssl=1 800w\" sizes=\"auto, (max-width: 800px) 100vw, 800px\" \/><\/p>\n<p>En cuanto al escenario local, sostuvo que<strong> la necesidad de recambio generacional tambi\u00e9n es v\u00e1lida para Olavarr\u00eda<\/strong>. Record\u00f3 su propia trayectoria dentro del partido y la dificultad hist\u00f3rica del radicalismo para promover nuevas figuras.<\/p>\n<p>Destac\u00f3 que <strong>la \u00faltima lista presentada en las Legislativas 2025 locales, la UCR incorpor\u00f3 a vecinos sin una extensa trayectoria pol\u00edtica<\/strong>, en un camino orientado a abrir la participaci\u00f3n y fortalecer cuadros j\u00f3venes. Aunque reconoci\u00f3 que la \u201ctracci\u00f3n\u201d provincial o nacional a veces complica ese proceso, afirm\u00f3 que continuar\u00e1n trabajando en esa l\u00ednea.<\/p>\n<blockquote><p>Se\u00f1al\u00f3 la posibilidad de aplicar tal estrategia para la UCR nacional: \u201ccreo que le va a dar una oxigenaci\u00f3n al partido y la esperanza de que sea para bien. Y principalmente que el radicalismo vuelva a ser representativo, que vuelva a ser una opci\u00f3n v\u00e1lida para los ciudadanos. Pero no por el solo hecho de ser una representaci\u00f3n, sino que sea visto como una posibilidad de brindar soluciones ante este escenario\u201d.<\/p><\/blockquote>\n","protected":false},"excerpt":{"rendered":"<p>El concejal Francisco Gonz\u00e1lez se expres\u00f3 en el marco de la elecci\u00f3n para la presidencia partidaria. Destac\u00f3 la necesidad de<\/p>\n","protected":false},"author":4,"featured_media":88713,"comment_status":"closed","ping_status":"closed","sticky":false,"template":"","format":"standard","meta":{"_jetpack_memberships_contains_paid_content":false,"footnotes":""},"categories":[4,1],"tags":[],"class_list":["post-190387","post","type-post","status-publish","format-standard","has-post-thumbnail","hentry","category-politica","category-portada"],"jetpack_featured_media_url":"https:\/\/i0.wp.com\/cdnoticias.com\/wp-content\/uploads\/2023\/06\/francisco-gonzalez.jpg?fit=1288%2C717&ssl=1","jetpack_sharing_enabled":true,"_links":{"self":[{"href":"https:\/\/cdnoticias.com\/index.php\/wp-json\/wp\/v2\/posts\/190387","targetHints":{"allow":["GET"]}}],"collection":[{"href":"https:\/\/cdnoticias.com\/index.php\/wp-json\/wp\/v2\/posts"}],"about":[{"href":"https:\/\/cdnoticias.com\/index.php\/wp-json\/wp\/v2\/types\/post"}],"author":[{"embeddable":true,"href":"https:\/\/cdnoticias.com\/index.php\/wp-json\/wp\/v2\/users\/4"}],"replies":[{"embeddable":true,"href":"https:\/\/cdnoticias.com\/index.php\/wp-json\/wp\/v2\/comments?post=190387"}],"version-history":[{"count":0,"href":"https:\/\/cdnoticias.com\/index.php\/wp-json\/wp\/v2\/posts\/190387\/revisions"}],"wp:featuredmedia":[{"embeddable":true,"href":"https:\/\/cdnoticias.com\/index.php\/wp-json\/wp\/v2\/media\/88713"}],"wp:attachment":[{"href":"https:\/\/cdnoticias.com\/index.php\/wp-json\/wp\/v2\/media?parent=190387"}],"wp:term":[{"taxonomy":"category","embeddable":true,"href":"https:\/\/cdnoticias.com\/index.php\/wp-json\/wp\/v2\/categories?post=190387"},{"taxonomy":"post_tag","embeddable":true,"href":"https:\/\/cdnoticias.com\/index.php\/wp-json\/wp\/v2\/tags?post=190387"}],"curies":[{"name":"wp","href":"https:\/\/api.w.org\/{rel}","templated":true}]}}