{"id":190369,"date":"2025-12-13T11:32:52","date_gmt":"2025-12-13T14:32:52","guid":{"rendered":"https:\/\/cdnoticias.com\/?p=190369"},"modified":"2025-12-13T11:32:54","modified_gmt":"2025-12-13T14:32:54","slug":"florencia-lestrada-fue-premiada-en-el-40-congreso-de-medicina-general","status":"publish","type":"post","link":"https:\/\/cdnoticias.com\/index.php\/2025\/12\/13\/florencia-lestrada-fue-premiada-en-el-40-congreso-de-medicina-general\/","title":{"rendered":"Florencia Lestrada fue premiada en el 40\u00b0 Congreso de Medicina General"},"content":{"rendered":"\n<p>Fue distinguida por su trabajo \u201cMedicina General: brechas entre lo aprendido en la residencia y la pr\u00e1ctica posterior. An\u00e1lisis en el Sistema Municipal de Salud de Olavarr\u00eda (2013\u20132023)\u201d, que logr\u00f3 el segundo premio en la categor\u00eda \u201cGesti\u00f3n\u201d.<\/p>\n\n\n\n<hr class=\"wp-block-separator aligncenter has-alpha-channel-opacity\"\/>\n\n\n\n<p>D\u00edas atr\u00e1s l<strong>a doctora Florencia Lestrada<\/strong>, subsecretaria de Atenci\u00f3n Primaria de la Salud y docente de la Facultad de Ciencias de la Salud de la Unicen <strong>fue premiada <\/strong>en el marco del <strong>\u201c40\u00b0 Congreso de Medicina General, Equipos de Salud y Encuentros con la Comunidad\u201d<\/strong>, que se realiz\u00f3 del 5 al 8 de diciembre en la Universidad Nacional de Rosario.<\/p>\n\n\n\n<p><\/p>\n\n\n\n<blockquote class=\"wp-block-quote is-layout-flow wp-block-quote-is-layout-flow\">\n<p>Lestrada fue distinguida por su trabajo \u201cMedicina General: brechas entre lo aprendido en la residencia y la pr\u00e1ctica posterior. An\u00e1lisis en el Sistema Municipal de Salud de Olavarr\u00eda (2013\u20132023)\u201d, que logr\u00f3 el segundo premio en la categor\u00eda \u201cGesti\u00f3n\u201d.<\/p>\n<\/blockquote>\n\n\n\n<p><\/p>\n\n\n\n<p>Vale destacar que en el marco del mencionado Congreso <strong>se presentaron m\u00e1s de 70 investigaciones, <\/strong>lo cual permite tomar dimensi\u00f3n del logro y poner en valor el trabajo realizado por la<strong> doctora olavarriense.<\/strong><\/p>\n\n\n\n<p><\/p>\n\n\n\n<figure class=\"wp-block-image aligncenter size-full\"><img data-recalc-dims=\"1\" loading=\"lazy\" decoding=\"async\" width=\"800\" height=\"495\" src=\"https:\/\/i0.wp.com\/cdnoticias.com\/wp-content\/uploads\/2025\/12\/florencialestrada2.jpg?resize=800%2C495&#038;ssl=1\" alt=\"\" class=\"wp-image-190371\" srcset=\"https:\/\/i0.wp.com\/cdnoticias.com\/wp-content\/uploads\/2025\/12\/florencialestrada2.jpg?w=900&amp;ssl=1 900w, https:\/\/i0.wp.com\/cdnoticias.com\/wp-content\/uploads\/2025\/12\/florencialestrada2.jpg?resize=300%2C186&amp;ssl=1 300w, https:\/\/i0.wp.com\/cdnoticias.com\/wp-content\/uploads\/2025\/12\/florencialestrada2.jpg?resize=768%2C475&amp;ssl=1 768w\" sizes=\"auto, (max-width: 800px) 100vw, 800px\" \/><\/figure>\n\n\n\n<p><\/p>\n\n\n\n<blockquote class=\"wp-block-quote is-layout-flow wp-block-quote-is-layout-flow\">\n<p>Lestrada present\u00f3 una investigaci\u00f3n que fue realizada en conjunto por el equipo de la Subsecretar\u00eda de APS, la Facultad de Medicina de la Universidad Nacional de Mar del Plata y la Facultad de Ciencias de la Salud de la UNICEN, lo cual muestra adem\u00e1s la importancia y los logros que permite la colaboraci\u00f3n interinstitucional.\u00a0<\/p>\n<\/blockquote>\n\n\n\n<p><\/p>\n\n\n\n<p><strong><em>\u201cEstamos muy felices, orgullosas, pero tambi\u00e9n renovadas y con ganas de seguir trabajando para potenciar lo que se inici\u00f3 y poder consolidar a\u00fan m\u00e1s nuestro proyecto de salud centrada en la comunidad\u201d,<\/em><\/strong> celebr\u00f3.<\/p>\n\n\n\n<p><\/p>\n\n\n\n<p>El evento acad\u00e9mico convoc\u00f3 a profesionales del primer nivel de atenci\u00f3n de todo el pa\u00eds, con <strong>m\u00e1s de 700 inscriptos y m\u00e1s de 1000 participantes.<\/strong> \u201cE<em>staba destinado obviamente a m\u00e9dicos generalistas, especialidades que trabajan en el primer nivel de atenci\u00f3n, como lo son enfermeros, trabajadores sociales, psic\u00f3logos, antrop\u00f3logos, promotores de salud y la comunidad en general\u201d,<\/em> explic\u00f3 la docente y funcionaria municipal.<\/p>\n\n\n\n<p><\/p>\n\n\n\n<blockquote class=\"wp-block-quote is-layout-flow wp-block-quote-is-layout-flow\">\n<p>\u201cSe llevaron a cabo adem\u00e1s muchas charlas vinculadas a salud mental comunitaria, a procesos de atenci\u00f3n, procesos de gesti\u00f3n en el primer nivel de atenci\u00f3n, procesos educativos en el primer nivel de atenci\u00f3n y cont\u00f3 oradores nacionales e internacionales de renombre\u201d agreg\u00f3.\u00a0<\/p>\n<\/blockquote>\n\n\n\n<p><\/p>\n\n\n\n<p>\u201c<em>Como profesional me llevo much\u00edsimos saberes, sobre todo el valor de la demanda comunitaria en la implementaci\u00f3n de las pol\u00edticas p\u00fablicas, el sentido de la escucha, de convocarnos en pos de pensar colectivamente las soluciones a los padecimientos que tiene la comunidad. Poner en di\u00e1logo nuestros saberes previos con los saberes que se est\u00e1n gestando, pero tambi\u00e9n con los saberes que trae la comunidad, permite generar estrategias, pol\u00edticas que mejoren la salud desde una perspectiva integral. Ese es el desaf\u00edo por delante\u201d<\/em>, concluy\u00f3.<\/p>\n\n\n\n<p><\/p>\n","protected":false},"excerpt":{"rendered":"<p>Fue distinguida por su trabajo \u201cMedicina General: brechas entre lo aprendido en la residencia y la pr\u00e1ctica posterior. An\u00e1lisis en<\/p>\n","protected":false},"author":6,"featured_media":190372,"comment_status":"closed","ping_status":"closed","sticky":false,"template":"","format":"standard","meta":{"_jetpack_memberships_contains_paid_content":false,"footnotes":""},"categories":[5,1],"tags":[],"class_list":["post-190369","post","type-post","status-publish","format-standard","has-post-thumbnail","hentry","category-informacion-general","category-portada"],"jetpack_featured_media_url":"https:\/\/i0.wp.com\/cdnoticias.com\/wp-content\/uploads\/2025\/12\/florencialestrada1.jpg?fit=900%2C551&ssl=1","jetpack_sharing_enabled":true,"_links":{"self":[{"href":"https:\/\/cdnoticias.com\/index.php\/wp-json\/wp\/v2\/posts\/190369","targetHints":{"allow":["GET"]}}],"collection":[{"href":"https:\/\/cdnoticias.com\/index.php\/wp-json\/wp\/v2\/posts"}],"about":[{"href":"https:\/\/cdnoticias.com\/index.php\/wp-json\/wp\/v2\/types\/post"}],"author":[{"embeddable":true,"href":"https:\/\/cdnoticias.com\/index.php\/wp-json\/wp\/v2\/users\/6"}],"replies":[{"embeddable":true,"href":"https:\/\/cdnoticias.com\/index.php\/wp-json\/wp\/v2\/comments?post=190369"}],"version-history":[{"count":0,"href":"https:\/\/cdnoticias.com\/index.php\/wp-json\/wp\/v2\/posts\/190369\/revisions"}],"wp:featuredmedia":[{"embeddable":true,"href":"https:\/\/cdnoticias.com\/index.php\/wp-json\/wp\/v2\/media\/190372"}],"wp:attachment":[{"href":"https:\/\/cdnoticias.com\/index.php\/wp-json\/wp\/v2\/media?parent=190369"}],"wp:term":[{"taxonomy":"category","embeddable":true,"href":"https:\/\/cdnoticias.com\/index.php\/wp-json\/wp\/v2\/categories?post=190369"},{"taxonomy":"post_tag","embeddable":true,"href":"https:\/\/cdnoticias.com\/index.php\/wp-json\/wp\/v2\/tags?post=190369"}],"curies":[{"name":"wp","href":"https:\/\/api.w.org\/{rel}","templated":true}]}}