{"id":190357,"date":"2025-12-13T09:47:59","date_gmt":"2025-12-13T12:47:59","guid":{"rendered":"https:\/\/cdnoticias.com\/?p=190357"},"modified":"2025-12-13T09:48:00","modified_gmt":"2025-12-13T12:48:00","slug":"norma-beatriz-moreno-viuda-de-freire-q-e-p-d","status":"publish","type":"post","link":"https:\/\/cdnoticias.com\/index.php\/2025\/12\/13\/norma-beatriz-moreno-viuda-de-freire-q-e-p-d\/","title":{"rendered":"Norma Beatriz Moreno viuda de Freire (Q.E.P.D.)"},"content":{"rendered":"\n<p>Falleci\u00f3 en Olavarr\u00eda el 12 de diciembre&nbsp; de 2025 a los 82 a\u00f1os.<\/p>\n\n\n\n<p>Sus hijos Lilia y Daniel. Sus nietos Geronimo y Ornela.&nbsp; Sus nietos pol\u00edticos Mat\u00edas y Maria. Sus bisnietos Bianca y Alba y dem\u00e1s deudos participan de su fallecimiento.<\/p>\n\n\n\n<p>Velatorio: Espa\u00f1a 2942, Departamento &#8220;B&#8221;. Se realizar\u00e1 \u00e9ste s\u00e1bado 13 de 8 a 14 horas. Responso: Capilla Ardiente. Cremaci\u00f3n: Crematorio Pinos de Paz, d\u00eda y hora a confirmar. Servicio adherido a Coopelectric.<\/p>\n\n\n\n<p>Barrio en el que viv\u00eda: Pueblo Nuevo.<\/p>\n\n\n\n<p>Lugar de nacimiento:&nbsp; Bol\u00edvar.<\/p>\n\n\n\n<p>Actividad que desarrollaba:&nbsp; Jubilada y Pensionada.<\/p>\n","protected":false},"excerpt":{"rendered":"<p>Falleci\u00f3 en Olavarr\u00eda el 12 de diciembre&nbsp; de 2025 a los 82 a\u00f1os. Sus hijos Lilia y Daniel. Sus nietos<\/p>\n","protected":false},"author":6,"featured_media":51544,"comment_status":"closed","ping_status":"closed","sticky":false,"template":"","format":"standard","meta":{"_jetpack_memberships_contains_paid_content":false,"footnotes":""},"categories":[10],"tags":[],"class_list":["post-190357","post","type-post","status-publish","format-standard","has-post-thumbnail","hentry","category-necrologicas"],"jetpack_featured_media_url":"https:\/\/i0.wp.com\/cdnoticias.com\/wp-content\/uploads\/2022\/04\/necrologicas-390-x-240.jpg?fit=390%2C240&ssl=1","jetpack_sharing_enabled":true,"_links":{"self":[{"href":"https:\/\/cdnoticias.com\/index.php\/wp-json\/wp\/v2\/posts\/190357","targetHints":{"allow":["GET"]}}],"collection":[{"href":"https:\/\/cdnoticias.com\/index.php\/wp-json\/wp\/v2\/posts"}],"about":[{"href":"https:\/\/cdnoticias.com\/index.php\/wp-json\/wp\/v2\/types\/post"}],"author":[{"embeddable":true,"href":"https:\/\/cdnoticias.com\/index.php\/wp-json\/wp\/v2\/users\/6"}],"replies":[{"embeddable":true,"href":"https:\/\/cdnoticias.com\/index.php\/wp-json\/wp\/v2\/comments?post=190357"}],"version-history":[{"count":0,"href":"https:\/\/cdnoticias.com\/index.php\/wp-json\/wp\/v2\/posts\/190357\/revisions"}],"wp:featuredmedia":[{"embeddable":true,"href":"https:\/\/cdnoticias.com\/index.php\/wp-json\/wp\/v2\/media\/51544"}],"wp:attachment":[{"href":"https:\/\/cdnoticias.com\/index.php\/wp-json\/wp\/v2\/media?parent=190357"}],"wp:term":[{"taxonomy":"category","embeddable":true,"href":"https:\/\/cdnoticias.com\/index.php\/wp-json\/wp\/v2\/categories?post=190357"},{"taxonomy":"post_tag","embeddable":true,"href":"https:\/\/cdnoticias.com\/index.php\/wp-json\/wp\/v2\/tags?post=190357"}],"curies":[{"name":"wp","href":"https:\/\/api.w.org\/{rel}","templated":true}]}}