{"id":19032,"date":"2021-04-16T11:42:43","date_gmt":"2021-04-16T14:42:43","guid":{"rendered":"http:\/\/www.centraldenoticias.com.ar\/?p=19032"},"modified":"2021-04-16T13:18:27","modified_gmt":"2021-04-16T16:18:27","slug":"hcd-en-la-primera-sesion-virtual-se-aprobaron-las-infracciones-en-la-pandemia","status":"publish","type":"post","link":"https:\/\/cdnoticias.com\/index.php\/2021\/04\/16\/hcd-en-la-primera-sesion-virtual-se-aprobaron-las-infracciones-en-la-pandemia\/","title":{"rendered":"HCD: en la primera sesi\u00f3n virtual se aprobaron las infracciones en la pandemia"},"content":{"rendered":"<p>Se celebr\u00f3 este viernes por la ma\u00f1ana. La votaci\u00f3n fue un\u00e1nime. \u201cEs una muestra de unidad en una situaci\u00f3n muy compleja que atravesamos\u201d destac\u00f3 el concejal Mart\u00edn Endere.<!--more--><\/p>\n<hr \/>\n<p><strong>El Concejo Deliberante aprob\u00f3 una nueva normativa que \u201cayuda a ordenar los comportamientos sociales\u201d<\/strong> en el marco de la pandemia, tal como la defini\u00f3 el <strong>concejal Mart\u00edn Endere, presidente del bloque Juntos por el Cambio<\/strong>, que impuls\u00f3 el proyecto.<\/p>\n<p>&nbsp;<\/p>\n<p>Fue en una sesi\u00f3n especial, celebrada en la ma\u00f1ana de este viernes y cuya convocatoria<a href=\"https:\/\/cdnoticias.com\/index.php\/2021\/04\/15\/sesion-especial-para-debatir-la-ordenanza-sobre-medidas-sanitarias-ante-la-pandemia\/\" target=\"_blank\" rel=\"noopener\"> se formaliz\u00f3 el jueves<\/a>, y que adem\u00e1s constituy\u00f3<strong> la primera en formato virtual para el legislativo de Olavarr\u00eda<\/strong>.<\/p>\n<p><img data-recalc-dims=\"1\" loading=\"lazy\" decoding=\"async\" class=\"aligncenter wp-image-19036 size-large\" src=\"https:\/\/i0.wp.com\/cdnoticias.com\/wp-content\/uploads\/2021\/04\/HCD-05-votacion.jpg?resize=800%2C445&#038;ssl=1\" alt=\"\" width=\"800\" height=\"445\" srcset=\"https:\/\/i0.wp.com\/cdnoticias.com\/wp-content\/uploads\/2021\/04\/HCD-05-votacion.jpg?resize=1024%2C570&amp;ssl=1 1024w, https:\/\/i0.wp.com\/cdnoticias.com\/wp-content\/uploads\/2021\/04\/HCD-05-votacion.jpg?resize=300%2C167&amp;ssl=1 300w, https:\/\/i0.wp.com\/cdnoticias.com\/wp-content\/uploads\/2021\/04\/HCD-05-votacion.jpg?resize=768%2C428&amp;ssl=1 768w, https:\/\/i0.wp.com\/cdnoticias.com\/wp-content\/uploads\/2021\/04\/HCD-05-votacion.jpg?resize=800%2C445&amp;ssl=1 800w, https:\/\/i0.wp.com\/cdnoticias.com\/wp-content\/uploads\/2021\/04\/HCD-05-votacion.jpg?w=1286&amp;ssl=1 1286w\" sizes=\"auto, (max-width: 800px) 100vw, 800px\" \/><\/p>\n<p>La ordenanza, que termin\u00f3 <strong>aprobada por unanimidad<\/strong>, establece las <strong>sanciones ante incumplimientos<\/strong> de las disposiciones previstas en el marco de la pandemia: <strong>el uso de barbijo, el aislamiento preventivo en caso de personas con s\u00edntomas o sus convivientes, los l\u00edmites para las reuniones sociales y las disposiciones para el funcionamiento comercial, de actividades deportivas y eventos culturales<\/strong>.<\/p>\n<p>&nbsp;<\/p>\n<blockquote><p>\u201cEstamos ante el peor momento desde el inicio de la pandemia\u201d subray\u00f3 el concejal Endere al tiempo que remarc\u00f3 que \u201cepidemiol\u00f3gicamente se determin\u00f3 que la mayor\u00eda de los contagios se dan en reuniones sociales\u201d.<\/p><\/blockquote>\n<p>&nbsp;<\/p>\n<p><img data-recalc-dims=\"1\" loading=\"lazy\" decoding=\"async\" class=\"aligncenter wp-image-19037 size-large\" src=\"https:\/\/i0.wp.com\/cdnoticias.com\/wp-content\/uploads\/2021\/04\/HCD-04-endere1-1024x570.jpg?resize=800%2C445&#038;ssl=1\" alt=\"\" width=\"800\" height=\"445\" srcset=\"https:\/\/i0.wp.com\/cdnoticias.com\/wp-content\/uploads\/2021\/04\/HCD-04-endere1.jpg?resize=1024%2C570&amp;ssl=1 1024w, https:\/\/i0.wp.com\/cdnoticias.com\/wp-content\/uploads\/2021\/04\/HCD-04-endere1.jpg?resize=300%2C167&amp;ssl=1 300w, https:\/\/i0.wp.com\/cdnoticias.com\/wp-content\/uploads\/2021\/04\/HCD-04-endere1.jpg?resize=768%2C427&amp;ssl=1 768w, https:\/\/i0.wp.com\/cdnoticias.com\/wp-content\/uploads\/2021\/04\/HCD-04-endere1.jpg?resize=800%2C445&amp;ssl=1 800w, https:\/\/i0.wp.com\/cdnoticias.com\/wp-content\/uploads\/2021\/04\/HCD-04-endere1.jpg?w=1280&amp;ssl=1 1280w\" sizes=\"auto, (max-width: 800px) 100vw, 800px\" \/><\/p>\n<p>&nbsp;<\/p>\n<p>Estuvo a cargo de la apertura de los discursos sobre el proyecto en debate. La primera parte del discurso la dedic\u00f3 a exponer la evoluci\u00f3n de la situaci\u00f3n sanitaria, del 27 de marzo a hoy con el crecimiento de casos y <strong>resalt\u00f3 la labor del personal de salud municipal<\/strong>. M\u00e1s adelante se refiri\u00f3 a la labor de los bloques en el Concejo para analizar el proyecto que propuso el oficialismo y se\u00f1al\u00f3 que <strong>\u201chemos podido consolidar los aportes de todos los bloques. Es una muestra de unidad en una situaci\u00f3n muy compleja que atravesamos\u201d<\/strong>.<\/p>\n<p>&nbsp;<\/p>\n<p>Hubo <strong>un peque\u00f1o debate acerca del proyecto<\/strong>, vinculado con la eliminaci\u00f3n de la \u201cautoridad de comprobaci\u00f3n\u201d prevista \u2013el Departamento Ejecutivo- que se zanj\u00f3 en el intercambio de posturas entre <strong>Germ\u00e1n Aramburu<\/strong> (Renovaci\u00f3n Peronista), <strong>Victoria De Bellis<\/strong> (Cuidemos Olavarr\u00eda) y <strong>Guillermina Amespil<\/strong> (Juntos por el Cambio). Finalmente no hubo modificaciones al proyecto.<\/p>\n<p>&nbsp;<\/p>\n<p>Tambi\u00e9n tomaron intervenci\u00f3n <strong>Guillermo Santell\u00e1n (Frente de Todos)<\/strong> quien hizo hincapi\u00e9 en \u201cla actitud de trabajar juntos para resolver de la mejor manera una situaci\u00f3n ex\u00f3gena a nuestra comprensi\u00f3n de la realidad\u201d.<\/p>\n<p><img data-recalc-dims=\"1\" loading=\"lazy\" decoding=\"async\" class=\"aligncenter wp-image-19038 size-large\" src=\"https:\/\/i0.wp.com\/cdnoticias.com\/wp-content\/uploads\/2021\/04\/HCD-06-Santellan-Landivar-2.jpg?resize=800%2C445&#038;ssl=1\" alt=\"\" width=\"800\" height=\"445\" srcset=\"https:\/\/i0.wp.com\/cdnoticias.com\/wp-content\/uploads\/2021\/04\/HCD-06-Santellan-Landivar-2.jpg?resize=1024%2C570&amp;ssl=1 1024w, https:\/\/i0.wp.com\/cdnoticias.com\/wp-content\/uploads\/2021\/04\/HCD-06-Santellan-Landivar-2.jpg?resize=300%2C167&amp;ssl=1 300w, https:\/\/i0.wp.com\/cdnoticias.com\/wp-content\/uploads\/2021\/04\/HCD-06-Santellan-Landivar-2.jpg?resize=768%2C427&amp;ssl=1 768w, https:\/\/i0.wp.com\/cdnoticias.com\/wp-content\/uploads\/2021\/04\/HCD-06-Santellan-Landivar-2.jpg?resize=800%2C445&amp;ssl=1 800w, https:\/\/i0.wp.com\/cdnoticias.com\/wp-content\/uploads\/2021\/04\/HCD-06-Santellan-Landivar-2.jpg?w=1080&amp;ssl=1 1080w\" sizes=\"auto, (max-width: 800px) 100vw, 800px\" \/><\/p>\n<p>&nbsp;<\/p>\n<p>\u201cDesde el primer d\u00eda hemos estado a disposici\u00f3n. <strong>Este tiene que ser un nuevo llamado hacia un trabajo introspectivo y tambi\u00e9n hacia buscar causes y caminos para resolver los problemas que plantea la pandemia<\/strong>\u201d dijo el presidente del interbloque Frente de Todos. A su vez, y en referencia a los datos de la pandemia, inform\u00f3 que al d\u00eda de hoy <strong>hay 12.184 personas vacunadas en Olavarr\u00eda<\/strong>.<\/p>\n<p>&nbsp;<\/p>\n<blockquote><p>Eduardo Rodr\u00edguez (Foro Olavarr\u00eda \u2013Frente de Todos) tambi\u00e9n destac\u00f3 la labor del personal de salud y expres\u00f3 \u201cojal\u00e1 los vecinos entiendan que con esta ordenanza tienen m\u00e1s razones para cumplir con las medidas que disponen el gobierno municipal, provincial y nacional\u201d.<\/p><\/blockquote>\n<p>&nbsp;<\/p>\n<p><img data-recalc-dims=\"1\" loading=\"lazy\" decoding=\"async\" class=\"aligncenter wp-image-19044 size-large\" src=\"https:\/\/i0.wp.com\/cdnoticias.com\/wp-content\/uploads\/2021\/04\/HCD-01-inicio.jpg?resize=800%2C445&#038;ssl=1\" alt=\"\" width=\"800\" height=\"445\" srcset=\"https:\/\/i0.wp.com\/cdnoticias.com\/wp-content\/uploads\/2021\/04\/HCD-01-inicio.jpg?resize=1024%2C569&amp;ssl=1 1024w, https:\/\/i0.wp.com\/cdnoticias.com\/wp-content\/uploads\/2021\/04\/HCD-01-inicio.jpg?resize=300%2C167&amp;ssl=1 300w, https:\/\/i0.wp.com\/cdnoticias.com\/wp-content\/uploads\/2021\/04\/HCD-01-inicio.jpg?resize=768%2C427&amp;ssl=1 768w, https:\/\/i0.wp.com\/cdnoticias.com\/wp-content\/uploads\/2021\/04\/HCD-01-inicio.jpg?resize=800%2C445&amp;ssl=1 800w, https:\/\/i0.wp.com\/cdnoticias.com\/wp-content\/uploads\/2021\/04\/HCD-01-inicio.jpg?w=2047&amp;ssl=1 2047w, https:\/\/i0.wp.com\/cdnoticias.com\/wp-content\/uploads\/2021\/04\/HCD-01-inicio.jpg?w=1600&amp;ssl=1 1600w\" sizes=\"auto, (max-width: 800px) 100vw, 800px\" \/><\/p>\n<p>En el cierre de las exposiciones, <strong>Juan S\u00e1nchez (Frente de Todos)<\/strong> avanz\u00f3 en cuestionamientos hacia la dirigencia nacional de Juntos por el Cambio.<\/p>\n<p>&nbsp;<\/p>\n<p>La sesi\u00f3n finaliz\u00f3 pasadas las 10 cuando se vot\u00f3 por unanimidad la ordenanza 4617\/21.<\/p>\n","protected":false},"excerpt":{"rendered":"<p>Se celebr\u00f3 este viernes por la ma\u00f1ana. La votaci\u00f3n fue un\u00e1nime. \u201cEs una muestra de unidad en una situaci\u00f3n muy<\/p>\n","protected":false},"author":4,"featured_media":19035,"comment_status":"closed","ping_status":"closed","sticky":false,"template":"","format":"standard","meta":{"_jetpack_memberships_contains_paid_content":false,"footnotes":""},"categories":[4,1],"tags":[],"class_list":["post-19032","post","type-post","status-publish","format-standard","has-post-thumbnail","hentry","category-politica","category-portada"],"jetpack_featured_media_url":"https:\/\/i0.wp.com\/cdnoticias.com\/wp-content\/uploads\/2021\/04\/HCD-02-inicio.jpg?fit=2047%2C1139&ssl=1","jetpack_sharing_enabled":true,"_links":{"self":[{"href":"https:\/\/cdnoticias.com\/index.php\/wp-json\/wp\/v2\/posts\/19032","targetHints":{"allow":["GET"]}}],"collection":[{"href":"https:\/\/cdnoticias.com\/index.php\/wp-json\/wp\/v2\/posts"}],"about":[{"href":"https:\/\/cdnoticias.com\/index.php\/wp-json\/wp\/v2\/types\/post"}],"author":[{"embeddable":true,"href":"https:\/\/cdnoticias.com\/index.php\/wp-json\/wp\/v2\/users\/4"}],"replies":[{"embeddable":true,"href":"https:\/\/cdnoticias.com\/index.php\/wp-json\/wp\/v2\/comments?post=19032"}],"version-history":[{"count":0,"href":"https:\/\/cdnoticias.com\/index.php\/wp-json\/wp\/v2\/posts\/19032\/revisions"}],"wp:featuredmedia":[{"embeddable":true,"href":"https:\/\/cdnoticias.com\/index.php\/wp-json\/wp\/v2\/media\/19035"}],"wp:attachment":[{"href":"https:\/\/cdnoticias.com\/index.php\/wp-json\/wp\/v2\/media?parent=19032"}],"wp:term":[{"taxonomy":"category","embeddable":true,"href":"https:\/\/cdnoticias.com\/index.php\/wp-json\/wp\/v2\/categories?post=19032"},{"taxonomy":"post_tag","embeddable":true,"href":"https:\/\/cdnoticias.com\/index.php\/wp-json\/wp\/v2\/tags?post=19032"}],"curies":[{"name":"wp","href":"https:\/\/api.w.org\/{rel}","templated":true}]}}