{"id":19030,"date":"2021-04-16T10:30:16","date_gmt":"2021-04-16T13:30:16","guid":{"rendered":"http:\/\/www.centraldenoticias.com.ar\/?p=19030"},"modified":"2021-04-16T10:30:16","modified_gmt":"2021-04-16T13:30:16","slug":"ruben-omar-messineo-pochi-q-e-p-d","status":"publish","type":"post","link":"https:\/\/cdnoticias.com\/index.php\/2021\/04\/16\/ruben-omar-messineo-pochi-q-e-p-d\/","title":{"rendered":"Rub\u00e9n Omar Messineo &#8220;Pochi&#8221; (Q.E.P.D.)"},"content":{"rendered":"<p>Falleci\u00f3 en Olavarr\u00eda el d\u00eda 15 de abril de 2021 a los 76 a\u00f1os de edad. Sus hijos. Sus nietos. Sus hermanos Graciela y Roberto Messineo. Sus hermanos pol\u00edticos Omar Arauz y Rosa Urrutia. Sus sobrinos Alejandra y Claudia Arauz; Mariano y Gabriel Messineo. Sus sobrinos pol\u00edticos y dem\u00e1s deudos participan su fallecimiento.<\/p>\n<p>&nbsp;<\/p>\n<p>Velatorio: Espa\u00f1a 2942 departamento &#8220;D&#8221;. Responso: Capilla Ardiente. Inhumaci\u00f3n: Cementerio Loma de Paz, viernes 16 de abril a las 10:30 horas. Servicio adherido a Coopelectric.<\/p>\n<p>&nbsp;<\/p>\n<p>Vecino de Villa Floresta.<\/p>\n<p>&nbsp;<\/p>\n<p>Nacido en Olavarr\u00eda.<\/p>\n<p>&nbsp;<\/p>\n<p>Actividad que desarrollaba: Jubilado. M\u00fasico durante 35 a\u00f1os de la Orquesta &#8220;Las 5 estrellas&#8221; y el Cuarteto Municipal.<\/p>\n","protected":false},"excerpt":{"rendered":"<p>Falleci\u00f3 en Olavarr\u00eda el d\u00eda 15 de abril de 2021 a los 76 a\u00f1os de edad. Sus hijos. Sus nietos.<\/p>\n","protected":false},"author":4,"featured_media":0,"comment_status":"closed","ping_status":"closed","sticky":false,"template":"","format":"standard","meta":{"_jetpack_memberships_contains_paid_content":false,"footnotes":""},"categories":[10],"tags":[],"class_list":["post-19030","post","type-post","status-publish","format-standard","hentry","category-necrologicas"],"jetpack_featured_media_url":"","jetpack_sharing_enabled":true,"_links":{"self":[{"href":"https:\/\/cdnoticias.com\/index.php\/wp-json\/wp\/v2\/posts\/19030","targetHints":{"allow":["GET"]}}],"collection":[{"href":"https:\/\/cdnoticias.com\/index.php\/wp-json\/wp\/v2\/posts"}],"about":[{"href":"https:\/\/cdnoticias.com\/index.php\/wp-json\/wp\/v2\/types\/post"}],"author":[{"embeddable":true,"href":"https:\/\/cdnoticias.com\/index.php\/wp-json\/wp\/v2\/users\/4"}],"replies":[{"embeddable":true,"href":"https:\/\/cdnoticias.com\/index.php\/wp-json\/wp\/v2\/comments?post=19030"}],"version-history":[{"count":0,"href":"https:\/\/cdnoticias.com\/index.php\/wp-json\/wp\/v2\/posts\/19030\/revisions"}],"wp:attachment":[{"href":"https:\/\/cdnoticias.com\/index.php\/wp-json\/wp\/v2\/media?parent=19030"}],"wp:term":[{"taxonomy":"category","embeddable":true,"href":"https:\/\/cdnoticias.com\/index.php\/wp-json\/wp\/v2\/categories?post=19030"},{"taxonomy":"post_tag","embeddable":true,"href":"https:\/\/cdnoticias.com\/index.php\/wp-json\/wp\/v2\/tags?post=19030"}],"curies":[{"name":"wp","href":"https:\/\/api.w.org\/{rel}","templated":true}]}}