{"id":1903,"date":"2020-09-19T11:12:17","date_gmt":"2020-09-19T14:12:17","guid":{"rendered":"http:\/\/www.centraldenoticias.com.ar\/?p=1903"},"modified":"2020-09-19T11:12:17","modified_gmt":"2020-09-19T14:12:17","slug":"encuentran-en-un-patrullero-un-objeto-de-facundo-astudillo-castro","status":"publish","type":"post","link":"https:\/\/cdnoticias.com\/index.php\/2020\/09\/19\/encuentran-en-un-patrullero-un-objeto-de-facundo-astudillo-castro\/","title":{"rendered":"Encuentran en un patrullero un objeto de Facundo Astudillo Castro"},"content":{"rendered":"<p>Un perro rastreador del perito de la querella encontr\u00f3 una piedra turmalina que Facundo llevaba como colgante el d\u00eda de su desaparici\u00f3n en el ba\u00fal del m\u00f3vil policial que merode\u00f3 la zona donde semanas despu\u00e9s fue encontrado el cuerpo del joven.<!--more--><\/p>\n<hr \/>\n<p><strong>Un perro rastreador hall\u00f3 un objeto que pertenecer\u00eda a Facundo Astudillo Castro en el patrullero de la Polic\u00eda bonaerense cuyo sistema de GPS lo ubic\u00f3 a 800 metros del lugar donde se encontr\u00f3 el cuerpo del joven<\/strong> tan solo 9 d\u00edas despu\u00e9s de su desaparici\u00f3n.<\/p>\n<p>&nbsp;<\/p>\n<p>Se trata de una <strong>piedra turmalina que Facundo llevaba como colgante el d\u00eda de su desaparici\u00f3n.<\/strong> El hallazgo fue producido por el perro \u201cYatel\u201d del perito de la querella, Marcos Herrera, en el ba\u00fal del patrullero Toyota Etios de la Polic\u00eda Local de Bah\u00eda Blanca, secuestrado por la Justicia Federal luego de que la auditor\u00eda de Asuntos Internos le entregara un informe que ubicaba el m\u00f3vil muy cerca de la escena del hallazgo del cad\u00e1ver, lejos de la zona que deb\u00eda patrullar.<\/p>\n<p>&nbsp;<\/p>\n<p><strong>El patrullero donde se encontr\u00f3 el adorno hab\u00eda sido secuestrado el 25 de agosto pasado y pertenece a la Polic\u00eda Local de Bah\u00eda Blanca.<\/strong> El informe de Asuntos Internos determin\u00f3 que el 8 de mayo (9 d\u00edas despu\u00e9s de la desaparici\u00f3n de Facundo) el m\u00f3vil estuvo parado m\u00e1s de media hora a 800 metros del lugar donde fue hallado el cuerpo del joven, muy lejos de su zona de patrullaje.<\/p>\n<p>&nbsp;<\/p>\n<p>Recientemente el fiscal federal Santiago Ulpiano Mart\u00ednez recibi\u00f3 los resultados de un peritaje tecnol\u00f3gico que determin\u00f3 que <strong>el geolocalizador de ese patrullero funcionaba normalmente,<\/strong> ya que hab\u00eda dudas sobre algunos datos que marcaba el aparato.<\/p>\n","protected":false},"excerpt":{"rendered":"<p>Un perro rastreador del perito de la querella encontr\u00f3 una piedra turmalina que Facundo llevaba como colgante el d\u00eda de<\/p>\n","protected":false},"author":2,"featured_media":1904,"comment_status":"closed","ping_status":"closed","sticky":false,"template":"","format":"standard","meta":{"_jetpack_memberships_contains_paid_content":false,"footnotes":""},"categories":[6,1],"tags":[],"class_list":["post-1903","post","type-post","status-publish","format-standard","has-post-thumbnail","hentry","category-nacionales","category-portada"],"jetpack_featured_media_url":"https:\/\/i0.wp.com\/cdnoticias.com\/wp-content\/uploads\/2020\/09\/patrullero-facundo-astudillo-castro.jpg?fit=1456%2C819&ssl=1","jetpack_sharing_enabled":true,"_links":{"self":[{"href":"https:\/\/cdnoticias.com\/index.php\/wp-json\/wp\/v2\/posts\/1903","targetHints":{"allow":["GET"]}}],"collection":[{"href":"https:\/\/cdnoticias.com\/index.php\/wp-json\/wp\/v2\/posts"}],"about":[{"href":"https:\/\/cdnoticias.com\/index.php\/wp-json\/wp\/v2\/types\/post"}],"author":[{"embeddable":true,"href":"https:\/\/cdnoticias.com\/index.php\/wp-json\/wp\/v2\/users\/2"}],"replies":[{"embeddable":true,"href":"https:\/\/cdnoticias.com\/index.php\/wp-json\/wp\/v2\/comments?post=1903"}],"version-history":[{"count":0,"href":"https:\/\/cdnoticias.com\/index.php\/wp-json\/wp\/v2\/posts\/1903\/revisions"}],"wp:featuredmedia":[{"embeddable":true,"href":"https:\/\/cdnoticias.com\/index.php\/wp-json\/wp\/v2\/media\/1904"}],"wp:attachment":[{"href":"https:\/\/cdnoticias.com\/index.php\/wp-json\/wp\/v2\/media?parent=1903"}],"wp:term":[{"taxonomy":"category","embeddable":true,"href":"https:\/\/cdnoticias.com\/index.php\/wp-json\/wp\/v2\/categories?post=1903"},{"taxonomy":"post_tag","embeddable":true,"href":"https:\/\/cdnoticias.com\/index.php\/wp-json\/wp\/v2\/tags?post=1903"}],"curies":[{"name":"wp","href":"https:\/\/api.w.org\/{rel}","templated":true}]}}