{"id":190249,"date":"2025-12-11T20:33:42","date_gmt":"2025-12-11T23:33:42","guid":{"rendered":"https:\/\/cdnoticias.com\/?p=190249"},"modified":"2025-12-12T08:47:37","modified_gmt":"2025-12-12T11:47:37","slug":"la-provincia-anuncio-una-inversion-de-3-000-millones-para-proyectos-de-investigacion-cientifica-y-tecnologica","status":"publish","type":"post","link":"https:\/\/cdnoticias.com\/index.php\/2025\/12\/11\/la-provincia-anuncio-una-inversion-de-3-000-millones-para-proyectos-de-investigacion-cientifica-y-tecnologica\/","title":{"rendered":"La Provincia anunci\u00f3 una inversi\u00f3n de $3.000 millones para proyectos de investigaci\u00f3n cient\u00edfica y tecnol\u00f3gica"},"content":{"rendered":"\n<p>La medida se enmarca en la 4\u00b0 convocatoria del FITBA y alcanzar\u00e1 a 98 proyectos de instituciones bonaerenses.<\/p>\n\n\n\n<hr class=\"wp-block-separator aligncenter has-alpha-channel-opacity\"\/>\n\n\n\n<p><strong>La Provincia invertir\u00e1 $3.000 millones para financiar proyectos de investigaci\u00f3n cient\u00edfica y tecnol\u00f3gica en el marco de la 4\u00b0 convocatoria del Fondo de Innovaci\u00f3n Tecnol\u00f3gica de Buenos Aires. <\/strong>El anuncio fue realizado por el gobernador Axel Kicillof junto al ministro de Producci\u00f3n, Ciencia e Innovaci\u00f3n Tecnol\u00f3gica, Augusto Costa, los subsecretarios Gast\u00f3n Ghioni y Federico Ag\u00fcero, y el presidente de la Comisi\u00f3n de Investigaciones Cient\u00edficas, Roberto Salvarezza.<\/p>\n\n\n\n<p>Durante el encuentro en el Sal\u00f3n Dorado de la Casa de Gobierno, Kicillof se\u00f1al\u00f3 que<em><strong> \u201cmientras a nivel nacional asistimos a un proceso de destrucci\u00f3n sistem\u00e1tico de nuestro sistema universitario, cient\u00edfico y tecnol\u00f3gico, en la provincia de Buenos Aires estamos convencidos de que hay que redoblar los esfuerzos: invertimos porque sabemos que sin investigaci\u00f3n no hay posibilidades de desarrollo\u201d.<\/strong><\/em> A\u00f1adi\u00f3 que en pa\u00edses en v\u00edas de desarrollo la inversi\u00f3n en ciencia y tecnolog\u00eda es impulsada por el Estado y remarc\u00f3 que el sector atraviesa una situaci\u00f3n de emergencia por el ajuste presupuestario y el vaciamiento de instituciones cient\u00edficas.<\/p>\n\n\n\n<figure class=\"wp-block-image size-large\"><img data-recalc-dims=\"1\" loading=\"lazy\" decoding=\"async\" width=\"800\" height=\"534\" src=\"https:\/\/i0.wp.com\/cdnoticias.com\/wp-content\/uploads\/2025\/12\/2025_12_11-AK-FITBA-85.jpg?resize=800%2C534&#038;ssl=1\" alt=\"\" class=\"wp-image-190251\" srcset=\"https:\/\/i0.wp.com\/cdnoticias.com\/wp-content\/uploads\/2025\/12\/2025_12_11-AK-FITBA-85-scaled.jpg?resize=1024%2C683&amp;ssl=1 1024w, https:\/\/i0.wp.com\/cdnoticias.com\/wp-content\/uploads\/2025\/12\/2025_12_11-AK-FITBA-85-scaled.jpg?resize=300%2C200&amp;ssl=1 300w, https:\/\/i0.wp.com\/cdnoticias.com\/wp-content\/uploads\/2025\/12\/2025_12_11-AK-FITBA-85-scaled.jpg?resize=768%2C512&amp;ssl=1 768w, https:\/\/i0.wp.com\/cdnoticias.com\/wp-content\/uploads\/2025\/12\/2025_12_11-AK-FITBA-85-scaled.jpg?resize=1536%2C1024&amp;ssl=1 1536w, https:\/\/i0.wp.com\/cdnoticias.com\/wp-content\/uploads\/2025\/12\/2025_12_11-AK-FITBA-85-scaled.jpg?resize=2048%2C1365&amp;ssl=1 2048w, https:\/\/i0.wp.com\/cdnoticias.com\/wp-content\/uploads\/2025\/12\/2025_12_11-AK-FITBA-85-scaled.jpg?resize=272%2C182&amp;ssl=1 272w, https:\/\/i0.wp.com\/cdnoticias.com\/wp-content\/uploads\/2025\/12\/2025_12_11-AK-FITBA-85-scaled.jpg?w=1600&amp;ssl=1 1600w, https:\/\/i0.wp.com\/cdnoticias.com\/wp-content\/uploads\/2025\/12\/2025_12_11-AK-FITBA-85-scaled.jpg?w=2400&amp;ssl=1 2400w\" sizes=\"auto, (max-width: 800px) 100vw, 800px\" \/><\/figure>\n\n\n\n<blockquote class=\"wp-block-quote is-layout-flow wp-block-quote-is-layout-flow\">\n<p>En esta edici\u00f3n se financiar\u00e1n, a trav\u00e9s del Consejo Federal de Inversiones, 98 proyectos de instituciones de ciencia y tecnolog\u00eda de la provincia. Tendr\u00e1n impacto en pymes, cooperativas industriales y municipios, e involucrar\u00e1n a m\u00e1s de 900 investigadores. Desde 2024, la convocatoria se transform\u00f3 en la principal pol\u00edtica p\u00fablica de financiamiento cient\u00edfico del pa\u00eds.<\/p>\n<\/blockquote>\n\n\n\n<p>Costa destac\u00f3 que la herramienta permiti\u00f3 acompa\u00f1ar al sistema cient\u00edfico-tecnol\u00f3gico con soluciones innovadoras destinadas a pymes y cooperativas y orientadas a problem\u00e1ticas de inter\u00e9s provincial. En esa l\u00ednea,<strong> la Comisi\u00f3n de Investigaciones Cient\u00edficas y el Programa Provincial de Incentivos a la Generaci\u00f3n de Energ\u00eda Distribuida presentaron los nueve trabajos seleccionados en la convocatoria \u201cProyectos de Desarrollo e Innovaci\u00f3n Tecnol\u00f3gica: 2025 Ciencia y Tecnolog\u00eda en Energ\u00edas Bonaerenses\u201d, enfocados en energ\u00edas renovables, solar y e\u00f3lica.<\/strong><\/p>\n\n\n\n<figure class=\"wp-block-image size-large\"><img data-recalc-dims=\"1\" loading=\"lazy\" decoding=\"async\" width=\"800\" height=\"534\" src=\"https:\/\/i0.wp.com\/cdnoticias.com\/wp-content\/uploads\/2025\/12\/2025_12_11-AK-FITBA-78.jpg?resize=800%2C534&#038;ssl=1\" alt=\"\" class=\"wp-image-190250\" srcset=\"https:\/\/i0.wp.com\/cdnoticias.com\/wp-content\/uploads\/2025\/12\/2025_12_11-AK-FITBA-78-scaled.jpg?resize=1024%2C683&amp;ssl=1 1024w, https:\/\/i0.wp.com\/cdnoticias.com\/wp-content\/uploads\/2025\/12\/2025_12_11-AK-FITBA-78-scaled.jpg?resize=300%2C200&amp;ssl=1 300w, https:\/\/i0.wp.com\/cdnoticias.com\/wp-content\/uploads\/2025\/12\/2025_12_11-AK-FITBA-78-scaled.jpg?resize=768%2C512&amp;ssl=1 768w, https:\/\/i0.wp.com\/cdnoticias.com\/wp-content\/uploads\/2025\/12\/2025_12_11-AK-FITBA-78-scaled.jpg?resize=1536%2C1024&amp;ssl=1 1536w, https:\/\/i0.wp.com\/cdnoticias.com\/wp-content\/uploads\/2025\/12\/2025_12_11-AK-FITBA-78-scaled.jpg?resize=2048%2C1365&amp;ssl=1 2048w, https:\/\/i0.wp.com\/cdnoticias.com\/wp-content\/uploads\/2025\/12\/2025_12_11-AK-FITBA-78-scaled.jpg?resize=272%2C182&amp;ssl=1 272w, https:\/\/i0.wp.com\/cdnoticias.com\/wp-content\/uploads\/2025\/12\/2025_12_11-AK-FITBA-78-scaled.jpg?w=1600&amp;ssl=1 1600w, https:\/\/i0.wp.com\/cdnoticias.com\/wp-content\/uploads\/2025\/12\/2025_12_11-AK-FITBA-78-scaled.jpg?w=2400&amp;ssl=1 2400w\" sizes=\"auto, (max-width: 800px) 100vw, 800px\" \/><\/figure>\n\n\n\n<p><strong>Salvarezza subray\u00f3 que el sistema cient\u00edfico es una prioridad para la Provincia y que, en un contexto de transformaci\u00f3n energ\u00e9tica, este tipo de proyectos resulta fundamental. <\/strong>Ghioni agreg\u00f3 que se est\u00e1n financiando nueve iniciativas por $400 millones para profundizar el abordaje del sector energ\u00e9tico y fortalecer las cadenas productivas en el marco de la transici\u00f3n energ\u00e9tica.<\/p>\n\n\n\n<p>Por \u00faltimo, <strong>Kicillof sostuvo que la Provincia sigue adelante con un programa distinto al del Gobierno nacional, impulsando acciones articuladas con municipios, universidades y el sector productivo<\/strong>. Indic\u00f3 que estas pol\u00edticas son importantes para el bienestar de las pr\u00f3ximas generaciones y afirm\u00f3 que el gobierno bonaerense continuar\u00e1 invirtiendo en apoyo del sistema cient\u00edfico y tecnol\u00f3gico.<\/p>\n\n\n\n<p>Del anuncio participaron <strong>ministros provinciales, funcionarios, representantes del sistema cient\u00edfico y universitario, intendentes y legisladores.<\/strong><\/p>\n","protected":false},"excerpt":{"rendered":"<p>La medida se enmarca en la 4\u00b0 convocatoria del FITBA y alcanzar\u00e1 a 98 proyectos de instituciones bonaerenses. La Provincia<\/p>\n","protected":false},"author":2,"featured_media":190252,"comment_status":"closed","ping_status":"closed","sticky":false,"template":"","format":"standard","meta":{"_jetpack_memberships_contains_paid_content":false,"footnotes":""},"categories":[6,1],"tags":[],"class_list":["post-190249","post","type-post","status-publish","format-standard","has-post-thumbnail","hentry","category-nacionales","category-portada"],"jetpack_featured_media_url":"https:\/\/i0.wp.com\/cdnoticias.com\/wp-content\/uploads\/2025\/12\/2025_12_11-AK-FITBA-65-scaled.jpg?fit=2560%2C1707&ssl=1","jetpack_sharing_enabled":true,"_links":{"self":[{"href":"https:\/\/cdnoticias.com\/index.php\/wp-json\/wp\/v2\/posts\/190249","targetHints":{"allow":["GET"]}}],"collection":[{"href":"https:\/\/cdnoticias.com\/index.php\/wp-json\/wp\/v2\/posts"}],"about":[{"href":"https:\/\/cdnoticias.com\/index.php\/wp-json\/wp\/v2\/types\/post"}],"author":[{"embeddable":true,"href":"https:\/\/cdnoticias.com\/index.php\/wp-json\/wp\/v2\/users\/2"}],"replies":[{"embeddable":true,"href":"https:\/\/cdnoticias.com\/index.php\/wp-json\/wp\/v2\/comments?post=190249"}],"version-history":[{"count":0,"href":"https:\/\/cdnoticias.com\/index.php\/wp-json\/wp\/v2\/posts\/190249\/revisions"}],"wp:featuredmedia":[{"embeddable":true,"href":"https:\/\/cdnoticias.com\/index.php\/wp-json\/wp\/v2\/media\/190252"}],"wp:attachment":[{"href":"https:\/\/cdnoticias.com\/index.php\/wp-json\/wp\/v2\/media?parent=190249"}],"wp:term":[{"taxonomy":"category","embeddable":true,"href":"https:\/\/cdnoticias.com\/index.php\/wp-json\/wp\/v2\/categories?post=190249"},{"taxonomy":"post_tag","embeddable":true,"href":"https:\/\/cdnoticias.com\/index.php\/wp-json\/wp\/v2\/tags?post=190249"}],"curies":[{"name":"wp","href":"https:\/\/api.w.org\/{rel}","templated":true}]}}