{"id":190227,"date":"2025-12-11T18:02:04","date_gmt":"2025-12-11T21:02:04","guid":{"rendered":"https:\/\/cdnoticias.com\/?p=190227"},"modified":"2025-12-11T20:34:09","modified_gmt":"2025-12-11T23:34:09","slug":"la-inflacion-de-noviembre-fue-del-25-y-alcanzo-279-en-los-primeros-once-meses-del-ano","status":"publish","type":"post","link":"https:\/\/cdnoticias.com\/index.php\/2025\/12\/11\/la-inflacion-de-noviembre-fue-del-25-y-alcanzo-279-en-los-primeros-once-meses-del-ano\/","title":{"rendered":"La inflaci\u00f3n de noviembre fue del 2,5% y alcanz\u00f3 27,9% en los primeros once meses del a\u00f1o"},"content":{"rendered":"\n<p>El Indec inform\u00f3 que el \u00edndice mensual registr\u00f3 la suba m\u00e1s alta desde abril. La variaci\u00f3n interanual lleg\u00f3 a 31,4%.<\/p>\n\n\n\n<hr class=\"wp-block-separator aligncenter has-alpha-channel-opacity\"\/>\n\n\n\n<p><strong>La inflaci\u00f3n de noviembre fue del 2,5% a nivel nacional, seg\u00fan inform\u00f3 el Instituto Nacional de Estad\u00edstica y Censos. <\/strong>El \u00cdndice de Precios al Consumidor acumulado en los primeros once meses del a\u00f1o alcanz\u00f3 27,9%, mientras que la variaci\u00f3n interanual se ubic\u00f3 en 31,4%. <\/p>\n\n\n\n<p><\/p>\n\n\n\n<blockquote class=\"wp-block-quote is-layout-flow wp-block-quote-is-layout-flow\">\n<p>El registro de noviembre fue la mayor suba desde abril, cuando el \u00edndice lleg\u00f3 a 2,8%, despu\u00e9s del pico de 3,7% de marzo. Desde entonces, el n\u00famero m\u00e1s bajo fue el 1,5% de mayo, seguido por variaciones de 1,6% en junio; 1,9% en julio y agosto; 2,1% en septiembre y 2,3% en octubre.<\/p>\n<\/blockquote>\n\n\n\n<p><\/p>\n\n\n\n<p>En sus redes sociales, el ministro de Econom\u00eda, Luis Caputo, destac\u00f3 que \u201ca casi dos a\u00f1os de gesti\u00f3n, y partiendo de un 25,5% mensual en diciembre de 2023, la inflaci\u00f3n se redujo a los menores niveles en ocho a\u00f1os\u201d. Sostuvo que el orden fiscal y monetario permiti\u00f3<em> \u201cmitigar el impacto de la ca\u00edda en la demanda de dinero en los meses preelectorales y sostener el crecimiento econ\u00f3mico, con una suba de 1,4% del EMAE entre julio y septiembre\u201d.<\/em><\/p>\n\n\n\n<p><\/p>\n\n\n\n<blockquote class=\"wp-block-quote is-layout-flow wp-block-quote-is-layout-flow\">\n<p>La divisi\u00f3n con mayor incremento en noviembre fue \u201cVivienda, agua, electricidad, gas y otros combustibles\u201d, con un avance de 3,4%. Le sigui\u00f3 \u201cTransporte\u201d, con una suba de 3%, impulsada por aumentos en combustibles, funcionamiento de veh\u00edculos y, en algunas regiones, en el transporte p\u00fablico. Las menores variaciones correspondieron a \u201cEquipamiento y mantenimiento del hogar\u201d, con una suba de 1,1%, y \u201cPrendas de vestir y calzado\u201d, con 0,5%.<\/p>\n<\/blockquote>\n\n\n\n<p><\/p>\n\n\n\n<p><strong><em>\u201cAlimentos y bebidas no alcoh\u00f3licas\u201d<\/em>, la divisi\u00f3n de mayor incidencia en todas las regiones, registr\u00f3 una suba de 2,8% a nivel nacional<\/strong>. Se destacaron aumentos en carnes y derivados, con variaciones superiores al 6% en la mayor\u00eda de las regiones, y en frutas, que marcaron incrementos de entre 7% y 13%, seg\u00fan el \u00e1rea geogr\u00e1fica. En contraste, el rubro verduras, tub\u00e9rculos y legumbres mostraron ca\u00eddas en varias zonas del pa\u00eds.<\/p>\n\n\n\n<p><\/p>\n\n\n\n<p>Los precios regulados encabezaron las subas del mes con una variaci\u00f3n de 2,9%, impulsada por ajustes en servicios p\u00fablicos y educaci\u00f3n formal. <strong>El IPC N\u00facleo avanz\u00f3 2,6%, mientras que los estacionales registraron un aumento de 0,4%. En el an\u00e1lisis por tipo de bienes y servicios, los bienes aumentaron 2,3% en noviembre y los servicios 2,9%, una diferencia que se sostuvo durante el a\u00f1o.<\/strong><\/p>\n","protected":false},"excerpt":{"rendered":"<p>El Indec inform\u00f3 que el \u00edndice mensual registr\u00f3 la suba m\u00e1s alta desde abril. La variaci\u00f3n interanual lleg\u00f3 a 31,4%.<\/p>\n","protected":false},"author":2,"featured_media":179951,"comment_status":"closed","ping_status":"closed","sticky":false,"template":"","format":"standard","meta":{"_jetpack_memberships_contains_paid_content":false,"footnotes":""},"categories":[6,1],"tags":[],"class_list":["post-190227","post","type-post","status-publish","format-standard","has-post-thumbnail","hentry","category-nacionales","category-portada"],"jetpack_featured_media_url":"https:\/\/i0.wp.com\/cdnoticias.com\/wp-content\/uploads\/2025\/08\/mayorista-e1755641480838.jpg?fit=2200%2C1060&ssl=1","jetpack_sharing_enabled":true,"_links":{"self":[{"href":"https:\/\/cdnoticias.com\/index.php\/wp-json\/wp\/v2\/posts\/190227","targetHints":{"allow":["GET"]}}],"collection":[{"href":"https:\/\/cdnoticias.com\/index.php\/wp-json\/wp\/v2\/posts"}],"about":[{"href":"https:\/\/cdnoticias.com\/index.php\/wp-json\/wp\/v2\/types\/post"}],"author":[{"embeddable":true,"href":"https:\/\/cdnoticias.com\/index.php\/wp-json\/wp\/v2\/users\/2"}],"replies":[{"embeddable":true,"href":"https:\/\/cdnoticias.com\/index.php\/wp-json\/wp\/v2\/comments?post=190227"}],"version-history":[{"count":0,"href":"https:\/\/cdnoticias.com\/index.php\/wp-json\/wp\/v2\/posts\/190227\/revisions"}],"wp:featuredmedia":[{"embeddable":true,"href":"https:\/\/cdnoticias.com\/index.php\/wp-json\/wp\/v2\/media\/179951"}],"wp:attachment":[{"href":"https:\/\/cdnoticias.com\/index.php\/wp-json\/wp\/v2\/media?parent=190227"}],"wp:term":[{"taxonomy":"category","embeddable":true,"href":"https:\/\/cdnoticias.com\/index.php\/wp-json\/wp\/v2\/categories?post=190227"},{"taxonomy":"post_tag","embeddable":true,"href":"https:\/\/cdnoticias.com\/index.php\/wp-json\/wp\/v2\/tags?post=190227"}],"curies":[{"name":"wp","href":"https:\/\/api.w.org\/{rel}","templated":true}]}}