{"id":19020,"date":"2021-04-16T08:34:47","date_gmt":"2021-04-16T11:34:47","guid":{"rendered":"http:\/\/www.centraldenoticias.com.ar\/?p=19020"},"modified":"2021-04-16T11:40:28","modified_gmt":"2021-04-16T14:40:28","slug":"unicen-pospuso-la-eleccion-de-rector-para-fines-de-mayo","status":"publish","type":"post","link":"https:\/\/cdnoticias.com\/index.php\/2021\/04\/16\/unicen-pospuso-la-eleccion-de-rector-para-fines-de-mayo\/","title":{"rendered":"Unicen pospuso la elecci\u00f3n de rector para fines de mayo"},"content":{"rendered":"<p>A su vez, se defini\u00f3 que la Asamblea Universitaria que definir\u00e1 la conducci\u00f3n se concretar\u00e1 en formato virtual. Se tuvo en cuenta la situaci\u00f3n sanitaria.<\/p>\n<p><!--more--><\/p>\n<hr \/>\n<p><strong>La Universidad Nacional del Centro de la Provincia de Buenos Aires llev\u00f3 a cabo la reuni\u00f3n extraordinaria de Consejo Superior<\/strong> con el prop\u00f3sito de analizar la factibilidad de concretar, el pr\u00f3ximo lunes, la Asamblea Universitaria convocada para <strong>elegir rector y vicerrector.<\/strong><\/p>\n<p>&nbsp;<\/p>\n<p>La reuni\u00f3n se concret\u00f3 este jueves. <strong>La decisi\u00f3n fue reprogramar el acto eleccionario<\/strong>.<\/p>\n<p>&nbsp;<\/p>\n<p>Se record\u00f3 que al momento de decidir la convocatoria, el Consejo Superior dej\u00f3 constancia que <strong>\u201cquedaba supeditada a la evoluci\u00f3n de la situaci\u00f3n sanitaria en la regi\u00f3n en relaci\u00f3n a Covid-19\u201d<\/strong>. Se tom\u00f3 en cuenta que<strong> el panorama \u201cse ha ido agravando de manera alarmante en los \u00faltimos d\u00edas<\/strong>, raz\u00f3n por la cual el Comit\u00e9 de Emergencia de la UNICEN, reunido el 13 de abril, recomend\u00f3 la suspensi\u00f3n de la Asamblea\u201d.<\/p>\n<p>&nbsp;<\/p>\n<blockquote><p>En consecuencia, y por el voto un\u00e1nime de sus miembros, el Consejo Superior suspendi\u00f3 la Asamblea Universitaria del lunes.<\/p><\/blockquote>\n<p>&nbsp;<\/p>\n<p>Adem\u00e1s, el cuerpo dispuso que <strong>la Asamblea Universitaria que elegir\u00e1 al rector y vicerrector<\/strong> por el nuevo per\u00edodo de gesti\u00f3n,<strong> se lleve a cabo tentativamente el 28 de mayo<\/strong> pr\u00f3ximo y<strong> en forma virtual<\/strong>.<\/p>\n<p>&nbsp;<\/p>\n<p>Se dispuso que \u201cse arbitren para ello todos los medios que garanticen el derecho de las y los asamble\u00edstas a expresarse en la misma y cumplir con su mandato\u201d.<\/p>\n<p>&nbsp;<\/p>\n<p>Cabe recordar que d\u00edas pasados se eligieron<a href=\"https:\/\/cdnoticias.com\/index.php\/2021\/04\/14\/se-eligio-la-nueva-conduccion-en-la-facultad-de-ciencias-sociales\/\" target=\"_blank\" rel=\"noopener\"> nuevas autoridades para la Facultad de Ciencias Sociales<\/a> de la misma universidad, mientras que la elecci\u00f3n en la Facultad de Ingenier\u00eda se pospuso.<\/p>\n","protected":false},"excerpt":{"rendered":"<p>A su vez, se defini\u00f3 que la Asamblea Universitaria que definir\u00e1 la conducci\u00f3n se concretar\u00e1 en formato virtual. Se tuvo<\/p>\n","protected":false},"author":4,"featured_media":19022,"comment_status":"closed","ping_status":"closed","sticky":false,"template":"","format":"standard","meta":{"_jetpack_memberships_contains_paid_content":false,"footnotes":""},"categories":[5,1],"tags":[],"class_list":["post-19020","post","type-post","status-publish","format-standard","has-post-thumbnail","hentry","category-informacion-general","category-portada"],"jetpack_featured_media_url":"https:\/\/i0.wp.com\/cdnoticias.com\/wp-content\/uploads\/2021\/04\/unicen-superior-abra-tv.jpg?fit=901%2C501&ssl=1","jetpack_sharing_enabled":true,"_links":{"self":[{"href":"https:\/\/cdnoticias.com\/index.php\/wp-json\/wp\/v2\/posts\/19020","targetHints":{"allow":["GET"]}}],"collection":[{"href":"https:\/\/cdnoticias.com\/index.php\/wp-json\/wp\/v2\/posts"}],"about":[{"href":"https:\/\/cdnoticias.com\/index.php\/wp-json\/wp\/v2\/types\/post"}],"author":[{"embeddable":true,"href":"https:\/\/cdnoticias.com\/index.php\/wp-json\/wp\/v2\/users\/4"}],"replies":[{"embeddable":true,"href":"https:\/\/cdnoticias.com\/index.php\/wp-json\/wp\/v2\/comments?post=19020"}],"version-history":[{"count":0,"href":"https:\/\/cdnoticias.com\/index.php\/wp-json\/wp\/v2\/posts\/19020\/revisions"}],"wp:featuredmedia":[{"embeddable":true,"href":"https:\/\/cdnoticias.com\/index.php\/wp-json\/wp\/v2\/media\/19022"}],"wp:attachment":[{"href":"https:\/\/cdnoticias.com\/index.php\/wp-json\/wp\/v2\/media?parent=19020"}],"wp:term":[{"taxonomy":"category","embeddable":true,"href":"https:\/\/cdnoticias.com\/index.php\/wp-json\/wp\/v2\/categories?post=19020"},{"taxonomy":"post_tag","embeddable":true,"href":"https:\/\/cdnoticias.com\/index.php\/wp-json\/wp\/v2\/tags?post=19020"}],"curies":[{"name":"wp","href":"https:\/\/api.w.org\/{rel}","templated":true}]}}