{"id":190199,"date":"2025-12-11T17:02:04","date_gmt":"2025-12-11T20:02:04","guid":{"rendered":"https:\/\/cdnoticias.com\/?p=190199"},"modified":"2025-12-11T17:02:06","modified_gmt":"2025-12-11T20:02:06","slug":"el-intendente-visito-la-nueva-sede-del-hogar-de-talleres-protegidos","status":"publish","type":"post","link":"https:\/\/cdnoticias.com\/index.php\/2025\/12\/11\/el-intendente-visito-la-nueva-sede-del-hogar-de-talleres-protegidos\/","title":{"rendered":"El intendente visit\u00f3 la nueva sede del Hogar de Talleres Protegidos\u00a0"},"content":{"rendered":"\n<p>La sede fue inaugurada hace menos de un mes, y funciona como residencia permanente para personas con discapacidad.<\/p>\n\n\n\n<hr class=\"wp-block-separator aligncenter has-alpha-channel-opacity\"\/>\n\n\n\n<p>El<strong> intendente Maximiliano Wesner <\/strong>visit\u00f3 en la ma\u00f1ana de este jueves la <strong>nueva sede del Hogar de Talleres Protegidos,<\/strong> que fue <strong>inaugurada hace menos de un mes,<\/strong> y que funciona como<strong> residencia permanente para personas con discapacidad.<\/strong><\/p>\n\n\n\n<p><\/p>\n\n\n\n<p>En el predio ubicado sobre <strong>avenida Ituzaing\u00f3 Sur<\/strong>, el Intendente fue recibido por el titular de Talleres Protegidos <strong>Alberto Muia<\/strong> y el coordinador del Hogar <strong>Alejandro Maly,<\/strong> quienes comentaron c\u00f3mo se fue dando la adaptaci\u00f3n al nuevo hogar.<\/p>\n\n\n\n<p><\/p>\n\n\n\n<blockquote class=\"wp-block-quote is-layout-flow wp-block-quote-is-layout-flow\">\n<p>La historia de Talleres Protegidos se remonta hace casi 40 a\u00f1os atr\u00e1s, cuando un grupo de padres con ideas, empuje y una enorme voluntad comenz\u00f3 a so\u00f1ar con un futuro seguro para sus hijos, que en aquel entonces eran adolescentes.\u00a0<\/p>\n<\/blockquote>\n\n\n\n<p><\/p>\n\n\n\n<p>De ese impulso <strong>naci\u00f3 Talleres Protegidos, que abri\u00f3 sus puertas en noviembre de 1984<\/strong> con un grupo inicial de 10 operarios. Con el tiempo, esos sue\u00f1os crecieron y as\u00ed surgi\u00f3 la idea de crear un Hogar, que cont\u00f3 acompa\u00f1amiento de toda la sociedad, de las<strong> diferentes gestiones municipales,<\/strong> y se pudo construir un moderno edificio que actualmente alberga a una gran familia.<\/p>\n\n\n\n<p><\/p>\n\n\n\n<figure class=\"wp-block-image aligncenter size-full\"><img data-recalc-dims=\"1\" loading=\"lazy\" decoding=\"async\" width=\"800\" height=\"509\" src=\"https:\/\/i0.wp.com\/cdnoticias.com\/wp-content\/uploads\/2025\/12\/wesner-talleres-protegidos2.png?resize=800%2C509&#038;ssl=1\" alt=\"\" class=\"wp-image-190202\" srcset=\"https:\/\/i0.wp.com\/cdnoticias.com\/wp-content\/uploads\/2025\/12\/wesner-talleres-protegidos2.png?w=893&amp;ssl=1 893w, https:\/\/i0.wp.com\/cdnoticias.com\/wp-content\/uploads\/2025\/12\/wesner-talleres-protegidos2.png?resize=300%2C191&amp;ssl=1 300w, https:\/\/i0.wp.com\/cdnoticias.com\/wp-content\/uploads\/2025\/12\/wesner-talleres-protegidos2.png?resize=768%2C488&amp;ssl=1 768w\" sizes=\"auto, (max-width: 800px) 100vw, 800px\" \/><\/figure>\n\n\n\n<p><\/p>\n\n\n\n<blockquote class=\"wp-block-quote is-layout-flow wp-block-quote-is-layout-flow\">\n<p>El coordinador del Hogar Alejandro Maly destac\u00f3 que la adaptaci\u00f3n de los j\u00f3venes y residentes adultos se da en un espacio dedicado a promover su autonom\u00eda, ofreciendo los apoyos necesarios para fortalecer su independencia, con el acompa\u00f1amiento de un equipo interdisciplinario que cuenta con m\u00e9dico, psic\u00f3loga y trabajadora social, cuidadoras, personal de maestranza y cocineras.<\/p>\n<\/blockquote>\n\n\n\n<p><\/p>\n\n\n\n<p>En el marco de un clima de cotidianeidad familiar, el intendente Maximiliano Wesner comparti\u00f3 parte del inicio de la jornada con los y las residentes del Hogar, que comenzaban con las distintas tareas de la rutina, entre las que se encuentra la asistencia a los distintos talleres.<\/p>\n\n\n\n<p><\/p>\n\n\n\n<p>En el marco de la recorrida por el espacio, el Intendente estuvo acompa\u00f1ado por\u00a0 la secretaria de Desarrollo de la Comunidad <strong>Laura Gamberini, <\/strong>la subsecretaria de Desarrollo Social<strong> Mar\u00eda Jos\u00e9 Maidana <\/strong>y la directora de Discapacidad<strong> Laura Arbillaga.<\/strong><\/p>\n\n\n\n<p><\/p>\n\n\n\n<p><strong><em>\u201cLa adaptaci\u00f3n fue sorprendente. Nosotros ten\u00edamos muchas expectativas al respecto porque si bien todos los chicos que hoy est\u00e1n conviviendo aqu\u00ed, ya ven\u00edan sabiendo que se abr\u00eda un hogar, conoc\u00edan el hogar, pero bueno, una cosa es la teor\u00eda y una cosa es qu\u00e9 iba a pasar cuando estos chicos realmente est\u00e9n aqu\u00ed sin la supervisi\u00f3n de sus familiares con todos cuidadores y cuidadoras que son completamente nuevos para ellos\u201d<\/em><\/strong>, cont\u00f3 Maly, en el marco del encuentro.<\/p>\n\n\n\n<p><\/p>\n\n\n\n<figure class=\"wp-block-image aligncenter size-full\"><img data-recalc-dims=\"1\" loading=\"lazy\" decoding=\"async\" width=\"800\" height=\"537\" src=\"https:\/\/i0.wp.com\/cdnoticias.com\/wp-content\/uploads\/2025\/12\/wesner-talleres-protegidos3.jpg?resize=800%2C537&#038;ssl=1\" alt=\"\" class=\"wp-image-190201\" srcset=\"https:\/\/i0.wp.com\/cdnoticias.com\/wp-content\/uploads\/2025\/12\/wesner-talleres-protegidos3.jpg?w=900&amp;ssl=1 900w, https:\/\/i0.wp.com\/cdnoticias.com\/wp-content\/uploads\/2025\/12\/wesner-talleres-protegidos3.jpg?resize=300%2C201&amp;ssl=1 300w, https:\/\/i0.wp.com\/cdnoticias.com\/wp-content\/uploads\/2025\/12\/wesner-talleres-protegidos3.jpg?resize=768%2C515&amp;ssl=1 768w, https:\/\/i0.wp.com\/cdnoticias.com\/wp-content\/uploads\/2025\/12\/wesner-talleres-protegidos3.jpg?resize=272%2C182&amp;ssl=1 272w\" sizes=\"auto, (max-width: 800px) 100vw, 800px\" \/><\/figure>\n\n\n\n<p><\/p>\n\n\n\n<p>Asimismo tambi\u00e9n <strong>valor\u00f3 la importancia de los cuidadores <\/strong>en todo este proceso <em>\u201cla adaptaci\u00f3n fue maravillosa no solo de parte de los chicos, sino tambi\u00e9n de los cuidadores, que para ellos es una experiencia completamente nueva\u201d.<\/em><\/p>\n\n\n\n<p><\/p>\n\n\n\n<blockquote class=\"wp-block-quote is-layout-flow wp-block-quote-is-layout-flow\">\n<p>\u201cEl hogar era un edificio vac\u00edo en realidad y ahora con estos chicos adentro se form\u00f3 una familia\u201d, resumi\u00f3 el coordinador del Hogar.<\/p>\n<\/blockquote>\n\n\n\n<p><\/p>\n\n\n\n<p>De lunes a viernes los residentes del Hogar cumplen con su rutina habitual, son traslados a la sede de Talleres Protegidos donde all\u00ed <strong>desayunan, almuerzan y participan de los diferentes talleres, <\/strong>para luego<strong> regresar a la residencia<\/strong> donde realizan diferentes actividades diarias, bajo la supervisi\u00f3n y el<strong> cuidado de acompa\u00f1antes.<\/strong><\/p>\n\n\n\n<p><\/p>\n","protected":false},"excerpt":{"rendered":"<p>La sede fue inaugurada hace menos de un mes, y funciona como residencia permanente para personas con discapacidad. El intendente<\/p>\n","protected":false},"author":6,"featured_media":190203,"comment_status":"closed","ping_status":"closed","sticky":false,"template":"","format":"standard","meta":{"_jetpack_memberships_contains_paid_content":false,"footnotes":""},"categories":[5,1],"tags":[],"class_list":["post-190199","post","type-post","status-publish","format-standard","has-post-thumbnail","hentry","category-informacion-general","category-portada"],"jetpack_featured_media_url":"https:\/\/i0.wp.com\/cdnoticias.com\/wp-content\/uploads\/2025\/12\/wesner-talleres-protegidos1.jpg?fit=888%2C588&ssl=1","jetpack_sharing_enabled":true,"_links":{"self":[{"href":"https:\/\/cdnoticias.com\/index.php\/wp-json\/wp\/v2\/posts\/190199","targetHints":{"allow":["GET"]}}],"collection":[{"href":"https:\/\/cdnoticias.com\/index.php\/wp-json\/wp\/v2\/posts"}],"about":[{"href":"https:\/\/cdnoticias.com\/index.php\/wp-json\/wp\/v2\/types\/post"}],"author":[{"embeddable":true,"href":"https:\/\/cdnoticias.com\/index.php\/wp-json\/wp\/v2\/users\/6"}],"replies":[{"embeddable":true,"href":"https:\/\/cdnoticias.com\/index.php\/wp-json\/wp\/v2\/comments?post=190199"}],"version-history":[{"count":0,"href":"https:\/\/cdnoticias.com\/index.php\/wp-json\/wp\/v2\/posts\/190199\/revisions"}],"wp:featuredmedia":[{"embeddable":true,"href":"https:\/\/cdnoticias.com\/index.php\/wp-json\/wp\/v2\/media\/190203"}],"wp:attachment":[{"href":"https:\/\/cdnoticias.com\/index.php\/wp-json\/wp\/v2\/media?parent=190199"}],"wp:term":[{"taxonomy":"category","embeddable":true,"href":"https:\/\/cdnoticias.com\/index.php\/wp-json\/wp\/v2\/categories?post=190199"},{"taxonomy":"post_tag","embeddable":true,"href":"https:\/\/cdnoticias.com\/index.php\/wp-json\/wp\/v2\/tags?post=190199"}],"curies":[{"name":"wp","href":"https:\/\/api.w.org\/{rel}","templated":true}]}}