{"id":190194,"date":"2025-12-11T16:03:10","date_gmt":"2025-12-11T19:03:10","guid":{"rendered":"https:\/\/cdnoticias.com\/?p=190194"},"modified":"2025-12-11T18:32:59","modified_gmt":"2025-12-11T21:32:59","slug":"en-un-allanamiento-recuperaron-elementos-robados-en-tres-domicilios-de-olavarria","status":"publish","type":"post","link":"https:\/\/cdnoticias.com\/index.php\/2025\/12\/11\/en-un-allanamiento-recuperaron-elementos-robados-en-tres-domicilios-de-olavarria\/","title":{"rendered":"En un allanamiento recuperaron elementos robados en tres domicilios de Olavarr\u00eda"},"content":{"rendered":"<p>El operativo se concret\u00f3 este jueves en una vivienda del barrio Nicol\u00e1s Avellaneda. Hay un imputado de 29 a\u00f1os quien continuar\u00e1 en libertad.<!--more--><\/p>\n<hr \/>\n<p>En un <strong>allanamiento que se concret\u00f3 durante este jueves<\/strong> en Olavarr\u00eda se recuperaron<strong> elementos robados en tres domicilios<\/strong> de la ciudad. Los hechos -caratulados \u201churto\u201d en dos casos y \u201crobo\u201d en uno de ellos- se registraron en las \u00faltimas semanas.<\/p>\n<p>Las averiguaciones se iniciaron desde la <strong>Comisar\u00eda Segunda el 28 de noviembre<\/strong> tras la <strong>denuncia de un robo en Celestino Mu\u00f1oz al 1600<\/strong>. Lo sustra\u00eddo fue <strong>un televisor, un comando de consola, prendas de vestir y una garrafa<\/strong>. Con las tareas del Grupo T\u00e9cnico Operativo <strong>se logr\u00f3 establecer la autor\u00eda del hecho<\/strong>, lo que deriv\u00f3 en la orden de allanamiento solicitada por la <strong>UFI N\u00ba 4.<\/strong><\/p>\n<blockquote><p>De esa manera, este jueves personal policial realiz\u00f3 el procedimiento en una vivienda de la zona de Laprida al 100, donde reside un hombre de 29 a\u00f1os quien qued\u00f3 imputado por los tres hechos delictivos de \u201churto\u201d y \u201crobo\u201d.<\/p><\/blockquote>\n<p>Durante el operativo, desarrollado con colaboraci\u00f3n de personal de Polic\u00eda Local, el<strong> resultado fue calificado como \u201caltamente positivo\u201d<\/strong>. Se concret\u00f3 el <strong>secuestro de un televisor de 32 pulgadas, ocho remeras, un comando de consola de celular y una garrafa de 10 kilos<\/strong>, elementos correspondientes a los hechos investigados. Tambi\u00e9n se incaut\u00f3 <strong>un tel\u00e9fono celular para pericias<\/strong>.<\/p>\n<p>A su vez, en el mismo domicilio se secuestr\u00f3 <strong>una caja de herramientas vinculada a otra causa por hurto<\/strong> con intervenci\u00f3n de la UFI N\u00ba 7, as\u00ed como<strong> una motosierra relacionada a una investigaci\u00f3n por robo<\/strong> en tr\u00e1mite ante la UFI N\u00ba 10.<\/p>\n<p>Por disposici\u00f3n judicial, el hombre fue notificado de la formaci\u00f3n de causa en los tres hechos, en los t\u00e9rminos del art\u00edculo 60 del C\u00f3digo Procesal Penal. <strong>Continuar\u00e1 el proceso en libertad.<\/strong><\/p>\n","protected":false},"excerpt":{"rendered":"<p>El operativo se concret\u00f3 este jueves en una vivienda del barrio Nicol\u00e1s Avellaneda. Hay un imputado de 29 a\u00f1os quien<\/p>\n","protected":false},"author":4,"featured_media":190195,"comment_status":"closed","ping_status":"closed","sticky":false,"template":"","format":"standard","meta":{"_jetpack_memberships_contains_paid_content":false,"footnotes":""},"categories":[14,1],"tags":[],"class_list":["post-190194","post","type-post","status-publish","format-standard","has-post-thumbnail","hentry","category-policiales","category-portada"],"jetpack_featured_media_url":"https:\/\/i0.wp.com\/cdnoticias.com\/wp-content\/uploads\/2025\/12\/laprida-al-100-allanamiento-A.jpg?fit=1000%2C556&ssl=1","jetpack_sharing_enabled":true,"_links":{"self":[{"href":"https:\/\/cdnoticias.com\/index.php\/wp-json\/wp\/v2\/posts\/190194","targetHints":{"allow":["GET"]}}],"collection":[{"href":"https:\/\/cdnoticias.com\/index.php\/wp-json\/wp\/v2\/posts"}],"about":[{"href":"https:\/\/cdnoticias.com\/index.php\/wp-json\/wp\/v2\/types\/post"}],"author":[{"embeddable":true,"href":"https:\/\/cdnoticias.com\/index.php\/wp-json\/wp\/v2\/users\/4"}],"replies":[{"embeddable":true,"href":"https:\/\/cdnoticias.com\/index.php\/wp-json\/wp\/v2\/comments?post=190194"}],"version-history":[{"count":0,"href":"https:\/\/cdnoticias.com\/index.php\/wp-json\/wp\/v2\/posts\/190194\/revisions"}],"wp:featuredmedia":[{"embeddable":true,"href":"https:\/\/cdnoticias.com\/index.php\/wp-json\/wp\/v2\/media\/190195"}],"wp:attachment":[{"href":"https:\/\/cdnoticias.com\/index.php\/wp-json\/wp\/v2\/media?parent=190194"}],"wp:term":[{"taxonomy":"category","embeddable":true,"href":"https:\/\/cdnoticias.com\/index.php\/wp-json\/wp\/v2\/categories?post=190194"},{"taxonomy":"post_tag","embeddable":true,"href":"https:\/\/cdnoticias.com\/index.php\/wp-json\/wp\/v2\/tags?post=190194"}],"curies":[{"name":"wp","href":"https:\/\/api.w.org\/{rel}","templated":true}]}}