{"id":190189,"date":"2025-12-11T14:57:26","date_gmt":"2025-12-11T17:57:26","guid":{"rendered":"https:\/\/cdnoticias.com\/?p=190189"},"modified":"2025-12-11T18:02:18","modified_gmt":"2025-12-11T21:02:18","slug":"mercados-bonaerenses-comercializo-mas-de-60-millones-de-pesos-en-olavarria","status":"publish","type":"post","link":"https:\/\/cdnoticias.com\/index.php\/2025\/12\/11\/mercados-bonaerenses-comercializo-mas-de-60-millones-de-pesos-en-olavarria\/","title":{"rendered":"Mercados Bonaerenses comercializ\u00f3 m\u00e1s de 60 millones de pesos en Olavarr\u00eda"},"content":{"rendered":"<p>El Municipio brind\u00f3 datos de las 16 ferias realizadas en 2025. El intendente Wesner encabez\u00f3 un encuentro con emprendedores.<!--more--><\/p>\n<hr \/>\n<p>La<strong> sala de reuniones del Palacio Municipal<\/strong> fue la sede elegida para un encuentro que fue encabezado por e<strong>l intendente Maximiliano Wesner<\/strong> y que cont\u00f3 con la participaci\u00f3n de referentes de la <strong>Secretar\u00eda de Desarrollo Econ\u00f3mico y Productivo<\/strong> e integrantes de los <strong>Programas Mercados Bonaerenses y Sello Olavarriense<\/strong>, propuesta que son desplegadas en nuestro partido con el objetivo de <strong>visibilizar los productos elaborados por vecinos y vecinas de Olavarr\u00eda<\/strong>, y brindarles espacios de promoci\u00f3n y comercializaci\u00f3n que les permita su desarrollo.<\/p>\n<p>El jefe comunal agradeci\u00f3 a los emprendedores presentes por su asistencia y agreg\u00f3 <strong>\u201cagradecerle tambi\u00e9n al equipo por el trabajo, por motorizar esta pol\u00edtica p\u00fablica<\/strong>, que para nosotros es m\u00e1s que importante, y no solamente por ustedes que son los protagonistas, sino por <strong>tantos vecinos que esperan este paseo de mercado de cercan\u00eda que proponemos<\/strong> y que ofrecemos durante todo el a\u00f1o\u201d. Estuvieron asimismo el secretario de Desarrollo Econ\u00f3mico y Productivo Pablo Di Uono, el subsecretario de Empresas e Inversiones Bernardo Baldino, la coordinadora de Econom\u00eda Popular Solange Rivarola Vales.<\/p>\n<blockquote><p>\u201cEsta mesa tiene que ser un puntapi\u00e9 para poder reforzar y mejorar de cara al 2026. Tenemos la obligaci\u00f3n como Municipio, de no quedarnos quietos, sino motorizar y potenciar las ventas, que eso luego va a motorizar y potenciar su producci\u00f3n. Eso es lo que pone en valor la transformaci\u00f3n de la materia, el agregado de valor, el poder reconocer y forjar nuestra identidad olavarriense desde la producci\u00f3n\u201d, a\u00f1adi\u00f3 el jefe comunal.<\/p><\/blockquote>\n<p><img data-recalc-dims=\"1\" loading=\"lazy\" decoding=\"async\" class=\"alignnone size-full wp-image-190190 aligncenter\" src=\"https:\/\/i0.wp.com\/cdnoticias.com\/wp-content\/uploads\/2025\/12\/Reunion-Mercados-Bonaerenses-Sello-Olavarriense-02.jpg?resize=800%2C445&#038;ssl=1\" alt=\"\" width=\"800\" height=\"445\" srcset=\"https:\/\/i0.wp.com\/cdnoticias.com\/wp-content\/uploads\/2025\/12\/Reunion-Mercados-Bonaerenses-Sello-Olavarriense-02.jpg?w=1000&amp;ssl=1 1000w, https:\/\/i0.wp.com\/cdnoticias.com\/wp-content\/uploads\/2025\/12\/Reunion-Mercados-Bonaerenses-Sello-Olavarriense-02.jpg?resize=300%2C167&amp;ssl=1 300w, https:\/\/i0.wp.com\/cdnoticias.com\/wp-content\/uploads\/2025\/12\/Reunion-Mercados-Bonaerenses-Sello-Olavarriense-02.jpg?resize=768%2C427&amp;ssl=1 768w, https:\/\/i0.wp.com\/cdnoticias.com\/wp-content\/uploads\/2025\/12\/Reunion-Mercados-Bonaerenses-Sello-Olavarriense-02.jpg?resize=800%2C445&amp;ssl=1 800w\" sizes=\"auto, (max-width: 800px) 100vw, 800px\" \/><\/p>\n<p>En ese sentido, se trat\u00f3 de un espacio de di\u00e1logo e intercambio, en el que <strong>cada emprendedor narr\u00f3 su experiencia<\/strong>, pero tambi\u00e9n acerc\u00f3 <strong>inquietudes e ideas<\/strong> para poder desplegar al corto plazo, siempre en pos de robustecer estos programas. \u201cPoder comulgar esto, poner en com\u00fan, pensar estrategias, acciones, para que <em>desde nuestra secretar\u00eda podamos fortalecer y potenciar esto, que sin lugar a dudas vino para quedarse, pero tambi\u00e9n a no quedarse quieto. Tenemos que trabajar para lo que viene\u201d<\/em>, agreg\u00f3 Wesner.<\/p>\n<h3>El movimiento econ\u00f3mico<\/h3>\n<p>En la ocasi\u00f3n se llev\u00f3 a cabo <strong>una presentaci\u00f3n que incluy\u00f3 datos certeros acerca de la actividad de Mercados Bonaerenses<\/strong>, en materia de cantidad de ediciones realizadas tanto este a\u00f1o como en el 2024, como as\u00ed tambi\u00e9n \u00edndices de venta y participaci\u00f3n. <em>\u201cLos datos nos permiten generar herramientas directas, la idea es sostener esta informaci\u00f3n que nos brindan\u201d<\/em>, expres\u00f3 Bernardo Baldino.<\/p>\n<blockquote><p>En el minucioso informe se detall\u00f3 que en el corriente a\u00f1o se realizaron un total de 16 ferias, con un movimiento econ\u00f3mico de 63.515.703 pesos. El promedio de cada compra fue de 31.383 pesos.<\/p><\/blockquote>\n<p><img data-recalc-dims=\"1\" loading=\"lazy\" decoding=\"async\" class=\"alignnone size-full wp-image-190192\" src=\"https:\/\/i0.wp.com\/cdnoticias.com\/wp-content\/uploads\/2025\/12\/Reunion-Mercados-Bonaerenses-Sello-Olavarriense-01.jpg?resize=800%2C445&#038;ssl=1\" alt=\"\" width=\"800\" height=\"445\" srcset=\"https:\/\/i0.wp.com\/cdnoticias.com\/wp-content\/uploads\/2025\/12\/Reunion-Mercados-Bonaerenses-Sello-Olavarriense-01.jpg?w=1000&amp;ssl=1 1000w, https:\/\/i0.wp.com\/cdnoticias.com\/wp-content\/uploads\/2025\/12\/Reunion-Mercados-Bonaerenses-Sello-Olavarriense-01.jpg?resize=300%2C167&amp;ssl=1 300w, https:\/\/i0.wp.com\/cdnoticias.com\/wp-content\/uploads\/2025\/12\/Reunion-Mercados-Bonaerenses-Sello-Olavarriense-01.jpg?resize=768%2C427&amp;ssl=1 768w, https:\/\/i0.wp.com\/cdnoticias.com\/wp-content\/uploads\/2025\/12\/Reunion-Mercados-Bonaerenses-Sello-Olavarriense-01.jpg?resize=800%2C445&amp;ssl=1 800w\" sizes=\"auto, (max-width: 800px) 100vw, 800px\" \/><\/p>\n<p>Se destac\u00f3 por \u00faltimo que de cada encuentro participaron <strong>rubros<\/strong> tales como quesos, huerta, plantas, verduler\u00eda, panificados y alfajores, que suelen ser de los m\u00e1s requeridos en cada jornada, pero tambi\u00e9n se destaca la participaci\u00f3n de emprendedores de cervezas y gin artesanal, productos agroecol\u00f3gicos, sin TAAC, miel y mermeladas.<\/p>\n<p><strong>\u201cSon herramientas para que se sientan acompa\u00f1ados. Vayan a la Secretar\u00eda\u201d, invit\u00f3 Di Uono<\/strong>, quien detall\u00f3 adem\u00e1s las posibilidades de asistencia desde el \u00e1rea comprende de un espectro mucho m\u00e1s amplio, como lo son por ejemplo las l\u00edneas de cr\u00e9dito o la incubaci\u00f3n de proyectos, una asistencia integral que comprende de capacitaciones, asesoramiento para la regularizaci\u00f3n y formalizaci\u00f3n, como as\u00ed tambi\u00e9n la convocatoria para participar y tener visibilidad en distintos espacios, tanto ferias o eventos organizadas desde el Municipio, como as\u00ed tambi\u00e9n desarrollos particulares y privados.<\/p>\n","protected":false},"excerpt":{"rendered":"<p>El Municipio brind\u00f3 datos de las 16 ferias realizadas en 2025. El intendente Wesner encabez\u00f3 un encuentro con emprendedores.<\/p>\n","protected":false},"author":4,"featured_media":190191,"comment_status":"closed","ping_status":"closed","sticky":false,"template":"","format":"standard","meta":{"_jetpack_memberships_contains_paid_content":false,"footnotes":""},"categories":[5,1],"tags":[],"class_list":["post-190189","post","type-post","status-publish","format-standard","has-post-thumbnail","hentry","category-informacion-general","category-portada"],"jetpack_featured_media_url":"https:\/\/i0.wp.com\/cdnoticias.com\/wp-content\/uploads\/2025\/12\/Reunion-Mercados-Bonaerenses-Sello-Olavarriense-00.jpg?fit=1000%2C556&ssl=1","jetpack_sharing_enabled":true,"_links":{"self":[{"href":"https:\/\/cdnoticias.com\/index.php\/wp-json\/wp\/v2\/posts\/190189","targetHints":{"allow":["GET"]}}],"collection":[{"href":"https:\/\/cdnoticias.com\/index.php\/wp-json\/wp\/v2\/posts"}],"about":[{"href":"https:\/\/cdnoticias.com\/index.php\/wp-json\/wp\/v2\/types\/post"}],"author":[{"embeddable":true,"href":"https:\/\/cdnoticias.com\/index.php\/wp-json\/wp\/v2\/users\/4"}],"replies":[{"embeddable":true,"href":"https:\/\/cdnoticias.com\/index.php\/wp-json\/wp\/v2\/comments?post=190189"}],"version-history":[{"count":0,"href":"https:\/\/cdnoticias.com\/index.php\/wp-json\/wp\/v2\/posts\/190189\/revisions"}],"wp:featuredmedia":[{"embeddable":true,"href":"https:\/\/cdnoticias.com\/index.php\/wp-json\/wp\/v2\/media\/190191"}],"wp:attachment":[{"href":"https:\/\/cdnoticias.com\/index.php\/wp-json\/wp\/v2\/media?parent=190189"}],"wp:term":[{"taxonomy":"category","embeddable":true,"href":"https:\/\/cdnoticias.com\/index.php\/wp-json\/wp\/v2\/categories?post=190189"},{"taxonomy":"post_tag","embeddable":true,"href":"https:\/\/cdnoticias.com\/index.php\/wp-json\/wp\/v2\/tags?post=190189"}],"curies":[{"name":"wp","href":"https:\/\/api.w.org\/{rel}","templated":true}]}}