{"id":190186,"date":"2025-12-11T16:31:37","date_gmt":"2025-12-11T19:31:37","guid":{"rendered":"https:\/\/cdnoticias.com\/?p=190186"},"modified":"2025-12-11T16:31:39","modified_gmt":"2025-12-11T19:31:39","slug":"reunion-de-coordinadores-de-juventud-de-la-libertad-avanza","status":"publish","type":"post","link":"https:\/\/cdnoticias.com\/index.php\/2025\/12\/11\/reunion-de-coordinadores-de-juventud-de-la-libertad-avanza\/","title":{"rendered":"Reuni\u00f3n de coordinadores de Juventud de La Libertad Avanza"},"content":{"rendered":"<p>Los referentes del \u201cparejismo\u201d y de Las Fuerzas del Cielo mantuvieron un encuentro este jueves.<!--more--><\/p>\n<hr \/>\n<p>Este jueves, <strong>los referentes de La Libertad Avanza de Olavarr\u00eda<\/strong> se reunieron con <strong>Blas Chazarreta, nuevo Coordinador de la Juventud PBA<\/strong>, referenciado en Sebasti\u00e1n Pareja y <strong>Luca Spitale, coordinador de Las Fuerzas del Cielo<\/strong>, desde septiembre de este a\u00f1o. <a href=\"https:\/\/cdnoticias.com\/index.php\/2025\/12\/09\/designaron-nuevo-coordinador-de-la-juventud-de-la-libertad-avanza\/\" target=\"_blank\" rel=\"noopener\">La designaci\u00f3n de Chazarreta se conoci\u00f3 en los \u00faltimos d\u00edas<\/a>.<\/p>\n<blockquote><p>\u201cDurante la reuni\u00f3n, se diagramaron las bases de trabajo conjuntas y se acordaron las formas de di\u00e1logo y unidad, reafirmando el compromiso con las ideas del Presidente Javier Milei\u201d se detall\u00f3.<\/p><\/blockquote>\n<p>Asimismo, se destac\u00f3 que <strong>\u201cla reuni\u00f3n cont\u00f3 con la presencia de referentes de La Libertad Avanza Olavarr\u00eda<\/strong> y se centr\u00f3 en fortalecer la unidad y el trabajo en conjunto para seguir adelante con los objetivos del espacio\u201d.<\/p>\n","protected":false},"excerpt":{"rendered":"<p>Los referentes del \u201cparejismo\u201d y de Las Fuerzas del Cielo mantuvieron un encuentro este jueves.<\/p>\n","protected":false},"author":4,"featured_media":190187,"comment_status":"closed","ping_status":"closed","sticky":false,"template":"","format":"standard","meta":{"_jetpack_memberships_contains_paid_content":false,"footnotes":""},"categories":[4,1],"tags":[],"class_list":["post-190186","post","type-post","status-publish","format-standard","has-post-thumbnail","hentry","category-politica","category-portada"],"jetpack_featured_media_url":"https:\/\/i0.wp.com\/cdnoticias.com\/wp-content\/uploads\/2025\/12\/juventud-la-libertad-avanza.jpg?fit=1000%2C556&ssl=1","jetpack_sharing_enabled":true,"_links":{"self":[{"href":"https:\/\/cdnoticias.com\/index.php\/wp-json\/wp\/v2\/posts\/190186","targetHints":{"allow":["GET"]}}],"collection":[{"href":"https:\/\/cdnoticias.com\/index.php\/wp-json\/wp\/v2\/posts"}],"about":[{"href":"https:\/\/cdnoticias.com\/index.php\/wp-json\/wp\/v2\/types\/post"}],"author":[{"embeddable":true,"href":"https:\/\/cdnoticias.com\/index.php\/wp-json\/wp\/v2\/users\/4"}],"replies":[{"embeddable":true,"href":"https:\/\/cdnoticias.com\/index.php\/wp-json\/wp\/v2\/comments?post=190186"}],"version-history":[{"count":0,"href":"https:\/\/cdnoticias.com\/index.php\/wp-json\/wp\/v2\/posts\/190186\/revisions"}],"wp:featuredmedia":[{"embeddable":true,"href":"https:\/\/cdnoticias.com\/index.php\/wp-json\/wp\/v2\/media\/190187"}],"wp:attachment":[{"href":"https:\/\/cdnoticias.com\/index.php\/wp-json\/wp\/v2\/media?parent=190186"}],"wp:term":[{"taxonomy":"category","embeddable":true,"href":"https:\/\/cdnoticias.com\/index.php\/wp-json\/wp\/v2\/categories?post=190186"},{"taxonomy":"post_tag","embeddable":true,"href":"https:\/\/cdnoticias.com\/index.php\/wp-json\/wp\/v2\/tags?post=190186"}],"curies":[{"name":"wp","href":"https:\/\/api.w.org\/{rel}","templated":true}]}}