{"id":190168,"date":"2025-12-11T12:21:02","date_gmt":"2025-12-11T15:21:02","guid":{"rendered":"https:\/\/cdnoticias.com\/?p=190168"},"modified":"2025-12-11T12:39:58","modified_gmt":"2025-12-11T15:39:58","slug":"se-aprobo-la-ordenanza-preparatoria-para-el-programa-de-lucha-contra-la-tucura","status":"publish","type":"post","link":"https:\/\/cdnoticias.com\/index.php\/2025\/12\/11\/se-aprobo-la-ordenanza-preparatoria-para-el-programa-de-lucha-contra-la-tucura\/","title":{"rendered":"Se aprob\u00f3 la Ordenanza Preparatoria para el programa de Lucha contra la Tucura"},"content":{"rendered":"<p>Sesion\u00f3 el Concejo Deliberante que aprob\u00f3 la licencia del Intendente y su reemplazo, adem\u00e1s de modificar el listado de mayores contribuyentes. El 23 de diciembre se tratar\u00e1 el Presupuesto 2026 en sesi\u00f3n.<!--more--><\/p>\n<hr \/>\n<p>El <strong>Honorable Concejo Deliberante de Olavarr\u00eda<\/strong> sancion\u00f3 este jueves en<strong> sesi\u00f3n extraordinaria<\/strong> la ordenanza preparatoria para la implementaci\u00f3n del <strong>Programa de Lucha contra la Tucura durante el per\u00edodo 2025\/2026<\/strong>.<\/p>\n<p>Tambi\u00e9n se aprob\u00f3 por mayor\u00eda la<strong> readecuaci\u00f3n del listado de mayores contribuyentes para el periodo 2025-2026<\/strong>, <a href=\"https:\/\/cdnoticias.com\/index.php\/2025\/12\/11\/cambio-el-listado-de-mayores-contribuyentes-ucr-planteo-dudas-por-el-apuro-del-oficialismo\/\" target=\"_blank\" rel=\"noopener\">tema sobre el cual la UCR plante\u00f3 \u201cpreocupaci\u00f3n\u201d<\/a>.<\/p>\n<p><img data-recalc-dims=\"1\" loading=\"lazy\" decoding=\"async\" class=\"alignnone size-full wp-image-190170 aligncenter\" src=\"https:\/\/i0.wp.com\/cdnoticias.com\/wp-content\/uploads\/2025\/12\/hcd-sesion-extraordinaria-01.jpg?resize=800%2C450&#038;ssl=1\" alt=\"\" width=\"800\" height=\"450\" srcset=\"https:\/\/i0.wp.com\/cdnoticias.com\/wp-content\/uploads\/2025\/12\/hcd-sesion-extraordinaria-01.jpg?w=1000&amp;ssl=1 1000w, https:\/\/i0.wp.com\/cdnoticias.com\/wp-content\/uploads\/2025\/12\/hcd-sesion-extraordinaria-01.jpg?resize=300%2C169&amp;ssl=1 300w, https:\/\/i0.wp.com\/cdnoticias.com\/wp-content\/uploads\/2025\/12\/hcd-sesion-extraordinaria-01.jpg?resize=768%2C432&amp;ssl=1 768w\" sizes=\"auto, (max-width: 800px) 100vw, 800px\" \/><\/p>\n<p><img data-recalc-dims=\"1\" loading=\"lazy\" decoding=\"async\" class=\"alignnone size-full wp-image-190169 aligncenter\" src=\"https:\/\/i0.wp.com\/cdnoticias.com\/wp-content\/uploads\/2025\/12\/hcd-sesion-extraordinaria-00.jpg?resize=800%2C450&#038;ssl=1\" alt=\"\" width=\"800\" height=\"450\" srcset=\"https:\/\/i0.wp.com\/cdnoticias.com\/wp-content\/uploads\/2025\/12\/hcd-sesion-extraordinaria-00.jpg?w=1000&amp;ssl=1 1000w, https:\/\/i0.wp.com\/cdnoticias.com\/wp-content\/uploads\/2025\/12\/hcd-sesion-extraordinaria-00.jpg?resize=300%2C169&amp;ssl=1 300w, https:\/\/i0.wp.com\/cdnoticias.com\/wp-content\/uploads\/2025\/12\/hcd-sesion-extraordinaria-00.jpg?resize=768%2C432&amp;ssl=1 768w\" sizes=\"auto, (max-width: 800px) 100vw, 800px\" \/><\/p>\n<p>Durante la jornada tambi\u00e9n se realiz\u00f3 una sesi\u00f3n especial en la que el cuerpo<strong> aprob\u00f3 el pedido de licencia del intendente municipal Maximiliano Wesner desde el 5 hasta el 18 de enero del 2026<\/strong>. Para ese mismo lapso se habilitaron la licencia del <strong>concejal Federico Aguilera<\/strong> a fin de que asuma como<strong> intendente interino<\/strong> y la incorporaci\u00f3n en su <strong>reemplazo del concejal suplente Jorge Garaiz<\/strong>.<\/p>\n<p>Cabe informar que en la \u00faltima reuni\u00f3n de Comisi\u00f3n de Labor Parlamentaria se acord\u00f3 <strong>convocar para el martes 23 de diciembre a una nueva sesi\u00f3n extraordinaria<\/strong> para el tratamiento del <strong>Presupuesto General de Gastos &#8211; ejercicio 2026<\/strong> y el tratamiento en Asamblea de Concejales y Mayores Contribuyentes de la ordenanza para la <strong>implementaci\u00f3n del Programa de Lucha contra la Tucura<\/strong>.<\/p>\n<p>Ese <strong>mismo d\u00eda<\/strong>, tendr\u00e1 lugar la<strong> exposici\u00f3n del informe de gesti\u00f3n anual<\/strong> en el marco de la <strong>ordenanza 4452\/20<\/strong> a cargo de la<strong> jefa de Gabinete, Mercedes Land\u00edvar.<\/strong><\/p>\n<p style=\"text-align: center;\"><img data-recalc-dims=\"1\" loading=\"lazy\" decoding=\"async\" class=\"alignnone size-full wp-image-190172\" src=\"https:\/\/i0.wp.com\/cdnoticias.com\/wp-content\/uploads\/2025\/12\/hcd-sesion-extraordinaria-03.jpg?resize=800%2C445&#038;ssl=1\" alt=\"\" width=\"800\" height=\"445\" srcset=\"https:\/\/i0.wp.com\/cdnoticias.com\/wp-content\/uploads\/2025\/12\/hcd-sesion-extraordinaria-03.jpg?w=1000&amp;ssl=1 1000w, https:\/\/i0.wp.com\/cdnoticias.com\/wp-content\/uploads\/2025\/12\/hcd-sesion-extraordinaria-03.jpg?resize=300%2C167&amp;ssl=1 300w, https:\/\/i0.wp.com\/cdnoticias.com\/wp-content\/uploads\/2025\/12\/hcd-sesion-extraordinaria-03.jpg?resize=768%2C427&amp;ssl=1 768w, https:\/\/i0.wp.com\/cdnoticias.com\/wp-content\/uploads\/2025\/12\/hcd-sesion-extraordinaria-03.jpg?resize=800%2C445&amp;ssl=1 800w\" sizes=\"auto, (max-width: 800px) 100vw, 800px\" \/><\/p>\n<p style=\"text-align: center;\"><img data-recalc-dims=\"1\" loading=\"lazy\" decoding=\"async\" class=\"alignnone size-full wp-image-190173\" src=\"https:\/\/i0.wp.com\/cdnoticias.com\/wp-content\/uploads\/2025\/12\/hcd-sesion-extraordinaria-04.jpg?resize=800%2C446&#038;ssl=1\" alt=\"\" width=\"800\" height=\"446\" srcset=\"https:\/\/i0.wp.com\/cdnoticias.com\/wp-content\/uploads\/2025\/12\/hcd-sesion-extraordinaria-04.jpg?w=1000&amp;ssl=1 1000w, https:\/\/i0.wp.com\/cdnoticias.com\/wp-content\/uploads\/2025\/12\/hcd-sesion-extraordinaria-04.jpg?resize=300%2C167&amp;ssl=1 300w, https:\/\/i0.wp.com\/cdnoticias.com\/wp-content\/uploads\/2025\/12\/hcd-sesion-extraordinaria-04.jpg?resize=768%2C428&amp;ssl=1 768w, https:\/\/i0.wp.com\/cdnoticias.com\/wp-content\/uploads\/2025\/12\/hcd-sesion-extraordinaria-04.jpg?resize=800%2C445&amp;ssl=1 800w\" sizes=\"auto, (max-width: 800px) 100vw, 800px\" \/><\/p>\n","protected":false},"excerpt":{"rendered":"<p>Sesion\u00f3 el Concejo Deliberante que aprob\u00f3 la licencia del Intendente y su reemplazo, adem\u00e1s de modificar el listado de mayores<\/p>\n","protected":false},"author":4,"featured_media":190171,"comment_status":"closed","ping_status":"closed","sticky":false,"template":"","format":"standard","meta":{"_jetpack_memberships_contains_paid_content":false,"footnotes":""},"categories":[4,1],"tags":[],"class_list":["post-190168","post","type-post","status-publish","format-standard","has-post-thumbnail","hentry","category-politica","category-portada"],"jetpack_featured_media_url":"https:\/\/i0.wp.com\/cdnoticias.com\/wp-content\/uploads\/2025\/12\/hcd-sesion-extraordinaria-02.jpg?fit=1000%2C563&ssl=1","jetpack_sharing_enabled":true,"_links":{"self":[{"href":"https:\/\/cdnoticias.com\/index.php\/wp-json\/wp\/v2\/posts\/190168","targetHints":{"allow":["GET"]}}],"collection":[{"href":"https:\/\/cdnoticias.com\/index.php\/wp-json\/wp\/v2\/posts"}],"about":[{"href":"https:\/\/cdnoticias.com\/index.php\/wp-json\/wp\/v2\/types\/post"}],"author":[{"embeddable":true,"href":"https:\/\/cdnoticias.com\/index.php\/wp-json\/wp\/v2\/users\/4"}],"replies":[{"embeddable":true,"href":"https:\/\/cdnoticias.com\/index.php\/wp-json\/wp\/v2\/comments?post=190168"}],"version-history":[{"count":0,"href":"https:\/\/cdnoticias.com\/index.php\/wp-json\/wp\/v2\/posts\/190168\/revisions"}],"wp:featuredmedia":[{"embeddable":true,"href":"https:\/\/cdnoticias.com\/index.php\/wp-json\/wp\/v2\/media\/190171"}],"wp:attachment":[{"href":"https:\/\/cdnoticias.com\/index.php\/wp-json\/wp\/v2\/media?parent=190168"}],"wp:term":[{"taxonomy":"category","embeddable":true,"href":"https:\/\/cdnoticias.com\/index.php\/wp-json\/wp\/v2\/categories?post=190168"},{"taxonomy":"post_tag","embeddable":true,"href":"https:\/\/cdnoticias.com\/index.php\/wp-json\/wp\/v2\/tags?post=190168"}],"curies":[{"name":"wp","href":"https:\/\/api.w.org\/{rel}","templated":true}]}}